{"id":92464,"date":"2019-05-07T11:41:21","date_gmt":"2019-05-07T14:41:21","guid":{"rendered":"http:\/\/www.hoymercedes.com.ar\/principal\/?p=92464"},"modified":"2019-05-07T10:04:24","modified_gmt":"2019-05-07T13:04:24","slug":"vibrantes-encuentros-hacia-las-clasificaciones-al-regional","status":"publish","type":"post","link":"https:\/\/www.hoymercedes.com.ar\/principal\/2019\/05\/07\/vibrantes-encuentros-hacia-las-clasificaciones-al-regional\/","title":{"rendered":"Vibrantes encuentros hacia las clasificaciones al regional"},"content":{"rendered":"\n<p>Zona Roja y Tamo Activo los m\u00e1s beneficiados en sus respectivos partidos. Cada match es una verdadera batalla, y los planteles participantes dejan todo.<\/p>\n\n\n\n<figure class=\"wp-block-image\"><img loading=\"lazy\" decoding=\"async\" width=\"1024\" height=\"768\" data-attachment-id=\"92465\" data-permalink=\"https:\/\/www.hoymercedes.com.ar\/principal\/2019\/05\/07\/vibrantes-encuentros-hacia-las-clasificaciones-al-regional\/tamo-activo-jpg\/#main\" data-orig-file=\"https:\/\/www.hoymercedes.com.ar\/principal\/wp-content\/uploads\/2019\/05\/tamo-activo.-jpg.jpg\" data-orig-size=\"2080,1560\" data-comments-opened=\"0\" data-image-meta=\"{&quot;aperture&quot;:&quot;0&quot;,&quot;credit&quot;:&quot;&quot;,&quot;camera&quot;:&quot;&quot;,&quot;caption&quot;:&quot;&quot;,&quot;created_timestamp&quot;:&quot;0&quot;,&quot;copyright&quot;:&quot;&quot;,&quot;focal_length&quot;:&quot;0&quot;,&quot;iso&quot;:&quot;0&quot;,&quot;shutter_speed&quot;:&quot;0&quot;,&quot;title&quot;:&quot;&quot;,&quot;orientation&quot;:&quot;0&quot;}\" data-image-title=\"tamo activo. jpg\" data-image-description=\"\" data-image-caption=\"\" data-large-file=\"https:\/\/www.hoymercedes.com.ar\/principal\/wp-content\/uploads\/2019\/05\/tamo-activo.-jpg-1024x768.jpg\" src=\"https:\/\/www.hoymercedes.com.ar\/principal\/wp-content\/uploads\/2019\/05\/tamo-activo.-jpg-1024x768.jpg\" alt=\"\" class=\"wp-image-92465\" srcset=\"https:\/\/www.hoymercedes.com.ar\/principal\/wp-content\/uploads\/2019\/05\/tamo-activo.-jpg-1024x768.jpg 1024w, https:\/\/www.hoymercedes.com.ar\/principal\/wp-content\/uploads\/2019\/05\/tamo-activo.-jpg-150x113.jpg 150w, https:\/\/www.hoymercedes.com.ar\/principal\/wp-content\/uploads\/2019\/05\/tamo-activo.-jpg-630x473.jpg 630w, https:\/\/www.hoymercedes.com.ar\/principal\/wp-content\/uploads\/2019\/05\/tamo-activo.-jpg-320x240.jpg 320w, https:\/\/www.hoymercedes.com.ar\/principal\/wp-content\/uploads\/2019\/05\/tamo-activo.-jpg-100x75.jpg 100w\" sizes=\"auto, (max-width: 1024px) 100vw, 1024px\" \/><\/figure>\n\n\n\n<p>En el certamen de La Brava se deja todo, y no se pierde nada. La Copa Nacional de Campeones es una obsesi\u00f3n, y se acerca el torneo regional clasificatorio. Nuevamente el complejo de prolongaci\u00f3n de Avenida 29 fue el sitio de la acci\u00f3n, con encuentros determinantes y apasionantes, los cuales convocaron un gran marco de p\u00fablico y, adem\u00e1s, fue seguido de cerca a trav\u00e9s de las redes sociales, ya que uno de los encuentros fue transmitido en vivo a trav\u00e9s de facebook.<\/p>\n\n\n\n<p>En lo que correspondi\u00f3 a la zona A, Zona Roja dio un enorme espect\u00e1culo, imponi\u00e9ndose por ocho a uno contra el Puty Club. Jorge Pereyra fue la m\u00e1xima figura de Zona Roja con tres tantos para su bolsillo. Pe\u00f1aloza FC no pudo imponer su juego ante Deportivo Benedetti, que mostr\u00f3 toda su jerarqu\u00eda futbol\u00edstica y se qued\u00f3 con el partido por cinco goles contra cuatro. \u00a1Una lluvia de tantos! Iv\u00e1n Calder\u00f3n se destac\u00f3 anotando un poker de goles. Finalmente, CDG FC logr\u00f3 los tres puntos ante SA San Mart\u00edn.<\/p>\n\n\n\n<p>La zona B esta al rojo vivo. Los de Abajo no pudieron ante la supremac\u00eda de Los Ftir\u00e1pteros, quienes ganaron por nueve a seis. Mat\u00edas Arzani, de Los Ftir\u00e1pteros, fue el gran distinguido de la noche con cinco anotaciones en la red rival. Tamo Activo sigue imparable, casi que nadie puede con \u00e9l. En la noche del viernes derrot\u00f3 por siete a seis a los buenos de La Pesada FC en un match que tuvo todos los condimentos.<\/p>\n\n\n\n<p>Racchi FC y Deportivo Uri protagonizaron un verdadero duelo, digno de dos buenos planteles. La historia culmin\u00f3 ocho a siete en favor de Racchi FC.<\/p>\n\n\n\n<p>Sebasti\u00e1n Mu\u00f1\u00f3z sigue primero en la tabla de goleadores con 16 tantos. Al de Tamo Activo lo sigue el de Deportivo Benedetti, Jonathan Ullua con trece goles. Alejandro Carrera, de La Pesada FC, cierra el podio con 12 anotaciones.<\/p>\n\n\n\n<p><strong>Resultados<br><\/strong>Zona Roja: 8 (Jorge Pereyra 3, Jonathan L\u00f3pez 2, Agust\u00edn Cat\u00f3lica, Jorge Montenegro, Franco P\u00e9rez).<br>El Puty Club: 1 (Daniel Paj\u00f3n).<\/p>\n\n\n\n<p>Pe\u00f1aloza FC: 4 (Nicol\u00e1s Paniagua 4).<br>Deportivo Benedetti: 5 (Iv\u00e1n Calder\u00f3n 4, Mart\u00edn Acosta).<\/p>\n\n\n\n<p>CDG FC: 3.<br>SA San Mart\u00edn: 0 (no se present\u00f3)<\/p>\n\n\n\n<p>La Pesada FC: 6 (Laureano Torres 5, Alejandro Carrera).<br>Tamo Activo: 7 (Samuel Borjas 3, Enzo Romero 3, El\u00edas Mu\u00f1\u00f3z)<\/p>\n\n\n\n<p>Racchi FC: 8 (Manuel Paggio 4, Nahuel Pescio 2, Mateo Gaynor, Pablo Mart\u00ednez).<br>Deportivo Uri: 7 (Nicol\u00e1s Montenegro 4, Luciano Badano 2, Enzo Cabrera).<\/p>\n\n\n\n<p>Los de Abajo: 6 (Luciano Perruolo 3, Isa\u00edas Garc\u00eda 2, Mat\u00edas Perruolo).<br>Los Ftir\u00e1pteros: 9 (Mat\u00edas Arzani 5, Iv\u00e1n Lescano 2, Maximiliano Arzani, Federico Barcos).<\/p>\n\n\n\n<div class=\"wp-block-image\"><figure class=\"aligncenter\"><img loading=\"lazy\" decoding=\"async\" width=\"462\" height=\"480\" data-attachment-id=\"92466\" data-permalink=\"https:\/\/www.hoymercedes.com.ar\/principal\/2019\/05\/07\/vibrantes-encuentros-hacia-las-clasificaciones-al-regional\/la-brava-imagen-tabla-fecha\/#main\" data-orig-file=\"https:\/\/www.hoymercedes.com.ar\/principal\/wp-content\/uploads\/2019\/05\/la-brava-imagen-tabla-fecha.png\" data-orig-size=\"462,480\" data-comments-opened=\"0\" data-image-meta=\"{&quot;aperture&quot;:&quot;0&quot;,&quot;credit&quot;:&quot;&quot;,&quot;camera&quot;:&quot;&quot;,&quot;caption&quot;:&quot;&quot;,&quot;created_timestamp&quot;:&quot;0&quot;,&quot;copyright&quot;:&quot;&quot;,&quot;focal_length&quot;:&quot;0&quot;,&quot;iso&quot;:&quot;0&quot;,&quot;shutter_speed&quot;:&quot;0&quot;,&quot;title&quot;:&quot;&quot;,&quot;orientation&quot;:&quot;0&quot;}\" data-image-title=\"la brava imagen tabla fecha\" data-image-description=\"\" data-image-caption=\"\" data-large-file=\"https:\/\/www.hoymercedes.com.ar\/principal\/wp-content\/uploads\/2019\/05\/la-brava-imagen-tabla-fecha.png\" src=\"https:\/\/www.hoymercedes.com.ar\/principal\/wp-content\/uploads\/2019\/05\/la-brava-imagen-tabla-fecha.png\" alt=\"\" class=\"wp-image-92466\" srcset=\"https:\/\/www.hoymercedes.com.ar\/principal\/wp-content\/uploads\/2019\/05\/la-brava-imagen-tabla-fecha.png 462w, https:\/\/www.hoymercedes.com.ar\/principal\/wp-content\/uploads\/2019\/05\/la-brava-imagen-tabla-fecha-144x150.png 144w\" sizes=\"auto, (max-width: 462px) 100vw, 462px\" \/><\/figure><\/div>\n","protected":false},"excerpt":{"rendered":"<p>Zona Roja y Tamo Activo los m\u00e1s beneficiados en sus respectivos partidos. Cada match es una verdadera batalla, y los &#8230; <a title=\"Vibrantes encuentros hacia las clasificaciones al regional\" class=\"read-more\" href=\"https:\/\/www.hoymercedes.com.ar\/principal\/2019\/05\/07\/vibrantes-encuentros-hacia-las-clasificaciones-al-regional\/\" aria-label=\"Leer m\u00e1s sobre Vibrantes encuentros hacia las clasificaciones al regional\">Leer m\u00e1s<\/a><\/p>\n","protected":false},"author":1,"featured_media":92465,"comment_status":"closed","ping_status":"open","sticky":false,"template":"","format":"standard","meta":{"_monsterinsights_skip_tracking":false,"_monsterinsights_sitenote_active":false,"_monsterinsights_sitenote_note":"","_monsterinsights_sitenote_category":0,"jetpack_post_was_ever_published":false,"_jetpack_newsletter_access":"","_jetpack_dont_email_post_to_subs":false,"_jetpack_newsletter_tier_id":0,"_jetpack_memberships_contains_paywalled_content":false,"_jetpack_memberships_contains_paid_content":false,"footnotes":"","jetpack_publicize_message":"","jetpack_publicize_feature_enabled":true,"jetpack_social_post_already_shared":true,"jetpack_social_options":{"image_generator_settings":{"template":"highway","default_image_id":0,"font":"","enabled":false},"version":2},"_wpas_customize_per_network":false},"categories":[21],"tags":[204,14582,1057],"class_list":["post-92464","post","type-post","status-publish","format-standard","has-post-thumbnail","hentry","category-deportes","tag-deportes-2","tag-futbol-5","tag-regional","generate-columns","tablet-grid-50","mobile-grid-100","grid-parent","grid-50"],"jetpack_publicize_connections":[],"jetpack_featured_media_url":"https:\/\/www.hoymercedes.com.ar\/principal\/wp-content\/uploads\/2019\/05\/tamo-activo.-jpg.jpg","wps_subtitle":"F\u00fatbol 5","jetpack_sharing_enabled":true,"_links":{"self":[{"href":"https:\/\/www.hoymercedes.com.ar\/principal\/wp-json\/wp\/v2\/posts\/92464","targetHints":{"allow":["GET"]}}],"collection":[{"href":"https:\/\/www.hoymercedes.com.ar\/principal\/wp-json\/wp\/v2\/posts"}],"about":[{"href":"https:\/\/www.hoymercedes.com.ar\/principal\/wp-json\/wp\/v2\/types\/post"}],"author":[{"embeddable":true,"href":"https:\/\/www.hoymercedes.com.ar\/principal\/wp-json\/wp\/v2\/users\/1"}],"replies":[{"embeddable":true,"href":"https:\/\/www.hoymercedes.com.ar\/principal\/wp-json\/wp\/v2\/comments?post=92464"}],"version-history":[{"count":0,"href":"https:\/\/www.hoymercedes.com.ar\/principal\/wp-json\/wp\/v2\/posts\/92464\/revisions"}],"wp:featuredmedia":[{"embeddable":true,"href":"https:\/\/www.hoymercedes.com.ar\/principal\/wp-json\/wp\/v2\/media\/92465"}],"wp:attachment":[{"href":"https:\/\/www.hoymercedes.com.ar\/principal\/wp-json\/wp\/v2\/media?parent=92464"}],"wp:term":[{"taxonomy":"category","embeddable":true,"href":"https:\/\/www.hoymercedes.com.ar\/principal\/wp-json\/wp\/v2\/categories?post=92464"},{"taxonomy":"post_tag","embeddable":true,"href":"https:\/\/www.hoymercedes.com.ar\/principal\/wp-json\/wp\/v2\/tags?post=92464"}],"curies":[{"name":"wp","href":"https:\/\/api.w.org\/{rel}","templated":true}]}}