{"id":92473,"date":"2019-05-07T18:52:52","date_gmt":"2019-05-07T21:52:52","guid":{"rendered":"http:\/\/www.hoymercedes.com.ar\/principal\/?p=92473"},"modified":"2019-05-06T22:55:56","modified_gmt":"2019-05-07T01:55:56","slug":"san-martin-logro-un-importante-triunfo","status":"publish","type":"post","link":"https:\/\/www.hoymercedes.com.ar\/principal\/2019\/05\/07\/san-martin-logro-un-importante-triunfo\/","title":{"rendered":"San Mart\u00edn logr\u00f3 un importante triunfo"},"content":{"rendered":"\n<p>Derrotaron a Despensa El Cone, en lo que fue el segundo encuentro correspondiente al triangular final del certamen de menores. Intensa actividad de los veteranos.<\/p>\n\n\n\n<figure class=\"wp-block-image\"><img loading=\"lazy\" decoding=\"async\" width=\"1024\" height=\"768\" data-attachment-id=\"92474\" data-permalink=\"https:\/\/www.hoymercedes.com.ar\/principal\/2019\/05\/07\/san-martin-logro-un-importante-triunfo\/apicola-mercedes-jpg-2\/#main\" data-orig-file=\"https:\/\/www.hoymercedes.com.ar\/principal\/wp-content\/uploads\/2019\/05\/APICOLA-MERCEDES.JPG.jpg\" data-orig-size=\"1032,774\" data-comments-opened=\"0\" data-image-meta=\"{&quot;aperture&quot;:&quot;0&quot;,&quot;credit&quot;:&quot;&quot;,&quot;camera&quot;:&quot;&quot;,&quot;caption&quot;:&quot;&quot;,&quot;created_timestamp&quot;:&quot;0&quot;,&quot;copyright&quot;:&quot;&quot;,&quot;focal_length&quot;:&quot;0&quot;,&quot;iso&quot;:&quot;0&quot;,&quot;shutter_speed&quot;:&quot;0&quot;,&quot;title&quot;:&quot;&quot;,&quot;orientation&quot;:&quot;0&quot;}\" data-image-title=\"APICOLA MERCEDES.JPG\" data-image-description=\"\" data-image-caption=\"\" data-large-file=\"https:\/\/www.hoymercedes.com.ar\/principal\/wp-content\/uploads\/2019\/05\/APICOLA-MERCEDES.JPG-1024x768.jpg\" src=\"https:\/\/www.hoymercedes.com.ar\/principal\/wp-content\/uploads\/2019\/05\/APICOLA-MERCEDES.JPG-1024x768.jpg\" alt=\"\" class=\"wp-image-92474\" srcset=\"https:\/\/www.hoymercedes.com.ar\/principal\/wp-content\/uploads\/2019\/05\/APICOLA-MERCEDES.JPG-1024x768.jpg 1024w, https:\/\/www.hoymercedes.com.ar\/principal\/wp-content\/uploads\/2019\/05\/APICOLA-MERCEDES.JPG-150x113.jpg 150w, https:\/\/www.hoymercedes.com.ar\/principal\/wp-content\/uploads\/2019\/05\/APICOLA-MERCEDES.JPG-630x473.jpg 630w, https:\/\/www.hoymercedes.com.ar\/principal\/wp-content\/uploads\/2019\/05\/APICOLA-MERCEDES.JPG-320x240.jpg 320w, https:\/\/www.hoymercedes.com.ar\/principal\/wp-content\/uploads\/2019\/05\/APICOLA-MERCEDES.JPG-100x75.jpg 100w, https:\/\/www.hoymercedes.com.ar\/principal\/wp-content\/uploads\/2019\/05\/APICOLA-MERCEDES.JPG.jpg 1032w\" sizes=\"auto, (max-width: 1024px) 100vw, 1024px\" \/><\/figure>\n\n\n\n<p>La semana pasada comenz\u00f3 el mini torneo que tiene como protagonistas a tres excelentes conjuntos. Dentro del complejo del Sindicato de la Carne Mercedes, bajo la organizaci\u00f3n de Walter Banega, los conjuntos de Despensa El Cone, San Mart\u00edn y Verduler\u00eda Roc\u00edo batallan entre s\u00ed para lograr alzarse con el trofeo de campe\u00f3n. Hay que recordar que en el primer match, San Mart\u00edn y los de la verduler\u00eda, hab\u00edan igualado. En lo que respecta a los veteranos, durante el pasado s\u00e1bado se complet\u00f3 la tercera fecha, y hasta el momento hay un \u00fanico puntero, Autoservicio Marisol.<\/p>\n\n\n\n<p><strong>Copa Mercedes Deportes<br><\/strong>Despensa El Cone abri\u00f3 su camino en el triangular final. San Mart\u00edn ya hab\u00eda calentado los motores contra Verduler\u00eda Roc\u00edo, en lo que hab\u00eda sido un duelo m\u00e1s que electrizante. Desde el inicio del encuentro, El Cone puso sus mejores fichas dentro del campo de juego; pero San Mart\u00edn jug\u00f3 con todas sus \u201clampartias\u201d prendidas y pudo ver la victoria al finalizar la historia. El marcador qued\u00f3 en favor de los del barrio por dos tantos contra uno. Todo culminar\u00e1 el pr\u00f3ximo fin de semana con el duelo entre Despensa El Cone y Verduler\u00eda Roc\u00edo. Luego se realizar\u00e1 la entrega de premios. Hasta ahora el m\u00e1s beneficiado es San Mart\u00edn, con una igualdad y una victoria.<\/p>\n\n\n\n<p><strong>Copa Goodyear Neum\u00e1ticos<br><\/strong>Autoservicio Marisol est\u00e1 m\u00e1s que consolidado y es primero en la tabla de posiciones. En su presentaci\u00f3n ante Ap\u00edcola Mercedes fue contundente y efectivo. En la situaciones de aproximaci\u00f3n al arco rival que tuvo, pudo concretar el tanto que le dio las dos unidades triunfales. La Cortada se recompuso, y derrot\u00f3 a la Agrupaci\u00f3n Cipriano Reyes. Fue un ampliamente superior a los&nbsp;de la agrupaci\u00f3n y lo doblegaron por cinco a tres. La Cortada se acomod\u00f3 en la tabla, y ya tiene cuatro puntos.<\/p>\n\n\n\n<p>El Rejunte sigue siendo fuerte ante sus contrincantes. En esta oportunidad le toc\u00f3 medirse contra el campe\u00f3n del certamen nocturno, Electromec\u00e1nica Zunino. El Rejunte, sin piedad sali\u00f3 victorioso por goleada, cinco a uno.<\/p>\n\n\n\n<p>Forrajer\u00eda El Cholo gan\u00f3 por diferencia de un gol, fue dos a uno ante Lo Jarrones. Fue m\u00e1s eficaz a la hora de las definiciones al arco contrario. Lo Jarrones tropezaron frente a un dif\u00edcil y adversario duro de roer. Por \u00faltimo, Consultorio Nuestra Se\u00f1ora dobleg\u00f3 a Goodyear Neum\u00e1ticos. Fueron tres goles para los del consultorio, y dos para los de Goodyear. Se vendr\u00e1 la fecha 4, y el espect\u00e1culo est\u00e1 garantizado.<\/p>\n\n\n\n<p><strong>Resultados<br><\/strong>Despensa El Cone: 1 (Tom\u00e1s Novo).<br>San Martin: 2 (Ever Portillo, Wilson Alcaraz)<\/p>\n\n\n\n<p><strong>Copa Goodyear Neum\u00e1ticos<br><\/strong>La Cortada: 5 (Eduardo Alfonzo 2, Juan Ignacio Montenegro 2, Carlos Spolita).<br>Agrupaci\u00f3n Cipriano Reyes: 3 (Mat\u00edas Bruschi 2, Armando Cabrera)<\/p>\n\n\n\n<p>Ap\u00edcola Mercedes: 0.<br>Autoservicio Marisol: 1(Javier \u00c1vila)<\/p>\n\n\n\n<p>El Rejunte: 5 (Mauro Repetto 3, Mariano Martino, Diego Mart\u00ednez).<br>Electromec\u00e1nica Zunino: 1 (Luis Zunino).<\/p>\n\n\n\n<p>Lo Jarrones: 1 (Javier Quiroga).<br>Forrajer\u00eda El Cholo: 2 (Gabriel M\u00e1rquez, Javier D\u00edaz).<\/p>\n\n\n\n<p>Consultorio Nuestra Se\u00f1ora: 3 (Fabi\u00e1n Brandoni, Gonzalo Ivaldi, Lucas Montero).<br>Goodyear Neum\u00e1ticos: 2 (Lucas D\u00edaz, Miguel Leal)<\/p>\n\n\n\n<div class=\"wp-block-image\"><figure class=\"aligncenter\"><img loading=\"lazy\" decoding=\"async\" width=\"372\" height=\"361\" data-attachment-id=\"92475\" data-permalink=\"https:\/\/www.hoymercedes.com.ar\/principal\/2019\/05\/07\/san-martin-logro-un-importante-triunfo\/mayores-imagen-tabla\/#main\" data-orig-file=\"https:\/\/www.hoymercedes.com.ar\/principal\/wp-content\/uploads\/2019\/05\/MAYORES-IMAGEN-TABLA.png\" data-orig-size=\"372,361\" data-comments-opened=\"0\" data-image-meta=\"{&quot;aperture&quot;:&quot;0&quot;,&quot;credit&quot;:&quot;&quot;,&quot;camera&quot;:&quot;&quot;,&quot;caption&quot;:&quot;&quot;,&quot;created_timestamp&quot;:&quot;0&quot;,&quot;copyright&quot;:&quot;&quot;,&quot;focal_length&quot;:&quot;0&quot;,&quot;iso&quot;:&quot;0&quot;,&quot;shutter_speed&quot;:&quot;0&quot;,&quot;title&quot;:&quot;&quot;,&quot;orientation&quot;:&quot;0&quot;}\" data-image-title=\"MAYORES IMAGEN TABLA\" data-image-description=\"\" data-image-caption=\"\" data-large-file=\"https:\/\/www.hoymercedes.com.ar\/principal\/wp-content\/uploads\/2019\/05\/MAYORES-IMAGEN-TABLA.png\" src=\"https:\/\/www.hoymercedes.com.ar\/principal\/wp-content\/uploads\/2019\/05\/MAYORES-IMAGEN-TABLA.png\" alt=\"\" class=\"wp-image-92475\" srcset=\"https:\/\/www.hoymercedes.com.ar\/principal\/wp-content\/uploads\/2019\/05\/MAYORES-IMAGEN-TABLA.png 372w, https:\/\/www.hoymercedes.com.ar\/principal\/wp-content\/uploads\/2019\/05\/MAYORES-IMAGEN-TABLA-150x146.png 150w\" sizes=\"auto, (max-width: 372px) 100vw, 372px\" \/><\/figure><\/div>\n","protected":false},"excerpt":{"rendered":"<p>Derrotaron a Despensa El Cone, en lo que fue el segundo encuentro correspondiente al triangular final del certamen de menores. &#8230; <a title=\"San Mart\u00edn logr\u00f3 un importante triunfo\" class=\"read-more\" href=\"https:\/\/www.hoymercedes.com.ar\/principal\/2019\/05\/07\/san-martin-logro-un-importante-triunfo\/\" aria-label=\"Leer m\u00e1s sobre San Mart\u00edn logr\u00f3 un importante triunfo\">Leer m\u00e1s<\/a><\/p>\n","protected":false},"author":1,"featured_media":92474,"comment_status":"closed","ping_status":"open","sticky":false,"template":"","format":"standard","meta":{"_monsterinsights_skip_tracking":false,"_monsterinsights_sitenote_active":false,"_monsterinsights_sitenote_note":"","_monsterinsights_sitenote_category":0,"jetpack_post_was_ever_published":false,"_jetpack_newsletter_access":"","_jetpack_dont_email_post_to_subs":false,"_jetpack_newsletter_tier_id":0,"_jetpack_memberships_contains_paywalled_content":false,"_jetpack_memberships_contains_paid_content":false,"footnotes":"","jetpack_publicize_message":"","jetpack_publicize_feature_enabled":true,"jetpack_social_post_already_shared":true,"jetpack_social_options":{"image_generator_settings":{"template":"highway","default_image_id":0,"font":"","enabled":false},"version":2},"_wpas_customize_per_network":false},"categories":[21],"tags":[],"class_list":["post-92473","post","type-post","status-publish","format-standard","has-post-thumbnail","hentry","category-deportes","generate-columns","tablet-grid-50","mobile-grid-100","grid-parent","grid-50"],"jetpack_publicize_connections":[],"jetpack_featured_media_url":"https:\/\/www.hoymercedes.com.ar\/principal\/wp-content\/uploads\/2019\/05\/APICOLA-MERCEDES.JPG.jpg","wps_subtitle":"Sindicato de la Carne","jetpack_sharing_enabled":true,"_links":{"self":[{"href":"https:\/\/www.hoymercedes.com.ar\/principal\/wp-json\/wp\/v2\/posts\/92473","targetHints":{"allow":["GET"]}}],"collection":[{"href":"https:\/\/www.hoymercedes.com.ar\/principal\/wp-json\/wp\/v2\/posts"}],"about":[{"href":"https:\/\/www.hoymercedes.com.ar\/principal\/wp-json\/wp\/v2\/types\/post"}],"author":[{"embeddable":true,"href":"https:\/\/www.hoymercedes.com.ar\/principal\/wp-json\/wp\/v2\/users\/1"}],"replies":[{"embeddable":true,"href":"https:\/\/www.hoymercedes.com.ar\/principal\/wp-json\/wp\/v2\/comments?post=92473"}],"version-history":[{"count":0,"href":"https:\/\/www.hoymercedes.com.ar\/principal\/wp-json\/wp\/v2\/posts\/92473\/revisions"}],"wp:featuredmedia":[{"embeddable":true,"href":"https:\/\/www.hoymercedes.com.ar\/principal\/wp-json\/wp\/v2\/media\/92474"}],"wp:attachment":[{"href":"https:\/\/www.hoymercedes.com.ar\/principal\/wp-json\/wp\/v2\/media?parent=92473"}],"wp:term":[{"taxonomy":"category","embeddable":true,"href":"https:\/\/www.hoymercedes.com.ar\/principal\/wp-json\/wp\/v2\/categories?post=92473"},{"taxonomy":"post_tag","embeddable":true,"href":"https:\/\/www.hoymercedes.com.ar\/principal\/wp-json\/wp\/v2\/tags?post=92473"}],"curies":[{"name":"wp","href":"https:\/\/api.w.org\/{rel}","templated":true}]}}