{"id":92488,"date":"2019-05-07T14:44:40","date_gmt":"2019-05-07T17:44:40","guid":{"rendered":"http:\/\/www.hoymercedes.com.ar\/principal\/?p=92488"},"modified":"2019-05-07T16:05:09","modified_gmt":"2019-05-07T19:05:09","slug":"que-ven-cuando-nos-ven-que-salimos-a-la-calle","status":"publish","type":"post","link":"https:\/\/www.hoymercedes.com.ar\/principal\/2019\/05\/07\/que-ven-cuando-nos-ven-que-salimos-a-la-calle\/","title":{"rendered":"\u00bfQu\u00e9 ven cuando nos ven que salimos a la calle?"},"content":{"rendered":"\n<p>Por Asamblea de Mujeres Mercedinas  &#8211; Somos mujeres en toda su diversidad. El espacio p\u00fablico nos permite mezclarnos, aunarnos y sentir bajo nuestros pies como tiemblan las estructuras creadas para beneficiar a un determinado sector y perjudicar a otro. Pero\u2026 \u00bfNos ven cuando dicen hacerlo? \u00bfO solo nos miran? <\/p>\n\n\n\n<figure class=\"wp-block-image\"><img loading=\"lazy\" decoding=\"async\" width=\"748\" height=\"499\" data-attachment-id=\"92490\" data-permalink=\"https:\/\/www.hoymercedes.com.ar\/principal\/2019\/05\/07\/que-ven-cuando-nos-ven-que-salimos-a-la-calle\/07-yanina-fariz-2\/#main\" data-orig-file=\"https:\/\/www.hoymercedes.com.ar\/principal\/wp-content\/uploads\/2019\/05\/07-yanina-fariz-2.jpg\" data-orig-size=\"748,499\" data-comments-opened=\"0\" data-image-meta=\"{&quot;aperture&quot;:&quot;2&quot;,&quot;credit&quot;:&quot;&quot;,&quot;camera&quot;:&quot;Moto G (5S) Plus&quot;,&quot;caption&quot;:&quot;&quot;,&quot;created_timestamp&quot;:&quot;1556020323&quot;,&quot;copyright&quot;:&quot;&quot;,&quot;focal_length&quot;:&quot;3.59&quot;,&quot;iso&quot;:&quot;100&quot;,&quot;shutter_speed&quot;:&quot;0.0020703933747412&quot;,&quot;title&quot;:&quot;&quot;,&quot;orientation&quot;:&quot;1&quot;}\" data-image-title=\"07 yanina fariz 2\" data-image-description=\"\" data-image-caption=\"\" data-large-file=\"https:\/\/www.hoymercedes.com.ar\/principal\/wp-content\/uploads\/2019\/05\/07-yanina-fariz-2.jpg\" src=\"https:\/\/www.hoymercedes.com.ar\/principal\/wp-content\/uploads\/2019\/05\/07-yanina-fariz-2.jpg\" alt=\"\" class=\"wp-image-92490\" srcset=\"https:\/\/www.hoymercedes.com.ar\/principal\/wp-content\/uploads\/2019\/05\/07-yanina-fariz-2.jpg 748w, https:\/\/www.hoymercedes.com.ar\/principal\/wp-content\/uploads\/2019\/05\/07-yanina-fariz-2-150x100.jpg 150w, https:\/\/www.hoymercedes.com.ar\/principal\/wp-content\/uploads\/2019\/05\/07-yanina-fariz-2-630x420.jpg 630w, https:\/\/www.hoymercedes.com.ar\/principal\/wp-content\/uploads\/2019\/05\/07-yanina-fariz-2-720x480.jpg 720w, https:\/\/www.hoymercedes.com.ar\/principal\/wp-content\/uploads\/2019\/05\/07-yanina-fariz-2-360x240.jpg 360w\" sizes=\"auto, (max-width: 748px) 100vw, 748px\" \/><\/figure>\n\n\n\n<p>\u00bfPueden ver para entender que la mayor\u00eda de las mujeres que reclamamos somos pobres, incluso algunas con escasa escolarizaci\u00f3n? \u00bfPueden ver que la vida no se ha portado muy bien con nosotras? Desde una infancia de comer salteado, con pocos juguetes y de recibir el principal plato de comida en comederos o escuelas con infraestructuras que lindan con la peligrosidad para todos sus asistentes. Desde muy j\u00f3venes trabajamos, la mayor parte en negro y tambi\u00e9n, demasiado temprano somos madres con o sin pareja. <\/p>\n\n\n\n<p>En todos los \u00e1mbitos donde nos movemos sufrimos violencia de g\u00e9nero. Esta violencia la padecimos desde siempre, pero no hace tanto que tomamos conciencia de su significado, lo que nos permiti\u00f3 mirarnos, juntarnos, proyectarnos y, sobre todo, defendernos con todas nuestras armas. <\/p>\n\n\n\n<p>Entonces, desde all\u00ed, nos preguntamos: \u00a1\u00bfD\u00f3nde est\u00e1 el Estado ante cada vulneraci\u00f3n de nuestros derechos? \u00bfD\u00f3nde quedan los tratados internacionales a los que adhiere nuestro pa\u00eds sobre derechos de ni\u00f1es y adolescentes? \u00bfD\u00f3nde, las leyes nacionales y provinciales que prometen bregar para la erradicaci\u00f3n de la violencia de g\u00e9nero? \u00bfD\u00f3nde la justicia que opera con una balanza siempre inclinada hacia la culpabilizaci\u00f3n de las mujeres?!<br><\/p>\n\n\n\n<p>Estas y otras preguntas nos acompa\u00f1an. Es por ello, por no tener respuestas, que interpelamos al Estado, a la Justicia y al sistema que los cobija y ampara: el sistema capitalista. Por eso rodeamos a Yanina Far\u00edaz, injustamente presa. Acusada, primero de homicidio agravado por el v\u00ednculo y ahora, de abandono de persona ante el asesinato de su hija Xiomara de 2 a\u00f1itos de edad. Por eso exigimos su absoluci\u00f3n y la prisi\u00f3n perpetua al femicida de Xiomara, Alfredo Leguizam\u00f3n. Por eso usamos nuestras armas, las \u00fanicas que tenemos para visibilizar esta situaci\u00f3n te\u00f1ida de injusticia cortando calles, repartiendo volantes, haciendo ollas populares, realizando intervenciones art\u00edsticas. <\/p>\n\n\n\n<figure class=\"wp-block-image\"><img loading=\"lazy\" decoding=\"async\" width=\"750\" height=\"500\" data-attachment-id=\"92489\" data-permalink=\"https:\/\/www.hoymercedes.com.ar\/principal\/2019\/05\/07\/que-ven-cuando-nos-ven-que-salimos-a-la-calle\/07-yanina-fariz-1\/#main\" data-orig-file=\"https:\/\/www.hoymercedes.com.ar\/principal\/wp-content\/uploads\/2019\/05\/07-yanina-fariz-1.jpg\" data-orig-size=\"750,500\" data-comments-opened=\"0\" data-image-meta=\"{&quot;aperture&quot;:&quot;2&quot;,&quot;credit&quot;:&quot;&quot;,&quot;camera&quot;:&quot;Moto G (5S) Plus&quot;,&quot;caption&quot;:&quot;&quot;,&quot;created_timestamp&quot;:&quot;1556020306&quot;,&quot;copyright&quot;:&quot;&quot;,&quot;focal_length&quot;:&quot;3.59&quot;,&quot;iso&quot;:&quot;100&quot;,&quot;shutter_speed&quot;:&quot;0.0012106537530266&quot;,&quot;title&quot;:&quot;&quot;,&quot;orientation&quot;:&quot;1&quot;}\" data-image-title=\"07 yanina fariz 1\" data-image-description=\"\" data-image-caption=\"\" data-large-file=\"https:\/\/www.hoymercedes.com.ar\/principal\/wp-content\/uploads\/2019\/05\/07-yanina-fariz-1.jpg\" src=\"https:\/\/www.hoymercedes.com.ar\/principal\/wp-content\/uploads\/2019\/05\/07-yanina-fariz-1.jpg\" alt=\"\" class=\"wp-image-92489\" srcset=\"https:\/\/www.hoymercedes.com.ar\/principal\/wp-content\/uploads\/2019\/05\/07-yanina-fariz-1.jpg 750w, https:\/\/www.hoymercedes.com.ar\/principal\/wp-content\/uploads\/2019\/05\/07-yanina-fariz-1-150x100.jpg 150w, https:\/\/www.hoymercedes.com.ar\/principal\/wp-content\/uploads\/2019\/05\/07-yanina-fariz-1-630x420.jpg 630w, https:\/\/www.hoymercedes.com.ar\/principal\/wp-content\/uploads\/2019\/05\/07-yanina-fariz-1-720x480.jpg 720w, https:\/\/www.hoymercedes.com.ar\/principal\/wp-content\/uploads\/2019\/05\/07-yanina-fariz-1-360x240.jpg 360w\" sizes=\"auto, (max-width: 750px) 100vw, 750px\" \/><\/figure>\n\n\n\n<p>S\u00ed, esas son nuestras armas. Las \u00fanicas con las que contamos, porque nada nos acerca al poder. Por eso pedimos que cuando nos mires te pongas anteojos imbuidos de realidad para que VEAS que somos el espejo de tu accionar. Cuando cortamos las calles o hacemos alguna pintada, no somos m\u00e1s que el reflejo de los derechos que se nos est\u00e1n vulnerando. S\u00f3lo nos mueve el af\u00e1n de justicia y es por ello que apostamos a que nos rodeen quienes consideren que s\u00f3lo ganando las calles, estamos m\u00e1s cerca de lograrla.<\/p>\n\n\n\n<p>Atr\u00e1s qued\u00f3 el tiempo del no te met\u00e1s. La uni\u00f3n hace la fuerza, dicen. No son tiempo para miedos. El hartazgo nos impulsa. Las bases del sistema judicial patriarcal y clasista se est\u00e1n resquebrajando, construyamos una nueva sociedad. <\/p>\n\n\n\n<p>Repliquemos y gritemos a viva voz. \u00a1Libertad para Yanina! \u00a1Justicia por Xiomara! \u00a1C\u00e1rcel para el femicida Alfredo Leguizam\u00f3n!<\/p>\n","protected":false},"excerpt":{"rendered":"<p>Por Asamblea de Mujeres Mercedinas &#8211; Somos mujeres en toda su diversidad. El espacio p\u00fablico nos permite mezclarnos, aunarnos y &#8230; <a title=\"\u00bfQu\u00e9 ven cuando nos ven que salimos a la calle?\" class=\"read-more\" href=\"https:\/\/www.hoymercedes.com.ar\/principal\/2019\/05\/07\/que-ven-cuando-nos-ven-que-salimos-a-la-calle\/\" aria-label=\"Leer m\u00e1s sobre \u00bfQu\u00e9 ven cuando nos ven que salimos a la calle?\">Leer m\u00e1s<\/a><\/p>\n","protected":false},"author":1,"featured_media":92489,"comment_status":"closed","ping_status":"open","sticky":false,"template":"","format":"standard","meta":{"_monsterinsights_skip_tracking":false,"_monsterinsights_sitenote_active":false,"_monsterinsights_sitenote_note":"","_monsterinsights_sitenote_category":0,"jetpack_post_was_ever_published":false,"_jetpack_newsletter_access":"","_jetpack_dont_email_post_to_subs":false,"_jetpack_newsletter_tier_id":0,"_jetpack_memberships_contains_paywalled_content":false,"_jetpack_memberships_contains_paid_content":false,"footnotes":"","jetpack_publicize_message":"","jetpack_publicize_feature_enabled":true,"jetpack_social_post_already_shared":true,"jetpack_social_options":{"image_generator_settings":{"template":"highway","default_image_id":0,"font":"","enabled":false},"version":2},"_wpas_customize_per_network":false},"categories":[1],"tags":[12569,8748],"class_list":["post-92488","post","type-post","status-publish","format-standard","has-post-thumbnail","hentry","category-opinion","tag-asamblea-de-mujeres-mercedinas","tag-opinion","generate-columns","tablet-grid-50","mobile-grid-100","grid-parent","grid-50"],"jetpack_publicize_connections":[],"jetpack_featured_media_url":"https:\/\/www.hoymercedes.com.ar\/principal\/wp-content\/uploads\/2019\/05\/07-yanina-fariz-1.jpg","wps_subtitle":"Jornadas por juicio","jetpack_sharing_enabled":true,"_links":{"self":[{"href":"https:\/\/www.hoymercedes.com.ar\/principal\/wp-json\/wp\/v2\/posts\/92488","targetHints":{"allow":["GET"]}}],"collection":[{"href":"https:\/\/www.hoymercedes.com.ar\/principal\/wp-json\/wp\/v2\/posts"}],"about":[{"href":"https:\/\/www.hoymercedes.com.ar\/principal\/wp-json\/wp\/v2\/types\/post"}],"author":[{"embeddable":true,"href":"https:\/\/www.hoymercedes.com.ar\/principal\/wp-json\/wp\/v2\/users\/1"}],"replies":[{"embeddable":true,"href":"https:\/\/www.hoymercedes.com.ar\/principal\/wp-json\/wp\/v2\/comments?post=92488"}],"version-history":[{"count":0,"href":"https:\/\/www.hoymercedes.com.ar\/principal\/wp-json\/wp\/v2\/posts\/92488\/revisions"}],"wp:featuredmedia":[{"embeddable":true,"href":"https:\/\/www.hoymercedes.com.ar\/principal\/wp-json\/wp\/v2\/media\/92489"}],"wp:attachment":[{"href":"https:\/\/www.hoymercedes.com.ar\/principal\/wp-json\/wp\/v2\/media?parent=92488"}],"wp:term":[{"taxonomy":"category","embeddable":true,"href":"https:\/\/www.hoymercedes.com.ar\/principal\/wp-json\/wp\/v2\/categories?post=92488"},{"taxonomy":"post_tag","embeddable":true,"href":"https:\/\/www.hoymercedes.com.ar\/principal\/wp-json\/wp\/v2\/tags?post=92488"}],"curies":[{"name":"wp","href":"https:\/\/api.w.org\/{rel}","templated":true}]}}