{"id":92498,"date":"2019-05-07T20:09:58","date_gmt":"2019-05-07T23:09:58","guid":{"rendered":"http:\/\/www.hoymercedes.com.ar\/principal\/?p=92498"},"modified":"2019-05-07T20:12:49","modified_gmt":"2019-05-07T23:12:49","slug":"independiente-de-avellaneda-probara-jugadores-en-mercedes","status":"publish","type":"post","link":"https:\/\/www.hoymercedes.com.ar\/principal\/2019\/05\/07\/independiente-de-avellaneda-probara-jugadores-en-mercedes\/","title":{"rendered":"Independiente de Avellaneda probar\u00e1 jugadores en Mercedes"},"content":{"rendered":"\n<p>El Club Independiente de Avellaneda realizar\u00e1 una prueba de jugadores este mi\u00e9rcoles 8 de mayo a partir de las 13 en cancha de la Liga Mercedina de F\u00fatbol para las categor\u00edas 2002 a 2008. Los chicos que se presenten deber\u00e1n hacerlo con indumentaria deportiva.<\/p>\n\n\n\n<figure class=\"wp-block-image\"><img loading=\"lazy\" decoding=\"async\" width=\"900\" height=\"900\" data-attachment-id=\"92499\" data-permalink=\"https:\/\/www.hoymercedes.com.ar\/principal\/2019\/05\/07\/independiente-de-avellaneda-probara-jugadores-en-mercedes\/59557350_1107635186078312_4499167302725402624_n\/#main\" data-orig-file=\"https:\/\/www.hoymercedes.com.ar\/principal\/wp-content\/uploads\/2019\/05\/59557350_1107635186078312_4499167302725402624_n.jpg\" data-orig-size=\"900,900\" data-comments-opened=\"0\" data-image-meta=\"{&quot;aperture&quot;:&quot;0&quot;,&quot;credit&quot;:&quot;&quot;,&quot;camera&quot;:&quot;&quot;,&quot;caption&quot;:&quot;&quot;,&quot;created_timestamp&quot;:&quot;0&quot;,&quot;copyright&quot;:&quot;&quot;,&quot;focal_length&quot;:&quot;0&quot;,&quot;iso&quot;:&quot;0&quot;,&quot;shutter_speed&quot;:&quot;0&quot;,&quot;title&quot;:&quot;&quot;,&quot;orientation&quot;:&quot;0&quot;}\" data-image-title=\"59557350_1107635186078312_4499167302725402624_n\" data-image-description=\"\" data-image-caption=\"\" data-large-file=\"https:\/\/www.hoymercedes.com.ar\/principal\/wp-content\/uploads\/2019\/05\/59557350_1107635186078312_4499167302725402624_n.jpg\" src=\"https:\/\/www.hoymercedes.com.ar\/principal\/wp-content\/uploads\/2019\/05\/59557350_1107635186078312_4499167302725402624_n.jpg\" alt=\"\" class=\"wp-image-92499\" srcset=\"https:\/\/www.hoymercedes.com.ar\/principal\/wp-content\/uploads\/2019\/05\/59557350_1107635186078312_4499167302725402624_n.jpg 900w, https:\/\/www.hoymercedes.com.ar\/principal\/wp-content\/uploads\/2019\/05\/59557350_1107635186078312_4499167302725402624_n-150x150.jpg 150w, https:\/\/www.hoymercedes.com.ar\/principal\/wp-content\/uploads\/2019\/05\/59557350_1107635186078312_4499167302725402624_n-620x620.jpg 620w, https:\/\/www.hoymercedes.com.ar\/principal\/wp-content\/uploads\/2019\/05\/59557350_1107635186078312_4499167302725402624_n-100x100.jpg 100w\" sizes=\"auto, (max-width: 900px) 100vw, 900px\" \/><\/figure>\n\n\n\n<p>Adem\u00e1s, habr\u00e1 una capacitaci\u00f3n a cargo de los entrenadores Dante Mircoli, Gustavo Cerd\u00e1n y Juan Carlos Delhoill\u00e1n, que trabajan en las inferiores del Rey de Copas. Este evento est\u00e1 avalado por la Direcci\u00f3n de Deportes de la Municipalidad de Mercedes.<\/p>\n","protected":false},"excerpt":{"rendered":"<p>El Club Independiente de Avellaneda realizar\u00e1 una prueba de jugadores este mi\u00e9rcoles 8 de mayo a partir de las 13 &#8230; <a title=\"Independiente de Avellaneda probar\u00e1 jugadores en Mercedes\" class=\"read-more\" href=\"https:\/\/www.hoymercedes.com.ar\/principal\/2019\/05\/07\/independiente-de-avellaneda-probara-jugadores-en-mercedes\/\" aria-label=\"Leer m\u00e1s sobre Independiente de Avellaneda probar\u00e1 jugadores en Mercedes\">Leer m\u00e1s<\/a><\/p>\n","protected":false},"author":1,"featured_media":92499,"comment_status":"closed","ping_status":"open","sticky":false,"template":"","format":"standard","meta":{"_monsterinsights_skip_tracking":false,"_monsterinsights_sitenote_active":false,"_monsterinsights_sitenote_note":"","_monsterinsights_sitenote_category":0,"jetpack_post_was_ever_published":false,"_jetpack_newsletter_access":"","_jetpack_dont_email_post_to_subs":false,"_jetpack_newsletter_tier_id":0,"_jetpack_memberships_contains_paywalled_content":false,"_jetpack_memberships_contains_paid_content":false,"footnotes":"","jetpack_publicize_message":"","jetpack_publicize_feature_enabled":true,"jetpack_social_post_already_shared":true,"jetpack_social_options":{"image_generator_settings":{"template":"highway","default_image_id":0,"font":"","enabled":false},"version":2},"_wpas_customize_per_network":false},"categories":[21],"tags":[1901,15016,15015],"class_list":["post-92498","post","type-post","status-publish","format-standard","has-post-thumbnail","hentry","category-deportes","tag-liga-mercedina","tag-prueba-de-jugadores","tag-rey-de-copas","generate-columns","tablet-grid-50","mobile-grid-100","grid-parent","grid-50"],"jetpack_publicize_connections":[],"jetpack_featured_media_url":"https:\/\/www.hoymercedes.com.ar\/principal\/wp-content\/uploads\/2019\/05\/59557350_1107635186078312_4499167302725402624_n.jpg","wps_subtitle":"F\u00fatbol","jetpack_sharing_enabled":true,"_links":{"self":[{"href":"https:\/\/www.hoymercedes.com.ar\/principal\/wp-json\/wp\/v2\/posts\/92498","targetHints":{"allow":["GET"]}}],"collection":[{"href":"https:\/\/www.hoymercedes.com.ar\/principal\/wp-json\/wp\/v2\/posts"}],"about":[{"href":"https:\/\/www.hoymercedes.com.ar\/principal\/wp-json\/wp\/v2\/types\/post"}],"author":[{"embeddable":true,"href":"https:\/\/www.hoymercedes.com.ar\/principal\/wp-json\/wp\/v2\/users\/1"}],"replies":[{"embeddable":true,"href":"https:\/\/www.hoymercedes.com.ar\/principal\/wp-json\/wp\/v2\/comments?post=92498"}],"version-history":[{"count":0,"href":"https:\/\/www.hoymercedes.com.ar\/principal\/wp-json\/wp\/v2\/posts\/92498\/revisions"}],"wp:featuredmedia":[{"embeddable":true,"href":"https:\/\/www.hoymercedes.com.ar\/principal\/wp-json\/wp\/v2\/media\/92499"}],"wp:attachment":[{"href":"https:\/\/www.hoymercedes.com.ar\/principal\/wp-json\/wp\/v2\/media?parent=92498"}],"wp:term":[{"taxonomy":"category","embeddable":true,"href":"https:\/\/www.hoymercedes.com.ar\/principal\/wp-json\/wp\/v2\/categories?post=92498"},{"taxonomy":"post_tag","embeddable":true,"href":"https:\/\/www.hoymercedes.com.ar\/principal\/wp-json\/wp\/v2\/tags?post=92498"}],"curies":[{"name":"wp","href":"https:\/\/api.w.org\/{rel}","templated":true}]}}