{"id":92504,"date":"2019-05-08T07:26:21","date_gmt":"2019-05-08T10:26:21","guid":{"rendered":"http:\/\/www.hoymercedes.com.ar\/principal\/?p=92504"},"modified":"2019-05-07T20:30:39","modified_gmt":"2019-05-07T23:30:39","slug":"el-profesor-kohan-dara-una-clinica-de-futbol-en-san-andres-de-giles","status":"publish","type":"post","link":"https:\/\/www.hoymercedes.com.ar\/principal\/2019\/05\/08\/el-profesor-kohan-dara-una-clinica-de-futbol-en-san-andres-de-giles\/","title":{"rendered":"El profesor Kohan dar\u00e1 una cl\u00ednica de f\u00fatbol en San Andr\u00e9s de Giles"},"content":{"rendered":"\n<p>San Andr\u00e9s de Giles, recibir\u00e1 el pr\u00f3ximo viernes 10 al reconocido preparador f\u00edsico Alejandro Kohan. El <em>Profe<\/em>\u00a0dar\u00e1 una Cl\u00ednica de F\u00fatbol gratuita en el Club El Front\u00f3n. Una muy buena oportunidad para enriquecer el conocimiento.<\/p>\n\n\n\n<figure class=\"wp-block-image\"><img loading=\"lazy\" decoding=\"async\" width=\"696\" height=\"463\" data-attachment-id=\"92505\" data-permalink=\"https:\/\/www.hoymercedes.com.ar\/principal\/2019\/05\/08\/el-profesor-kohan-dara-una-clinica-de-futbol-en-san-andres-de-giles\/alejandro-kohan\/#main\" data-orig-file=\"https:\/\/www.hoymercedes.com.ar\/principal\/wp-content\/uploads\/2019\/05\/Alejandro-Kohan.jpg\" data-orig-size=\"696,463\" data-comments-opened=\"0\" data-image-meta=\"{&quot;aperture&quot;:&quot;0&quot;,&quot;credit&quot;:&quot;&quot;,&quot;camera&quot;:&quot;&quot;,&quot;caption&quot;:&quot;&quot;,&quot;created_timestamp&quot;:&quot;0&quot;,&quot;copyright&quot;:&quot;&quot;,&quot;focal_length&quot;:&quot;0&quot;,&quot;iso&quot;:&quot;0&quot;,&quot;shutter_speed&quot;:&quot;0&quot;,&quot;title&quot;:&quot;&quot;,&quot;orientation&quot;:&quot;0&quot;}\" data-image-title=\"Alejandro Kohan\" data-image-description=\"\" data-image-caption=\"\" data-large-file=\"https:\/\/www.hoymercedes.com.ar\/principal\/wp-content\/uploads\/2019\/05\/Alejandro-Kohan.jpg\" src=\"https:\/\/www.hoymercedes.com.ar\/principal\/wp-content\/uploads\/2019\/05\/Alejandro-Kohan.jpg\" alt=\"\" class=\"wp-image-92505\" srcset=\"https:\/\/www.hoymercedes.com.ar\/principal\/wp-content\/uploads\/2019\/05\/Alejandro-Kohan.jpg 696w, https:\/\/www.hoymercedes.com.ar\/principal\/wp-content\/uploads\/2019\/05\/Alejandro-Kohan-150x100.jpg 150w, https:\/\/www.hoymercedes.com.ar\/principal\/wp-content\/uploads\/2019\/05\/Alejandro-Kohan-630x419.jpg 630w, https:\/\/www.hoymercedes.com.ar\/principal\/wp-content\/uploads\/2019\/05\/Alejandro-Kohan-360x240.jpg 360w\" sizes=\"auto, (max-width: 696px) 100vw, 696px\" \/><\/figure>\n\n\n\n<p>Kohan tiene una basta trayectoria en el mundo profesional. Pas\u00f3 por River, Monterrey (M\u00e9xico), Parma (Italia), Independiente, la Selecci\u00f3n de Uruguay, entre otros equipos. En la actualidad est\u00e1 a cargo del Cuerpo F\u00edsico del Club Atl\u00e9tico Banfield que hoy conduce Hern\u00e1n Crespo.<\/p>\n\n\n\n<p>La Cl\u00ednica, abierta a la comunidad, tendr\u00e1 como eje el entrenamiento integrado, los nuevos paradigmas y la evoluci\u00f3n did\u00e1ctica del proceso del entrenamiento. El videoanalista Ignacio Ayaso, acompa\u00f1ar\u00e1 al&nbsp;<em>Profe<\/em>&nbsp;Kohan.<\/p>\n","protected":false},"excerpt":{"rendered":"<p>San Andr\u00e9s de Giles, recibir\u00e1 el pr\u00f3ximo viernes 10 al reconocido preparador f\u00edsico Alejandro Kohan. El Profe\u00a0dar\u00e1 una Cl\u00ednica de &#8230; <a title=\"El profesor Kohan dar\u00e1 una cl\u00ednica de f\u00fatbol en San Andr\u00e9s de Giles\" class=\"read-more\" href=\"https:\/\/www.hoymercedes.com.ar\/principal\/2019\/05\/08\/el-profesor-kohan-dara-una-clinica-de-futbol-en-san-andres-de-giles\/\" aria-label=\"Leer m\u00e1s sobre El profesor Kohan dar\u00e1 una cl\u00ednica de f\u00fatbol en San Andr\u00e9s de Giles\">Leer m\u00e1s<\/a><\/p>\n","protected":false},"author":1,"featured_media":92505,"comment_status":"closed","ping_status":"open","sticky":false,"template":"","format":"standard","meta":{"_monsterinsights_skip_tracking":false,"_monsterinsights_sitenote_active":false,"_monsterinsights_sitenote_note":"","_monsterinsights_sitenote_category":0,"jetpack_post_was_ever_published":false,"_jetpack_newsletter_access":"","_jetpack_dont_email_post_to_subs":false,"_jetpack_newsletter_tier_id":0,"_jetpack_memberships_contains_paywalled_content":false,"_jetpack_memberships_contains_paid_content":false,"footnotes":"","jetpack_publicize_message":"","jetpack_publicize_feature_enabled":true,"jetpack_social_post_already_shared":true,"jetpack_social_options":{"image_generator_settings":{"template":"highway","default_image_id":0,"font":"","enabled":false},"version":2},"_wpas_customize_per_network":false},"categories":[21],"tags":[1003,15019,14212],"class_list":["post-92504","post","type-post","status-publish","format-standard","has-post-thumbnail","hentry","category-deportes","tag-futbol","tag-hernan-crespo","tag-superliga","generate-columns","tablet-grid-50","mobile-grid-100","grid-parent","grid-50"],"jetpack_publicize_connections":[],"jetpack_featured_media_url":"https:\/\/www.hoymercedes.com.ar\/principal\/wp-content\/uploads\/2019\/05\/Alejandro-Kohan.jpg","wps_subtitle":"F\u00fatbol","jetpack_sharing_enabled":true,"_links":{"self":[{"href":"https:\/\/www.hoymercedes.com.ar\/principal\/wp-json\/wp\/v2\/posts\/92504","targetHints":{"allow":["GET"]}}],"collection":[{"href":"https:\/\/www.hoymercedes.com.ar\/principal\/wp-json\/wp\/v2\/posts"}],"about":[{"href":"https:\/\/www.hoymercedes.com.ar\/principal\/wp-json\/wp\/v2\/types\/post"}],"author":[{"embeddable":true,"href":"https:\/\/www.hoymercedes.com.ar\/principal\/wp-json\/wp\/v2\/users\/1"}],"replies":[{"embeddable":true,"href":"https:\/\/www.hoymercedes.com.ar\/principal\/wp-json\/wp\/v2\/comments?post=92504"}],"version-history":[{"count":0,"href":"https:\/\/www.hoymercedes.com.ar\/principal\/wp-json\/wp\/v2\/posts\/92504\/revisions"}],"wp:featuredmedia":[{"embeddable":true,"href":"https:\/\/www.hoymercedes.com.ar\/principal\/wp-json\/wp\/v2\/media\/92505"}],"wp:attachment":[{"href":"https:\/\/www.hoymercedes.com.ar\/principal\/wp-json\/wp\/v2\/media?parent=92504"}],"wp:term":[{"taxonomy":"category","embeddable":true,"href":"https:\/\/www.hoymercedes.com.ar\/principal\/wp-json\/wp\/v2\/categories?post=92504"},{"taxonomy":"post_tag","embeddable":true,"href":"https:\/\/www.hoymercedes.com.ar\/principal\/wp-json\/wp\/v2\/tags?post=92504"}],"curies":[{"name":"wp","href":"https:\/\/api.w.org\/{rel}","templated":true}]}}