{"id":92513,"date":"2019-05-08T14:35:52","date_gmt":"2019-05-08T17:35:52","guid":{"rendered":"http:\/\/www.hoymercedes.com.ar\/principal\/?p=92513"},"modified":"2019-05-07T20:44:57","modified_gmt":"2019-05-07T23:44:57","slug":"brianna-becerro-se-destaco-en-cordoba-en-un-certamen-de-taekwondo","status":"publish","type":"post","link":"https:\/\/www.hoymercedes.com.ar\/principal\/2019\/05\/08\/brianna-becerro-se-destaco-en-cordoba-en-un-certamen-de-taekwondo\/","title":{"rendered":"Brianna Becerro se destac\u00f3 en C\u00f3rdoba en un certamen de Taekwondo"},"content":{"rendered":"\n<p>La joven&nbsp;<strong>Briana Becerro<\/strong>&nbsp;obtuvo excelentes resultados en un certamen de artes marciales en la provincia de C\u00f3rdoba este domingo.<\/p>\n\n\n\n<figure class=\"wp-block-image\"><img loading=\"lazy\" decoding=\"async\" width=\"575\" height=\"1024\" data-attachment-id=\"92514\" data-permalink=\"https:\/\/www.hoymercedes.com.ar\/principal\/2019\/05\/08\/brianna-becerro-se-destaco-en-cordoba-en-un-certamen-de-taekwondo\/brianna-becerro-taekwondo\/#main\" data-orig-file=\"https:\/\/www.hoymercedes.com.ar\/principal\/wp-content\/uploads\/2019\/05\/Brianna-Becerro-Taekwondo.jpg\" data-orig-size=\"584,1040\" data-comments-opened=\"0\" data-image-meta=\"{&quot;aperture&quot;:&quot;0&quot;,&quot;credit&quot;:&quot;&quot;,&quot;camera&quot;:&quot;&quot;,&quot;caption&quot;:&quot;&quot;,&quot;created_timestamp&quot;:&quot;0&quot;,&quot;copyright&quot;:&quot;&quot;,&quot;focal_length&quot;:&quot;0&quot;,&quot;iso&quot;:&quot;0&quot;,&quot;shutter_speed&quot;:&quot;0&quot;,&quot;title&quot;:&quot;&quot;,&quot;orientation&quot;:&quot;0&quot;}\" data-image-title=\"Brianna Becerro Taekwondo\" data-image-description=\"\" data-image-caption=\"\" data-large-file=\"https:\/\/www.hoymercedes.com.ar\/principal\/wp-content\/uploads\/2019\/05\/Brianna-Becerro-Taekwondo-575x1024.jpg\" src=\"https:\/\/www.hoymercedes.com.ar\/principal\/wp-content\/uploads\/2019\/05\/Brianna-Becerro-Taekwondo-575x1024.jpg\" alt=\"\" class=\"wp-image-92514\" srcset=\"https:\/\/www.hoymercedes.com.ar\/principal\/wp-content\/uploads\/2019\/05\/Brianna-Becerro-Taekwondo-575x1024.jpg 575w, https:\/\/www.hoymercedes.com.ar\/principal\/wp-content\/uploads\/2019\/05\/Brianna-Becerro-Taekwondo-84x150.jpg 84w, https:\/\/www.hoymercedes.com.ar\/principal\/wp-content\/uploads\/2019\/05\/Brianna-Becerro-Taekwondo-348x620.jpg 348w, https:\/\/www.hoymercedes.com.ar\/principal\/wp-content\/uploads\/2019\/05\/Brianna-Becerro-Taekwondo.jpg 584w\" sizes=\"auto, (max-width: 575px) 100vw, 575px\" \/><\/figure>\n\n\n\n<p>En la localidad de Laboulaye hubo un torneo para ni\u00f1os, j\u00f3venes y adultos de Taekwondo en el que&nbsp;Brianna pudo competir y obtener segundo puesto en formas y tercer puesto en lucha.<\/p>\n\n\n\n<p>La peque\u00f1a gran Brianna es alumna de la campeona peruana de la disciplina e instructora internacional Ximena Arellano \u2013quien dicta clases en Mercedes desde 2017.<\/p>\n\n\n\n<figure class=\"wp-block-image\"><img loading=\"lazy\" decoding=\"async\" width=\"640\" height=\"473\" data-attachment-id=\"92515\" data-permalink=\"https:\/\/www.hoymercedes.com.ar\/principal\/2019\/05\/08\/brianna-becerro-se-destaco-en-cordoba-en-un-certamen-de-taekwondo\/brianna-becerro-taekwondo-2\/#main\" data-orig-file=\"https:\/\/www.hoymercedes.com.ar\/principal\/wp-content\/uploads\/2019\/05\/Brianna-Becerro-Taekwondo-2.jpg\" data-orig-size=\"640,473\" data-comments-opened=\"0\" data-image-meta=\"{&quot;aperture&quot;:&quot;0&quot;,&quot;credit&quot;:&quot;&quot;,&quot;camera&quot;:&quot;&quot;,&quot;caption&quot;:&quot;&quot;,&quot;created_timestamp&quot;:&quot;0&quot;,&quot;copyright&quot;:&quot;&quot;,&quot;focal_length&quot;:&quot;0&quot;,&quot;iso&quot;:&quot;0&quot;,&quot;shutter_speed&quot;:&quot;0&quot;,&quot;title&quot;:&quot;&quot;,&quot;orientation&quot;:&quot;0&quot;}\" data-image-title=\"Brianna Becerro Taekwondo 2\" data-image-description=\"\" data-image-caption=\"\" data-large-file=\"https:\/\/www.hoymercedes.com.ar\/principal\/wp-content\/uploads\/2019\/05\/Brianna-Becerro-Taekwondo-2.jpg\" src=\"https:\/\/www.hoymercedes.com.ar\/principal\/wp-content\/uploads\/2019\/05\/Brianna-Becerro-Taekwondo-2.jpg\" alt=\"\" class=\"wp-image-92515\" srcset=\"https:\/\/www.hoymercedes.com.ar\/principal\/wp-content\/uploads\/2019\/05\/Brianna-Becerro-Taekwondo-2.jpg 640w, https:\/\/www.hoymercedes.com.ar\/principal\/wp-content\/uploads\/2019\/05\/Brianna-Becerro-Taekwondo-2-150x111.jpg 150w, https:\/\/www.hoymercedes.com.ar\/principal\/wp-content\/uploads\/2019\/05\/Brianna-Becerro-Taekwondo-2-630x466.jpg 630w, https:\/\/www.hoymercedes.com.ar\/principal\/wp-content\/uploads\/2019\/05\/Brianna-Becerro-Taekwondo-2-100x75.jpg 100w\" sizes=\"auto, (max-width: 640px) 100vw, 640px\" \/><\/figure>\n\n\n\n<p>Becerro fue parte del Torneo 30\u00ba Aniversario de Taekwondo este domingo 5 de mayo, en el marco de la \u00abCopa Ciudad de Laboulaye\u00bb, desarrollado en la Uni\u00f3n Vecinal, de Vicente L\u00f3pez 15, Barrio Belgrano, de Laboulaye.<\/p>\n","protected":false},"excerpt":{"rendered":"<p>La joven&nbsp;Briana Becerro&nbsp;obtuvo excelentes resultados en un certamen de artes marciales en la provincia de C\u00f3rdoba este domingo. En la &#8230; <a title=\"Brianna Becerro se destac\u00f3 en C\u00f3rdoba en un certamen de Taekwondo\" class=\"read-more\" href=\"https:\/\/www.hoymercedes.com.ar\/principal\/2019\/05\/08\/brianna-becerro-se-destaco-en-cordoba-en-un-certamen-de-taekwondo\/\" aria-label=\"Leer m\u00e1s sobre Brianna Becerro se destac\u00f3 en C\u00f3rdoba en un certamen de Taekwondo\">Leer m\u00e1s<\/a><\/p>\n","protected":false},"author":1,"featured_media":92514,"comment_status":"closed","ping_status":"open","sticky":false,"template":"","format":"standard","meta":{"_monsterinsights_skip_tracking":false,"_monsterinsights_sitenote_active":false,"_monsterinsights_sitenote_note":"","_monsterinsights_sitenote_category":0,"jetpack_post_was_ever_published":false,"_jetpack_newsletter_access":"","_jetpack_dont_email_post_to_subs":false,"_jetpack_newsletter_tier_id":0,"_jetpack_memberships_contains_paywalled_content":false,"_jetpack_memberships_contains_paid_content":false,"footnotes":"","jetpack_publicize_message":"","jetpack_publicize_feature_enabled":true,"jetpack_social_post_already_shared":true,"jetpack_social_options":{"image_generator_settings":{"template":"highway","default_image_id":0,"font":"","enabled":false},"version":2},"_wpas_customize_per_network":false},"categories":[21],"tags":[10969,9549],"class_list":["post-92513","post","type-post","status-publish","format-standard","has-post-thumbnail","hentry","category-deportes","tag-brianna-becerro","tag-cordoba","generate-columns","tablet-grid-50","mobile-grid-100","grid-parent","grid-50"],"jetpack_publicize_connections":[],"jetpack_featured_media_url":"https:\/\/www.hoymercedes.com.ar\/principal\/wp-content\/uploads\/2019\/05\/Brianna-Becerro-Taekwondo.jpg","wps_subtitle":"Artes Marciales","jetpack_sharing_enabled":true,"_links":{"self":[{"href":"https:\/\/www.hoymercedes.com.ar\/principal\/wp-json\/wp\/v2\/posts\/92513","targetHints":{"allow":["GET"]}}],"collection":[{"href":"https:\/\/www.hoymercedes.com.ar\/principal\/wp-json\/wp\/v2\/posts"}],"about":[{"href":"https:\/\/www.hoymercedes.com.ar\/principal\/wp-json\/wp\/v2\/types\/post"}],"author":[{"embeddable":true,"href":"https:\/\/www.hoymercedes.com.ar\/principal\/wp-json\/wp\/v2\/users\/1"}],"replies":[{"embeddable":true,"href":"https:\/\/www.hoymercedes.com.ar\/principal\/wp-json\/wp\/v2\/comments?post=92513"}],"version-history":[{"count":0,"href":"https:\/\/www.hoymercedes.com.ar\/principal\/wp-json\/wp\/v2\/posts\/92513\/revisions"}],"wp:featuredmedia":[{"embeddable":true,"href":"https:\/\/www.hoymercedes.com.ar\/principal\/wp-json\/wp\/v2\/media\/92514"}],"wp:attachment":[{"href":"https:\/\/www.hoymercedes.com.ar\/principal\/wp-json\/wp\/v2\/media?parent=92513"}],"wp:term":[{"taxonomy":"category","embeddable":true,"href":"https:\/\/www.hoymercedes.com.ar\/principal\/wp-json\/wp\/v2\/categories?post=92513"},{"taxonomy":"post_tag","embeddable":true,"href":"https:\/\/www.hoymercedes.com.ar\/principal\/wp-json\/wp\/v2\/tags?post=92513"}],"curies":[{"name":"wp","href":"https:\/\/api.w.org\/{rel}","templated":true}]}}