{"id":92537,"date":"2019-05-08T16:01:53","date_gmt":"2019-05-08T19:01:53","guid":{"rendered":"http:\/\/www.hoymercedes.com.ar\/principal\/?p=92537"},"modified":"2019-05-08T20:26:13","modified_gmt":"2019-05-08T23:26:13","slug":"escritores-de-mercedes-participaron-en-la-feria-del-libro","status":"publish","type":"post","link":"https:\/\/www.hoymercedes.com.ar\/principal\/2019\/05\/08\/escritores-de-mercedes-participaron-en-la-feria-del-libro\/","title":{"rendered":"Escritores de Mercedes participaron en la Feria del Libro"},"content":{"rendered":"\n<p>En la Feria del Libro de la ciudad de Buenos Aires (FILBA) que contin\u00faa hasta el lunes pr\u00f3ximos, escritores mercedinos nucleados en la SADE presentaron sus libros durante tres d\u00edas pasados. <\/p>\n\n\n\n<figure class=\"wp-block-image\"><img loading=\"lazy\" decoding=\"async\" width=\"750\" height=\"672\" data-attachment-id=\"92538\" data-permalink=\"https:\/\/www.hoymercedes.com.ar\/principal\/2019\/05\/08\/escritores-de-mercedes-participaron-en-la-feria-del-libro\/08-filba-sade-mercedes-1\/#main\" data-orig-file=\"https:\/\/www.hoymercedes.com.ar\/principal\/wp-content\/uploads\/2019\/05\/08-filba-SADE-Mercedes-1.jpg\" data-orig-size=\"750,672\" data-comments-opened=\"0\" data-image-meta=\"{&quot;aperture&quot;:&quot;0&quot;,&quot;credit&quot;:&quot;&quot;,&quot;camera&quot;:&quot;&quot;,&quot;caption&quot;:&quot;&quot;,&quot;created_timestamp&quot;:&quot;0&quot;,&quot;copyright&quot;:&quot;&quot;,&quot;focal_length&quot;:&quot;0&quot;,&quot;iso&quot;:&quot;0&quot;,&quot;shutter_speed&quot;:&quot;0&quot;,&quot;title&quot;:&quot;&quot;,&quot;orientation&quot;:&quot;0&quot;}\" data-image-title=\"08 filba SADE Mercedes 1\" data-image-description=\"\" data-image-caption=\"\" data-large-file=\"https:\/\/www.hoymercedes.com.ar\/principal\/wp-content\/uploads\/2019\/05\/08-filba-SADE-Mercedes-1.jpg\" src=\"https:\/\/www.hoymercedes.com.ar\/principal\/wp-content\/uploads\/2019\/05\/08-filba-SADE-Mercedes-1.jpg\" alt=\"\" class=\"wp-image-92538\" srcset=\"https:\/\/www.hoymercedes.com.ar\/principal\/wp-content\/uploads\/2019\/05\/08-filba-SADE-Mercedes-1.jpg 750w, https:\/\/www.hoymercedes.com.ar\/principal\/wp-content\/uploads\/2019\/05\/08-filba-SADE-Mercedes-1-150x134.jpg 150w, https:\/\/www.hoymercedes.com.ar\/principal\/wp-content\/uploads\/2019\/05\/08-filba-SADE-Mercedes-1-630x564.jpg 630w\" sizes=\"auto, (max-width: 750px) 100vw, 750px\" \/><\/figure>\n\n\n\n<p>Los d\u00edas 2, 4 y 6 de mayo, firmaron sus obras en el puesto de la SADE nacionales y disertaron en la Sala \u00abCarlos Gorostiza\u00bb de la FILBA. \u00abEl m\u00e1s alto honor que un escritor puede lograr\u00bb, seg\u00fan dijeron los autores participantes. <\/p>\n\n\n\n<p>Los escritores mercedinos Juan Manuel Bories Maxwell, autor de \u00abSue\u00f1os de un cualquiera\u00bb; Mar\u00eda Amelia Dinova Castro, autora de \u00abMadre Tierra\u00bb; Bruno Le\u00f3n Z\u00e1rate, autor de la novela \u00abLa Orden de los Serafines 1\u00bb y Jorge Alberto Citr\u00e1ngolo Casal, director de la Serie de Antolog\u00edas Doradas, se presentaron en la Feria y contaron sus experiencias y los libros de su autor\u00eda. <\/p>\n\n\n\n<p>Adem\u00e1s se present\u00f3 la antolog\u00eda de la cual participaron 48 escritores de todo el pa\u00eds junto a Alejandro Vaccaro Chao, Presidente de SADE Nacional y  Vice de la Fundaci\u00f3n El Libro, y a Ernesto Fern\u00e1ndez N\u00fa\u00f1ez vicepresidente de SADE.\u00a0 <\/p>\n\n\n\n<figure class=\"wp-block-image\"><img loading=\"lazy\" decoding=\"async\" width=\"750\" height=\"501\" data-attachment-id=\"92539\" data-permalink=\"https:\/\/www.hoymercedes.com.ar\/principal\/2019\/05\/08\/escritores-de-mercedes-participaron-en-la-feria-del-libro\/08-filba-sade-mercedes-2\/#main\" data-orig-file=\"https:\/\/www.hoymercedes.com.ar\/principal\/wp-content\/uploads\/2019\/05\/08-filba-SADE-Mercedes-2.jpg\" data-orig-size=\"750,501\" data-comments-opened=\"0\" data-image-meta=\"{&quot;aperture&quot;:&quot;0&quot;,&quot;credit&quot;:&quot;&quot;,&quot;camera&quot;:&quot;&quot;,&quot;caption&quot;:&quot;&quot;,&quot;created_timestamp&quot;:&quot;0&quot;,&quot;copyright&quot;:&quot;&quot;,&quot;focal_length&quot;:&quot;0&quot;,&quot;iso&quot;:&quot;0&quot;,&quot;shutter_speed&quot;:&quot;0&quot;,&quot;title&quot;:&quot;&quot;,&quot;orientation&quot;:&quot;0&quot;}\" data-image-title=\"08 filba SADE Mercedes 2\" data-image-description=\"\" data-image-caption=\"\" data-large-file=\"https:\/\/www.hoymercedes.com.ar\/principal\/wp-content\/uploads\/2019\/05\/08-filba-SADE-Mercedes-2.jpg\" src=\"https:\/\/www.hoymercedes.com.ar\/principal\/wp-content\/uploads\/2019\/05\/08-filba-SADE-Mercedes-2.jpg\" alt=\"\" class=\"wp-image-92539\" srcset=\"https:\/\/www.hoymercedes.com.ar\/principal\/wp-content\/uploads\/2019\/05\/08-filba-SADE-Mercedes-2.jpg 750w, https:\/\/www.hoymercedes.com.ar\/principal\/wp-content\/uploads\/2019\/05\/08-filba-SADE-Mercedes-2-150x100.jpg 150w, https:\/\/www.hoymercedes.com.ar\/principal\/wp-content\/uploads\/2019\/05\/08-filba-SADE-Mercedes-2-630x421.jpg 630w, https:\/\/www.hoymercedes.com.ar\/principal\/wp-content\/uploads\/2019\/05\/08-filba-SADE-Mercedes-2-720x480.jpg 720w, https:\/\/www.hoymercedes.com.ar\/principal\/wp-content\/uploads\/2019\/05\/08-filba-SADE-Mercedes-2-360x240.jpg 360w\" sizes=\"auto, (max-width: 750px) 100vw, 750px\" \/><\/figure>\n\n\n\n<p><strong>Homenaje a Evita<\/strong><\/p>\n\n\n\n<p>En una de las presentaci\u00f3n, Mar\u00eda Amelia Dinova Castro aprovech\u00f3 la oportunidad para leer un poema en la sala Eva Per\u00f3n del Senado Nacional en el acto de aniversario por los cien a\u00f1os del natalicio de Eva Duarte. <\/p>\n\n\n\n<p>A EVITA &#8230;&#8230;&#8230;(EVA PER\u00d3N) <br> \u00a0\u00a0\u00a0\u00a0\u00a0\u00a0\u00a0\u00a0\u00a0 De Mar\u00eda Amelia Dinova Castro<br> <br>Luchadora sin descanso<br> \u00a0 sin t\u00edtulos de nobleza<br> \u00a0\u00a0 sin millones acumulados<br> \u00a0\u00a0\u00a0\u00a0\u00a0 sin acciones en empresas<br> <br> Humilde y aguerrida<br> <br> Solo tuviste el poder <br> que te dieron\u00a0 tus convicciones<br> en esa lucha<br> \u00a0\u00a0 sin descanso\u00a0\u00a0\u00a0 <br> \u00a0\u00a0\u00a0\u00a0\u00a0\u00a0\u00a0\u00a0\u00a0 por los trabajadores\u00a0\u00a0 <br> \u00a0\u00a0\u00a0\u00a0\u00a0\u00a0\u00a0\u00a0\u00a0\u00a0\u00a0\u00a0\u00a0\u00a0\u00a0\u00a0\u00a0\u00a0\u00a0\u00a0\u00a0\u00a0\u00a0 de nuestra patria\u00a0\u00a0 <br> que como nunca <br> \u00a0 hasta nuestros d\u00edas<br> \u00a0\u00a0\u00a0\u00a0\u00a0 su dignidad encontraron<br> \u00a0 y a gritos te ped\u00edan<br> \u00a0\u00a0\u00a0\u00a0\u00a0\u00a0\u00a0 que con ellos te quedaras.<br> <br> Contigo las mujeres <br> \u00a0\u00a0 se sintieron plenas, <br> \u00a0\u00a0\u00a0\u00a0\u00a0\u00a0 verdaderas protagonistas<br> \u00a0\u00a0\u00a0\u00a0\u00a0\u00a0\u00a0\u00a0\u00a0\u00a0\u00a0\u00a0\u00a0\u00a0\u00a0\u00a0\u00a0\u00a0\u00a0\u00a0\u00a0\u00a0\u00a0\u00a0\u00a0\u00a0\u00a0\u00a0\u00a0 de la historia<br> trabajando junto a ti<br> \u00a0\u00a0\u00a0\u00a0 por los ni\u00f1os de esta tierra<br> \u00a0\u00a0\u00a0\u00a0\u00a0\u00a0\u00a0\u00a0\u00a0\u00a0\u00a0\u00a0\u00a0\u00a0\u00a0\u00a0\u00a0\u00a0\u00a0\u00a0\u00a0\u00a0\u00a0\u00a0\u00a0\u00a0 a quienes diste<br> \u00a0\u00a0\u00a0\u00a0\u00a0\u00a0 <br> \u00a0\u00a0\u00a0\u00a0\u00a0 Tu vida y la Esperanza<br> <br> que dejaste\u00a0 siendo tan joven<br> \u00a0\u00a0\u00a0\u00a0\u00a0\u00a0\u00a0 en tu lucha revolucionaria<\/p>\n\n\n\n<p> <br> <\/p>\n","protected":false},"excerpt":{"rendered":"<p>En la Feria del Libro de la ciudad de Buenos Aires (FILBA) que contin\u00faa hasta el lunes pr\u00f3ximos, escritores mercedinos &#8230; <a title=\"Escritores de Mercedes participaron en la Feria del Libro\" class=\"read-more\" href=\"https:\/\/www.hoymercedes.com.ar\/principal\/2019\/05\/08\/escritores-de-mercedes-participaron-en-la-feria-del-libro\/\" aria-label=\"Leer m\u00e1s sobre Escritores de Mercedes participaron en la Feria del Libro\">Leer m\u00e1s<\/a><\/p>\n","protected":false},"author":1,"featured_media":92538,"comment_status":"closed","ping_status":"open","sticky":false,"template":"","format":"standard","meta":{"_monsterinsights_skip_tracking":false,"_monsterinsights_sitenote_active":false,"_monsterinsights_sitenote_note":"","_monsterinsights_sitenote_category":0,"jetpack_post_was_ever_published":false,"_jetpack_newsletter_access":"","_jetpack_dont_email_post_to_subs":false,"_jetpack_newsletter_tier_id":0,"_jetpack_memberships_contains_paywalled_content":false,"_jetpack_memberships_contains_paid_content":false,"footnotes":"","jetpack_publicize_message":"","jetpack_publicize_feature_enabled":true,"jetpack_social_post_already_shared":true,"jetpack_social_options":{"image_generator_settings":{"template":"highway","default_image_id":0,"font":"","enabled":false},"version":2},"_wpas_customize_per_network":false},"categories":[104],"tags":[7805,685,5148],"class_list":["post-92537","post","type-post","status-publish","format-standard","has-post-thumbnail","hentry","category-cultura","tag-cultura","tag-feria-del-libro","tag-sade-mercedes","generate-columns","tablet-grid-50","mobile-grid-100","grid-parent","grid-50"],"jetpack_publicize_connections":[],"jetpack_featured_media_url":"https:\/\/www.hoymercedes.com.ar\/principal\/wp-content\/uploads\/2019\/05\/08-filba-SADE-Mercedes-1.jpg","wps_subtitle":"Tres d\u00edas en FILBA","jetpack_sharing_enabled":true,"_links":{"self":[{"href":"https:\/\/www.hoymercedes.com.ar\/principal\/wp-json\/wp\/v2\/posts\/92537","targetHints":{"allow":["GET"]}}],"collection":[{"href":"https:\/\/www.hoymercedes.com.ar\/principal\/wp-json\/wp\/v2\/posts"}],"about":[{"href":"https:\/\/www.hoymercedes.com.ar\/principal\/wp-json\/wp\/v2\/types\/post"}],"author":[{"embeddable":true,"href":"https:\/\/www.hoymercedes.com.ar\/principal\/wp-json\/wp\/v2\/users\/1"}],"replies":[{"embeddable":true,"href":"https:\/\/www.hoymercedes.com.ar\/principal\/wp-json\/wp\/v2\/comments?post=92537"}],"version-history":[{"count":0,"href":"https:\/\/www.hoymercedes.com.ar\/principal\/wp-json\/wp\/v2\/posts\/92537\/revisions"}],"wp:featuredmedia":[{"embeddable":true,"href":"https:\/\/www.hoymercedes.com.ar\/principal\/wp-json\/wp\/v2\/media\/92538"}],"wp:attachment":[{"href":"https:\/\/www.hoymercedes.com.ar\/principal\/wp-json\/wp\/v2\/media?parent=92537"}],"wp:term":[{"taxonomy":"category","embeddable":true,"href":"https:\/\/www.hoymercedes.com.ar\/principal\/wp-json\/wp\/v2\/categories?post=92537"},{"taxonomy":"post_tag","embeddable":true,"href":"https:\/\/www.hoymercedes.com.ar\/principal\/wp-json\/wp\/v2\/tags?post=92537"}],"curies":[{"name":"wp","href":"https:\/\/api.w.org\/{rel}","templated":true}]}}