{"id":92541,"date":"2019-05-08T18:15:03","date_gmt":"2019-05-08T21:15:03","guid":{"rendered":"http:\/\/www.hoymercedes.com.ar\/principal\/?p=92541"},"modified":"2019-05-09T09:10:57","modified_gmt":"2019-05-09T12:10:57","slug":"vecinos-volveran-a-marchar-contra-el-peaje","status":"publish","type":"post","link":"https:\/\/www.hoymercedes.com.ar\/principal\/2019\/05\/08\/vecinos-volveran-a-marchar-contra-el-peaje\/","title":{"rendered":"Vecinos volver\u00e1n a marchar contra el peaje"},"content":{"rendered":"\n<p>El venidero domingo 12 de mayo, los vecinos autoconvocados que mantienen el reclamo para recuperar los beneficios en el peaje de Olivera, volver\u00e1n a marchar y a reclamar en la ruta 5. 15:30 horas parten de La Trocha para estar a  la hora 17 del domingo pr\u00f3ximo en las cabinas del peaje. <\/p>\n\n\n\n<figure class=\"wp-block-image\"><img loading=\"lazy\" decoding=\"async\" width=\"750\" height=\"500\" data-attachment-id=\"92542\" data-permalink=\"https:\/\/www.hoymercedes.com.ar\/principal\/2019\/05\/08\/vecinos-volveran-a-marchar-contra-el-peaje\/08-vecinos-peaje\/#main\" data-orig-file=\"https:\/\/www.hoymercedes.com.ar\/principal\/wp-content\/uploads\/2019\/05\/08-vecinos-peaje.jpg\" data-orig-size=\"750,500\" data-comments-opened=\"0\" data-image-meta=\"{&quot;aperture&quot;:&quot;2&quot;,&quot;credit&quot;:&quot;&quot;,&quot;camera&quot;:&quot;Moto G (5S) Plus&quot;,&quot;caption&quot;:&quot;&quot;,&quot;created_timestamp&quot;:&quot;1556363575&quot;,&quot;copyright&quot;:&quot;&quot;,&quot;focal_length&quot;:&quot;3.59&quot;,&quot;iso&quot;:&quot;750&quot;,&quot;shutter_speed&quot;:&quot;0.041666666666667&quot;,&quot;title&quot;:&quot;&quot;,&quot;orientation&quot;:&quot;1&quot;}\" data-image-title=\"08 vecinos peaje\" data-image-description=\"\" data-image-caption=\"\" data-large-file=\"https:\/\/www.hoymercedes.com.ar\/principal\/wp-content\/uploads\/2019\/05\/08-vecinos-peaje.jpg\" src=\"https:\/\/www.hoymercedes.com.ar\/principal\/wp-content\/uploads\/2019\/05\/08-vecinos-peaje.jpg\" alt=\"\" class=\"wp-image-92542\" srcset=\"https:\/\/www.hoymercedes.com.ar\/principal\/wp-content\/uploads\/2019\/05\/08-vecinos-peaje.jpg 750w, https:\/\/www.hoymercedes.com.ar\/principal\/wp-content\/uploads\/2019\/05\/08-vecinos-peaje-150x100.jpg 150w, https:\/\/www.hoymercedes.com.ar\/principal\/wp-content\/uploads\/2019\/05\/08-vecinos-peaje-630x420.jpg 630w, https:\/\/www.hoymercedes.com.ar\/principal\/wp-content\/uploads\/2019\/05\/08-vecinos-peaje-720x480.jpg 720w, https:\/\/www.hoymercedes.com.ar\/principal\/wp-content\/uploads\/2019\/05\/08-vecinos-peaje-360x240.jpg 360w\" sizes=\"auto, (max-width: 750px) 100vw, 750px\" \/><\/figure>\n\n\n\n<p>Tras una reuni\u00f3n mantenida d\u00edas atr\u00e1s, los vecinos\ndecidieron una nueva fecha para la movilizaci\u00f3n hacia el peaje y acordaron que\nlas marchas ser\u00edan una vez por mes hasta que se resuelva el reclamo. <\/p>\n\n\n\n<p>\u201cLas marchas y la entrega de volantes da un resultado porque\nel gobierno y la empresa dan cuenta de nuestra presencia en las cabinas del\npeaje. Hemos resuelto continuar con esas movilizaciones, pero una vez por mes\nhasta que se solucione el problema que planteamos nosotros. Ser\u00e1n todos los\nsegundos domingos del mes\u201d, explic\u00f3 Marcelo Suarez en una entrevista radial\nd\u00edas atr\u00e1s. <\/p>\n\n\n\n<p>Asimismo, en la asamblea se nombr\u00f3 a dos delegados ante una\nposible reuni\u00f3n. Uno de ellos es Su\u00e1rez e ir\u00eda acompa\u00f1ado de Eduardo Zunino.\nAunque esperan la concreci\u00f3n de hora y fecha de la reuni\u00f3n. <\/p>\n\n\n\n<p>En la reuni\u00f3n tambi\u00e9n se plante\u00f3 realizar una charla abierta\ncon Ricardo Lascar de la CONADUV que plantea la inconstitucionalidad de los\npeajes y la necesidad de que se saquen de las rutas argentinas. Esto ayudar\u00eda,\na su vez, a que m\u00e1s vecinos conozcan la problem\u00e1tica que plantean y se sumen a\nlos reclamos permanentes que realizan los vecinos autoconvocados. M\u00e1s all\u00e1 de\nestar juntando firmas para presentar ante Vialidad m\u00e1s all\u00e1 de los beneficios\nconfirmados para los vecinos de Goldney. <\/p>\n","protected":false},"excerpt":{"rendered":"<p>El venidero domingo 12 de mayo, los vecinos autoconvocados que mantienen el reclamo para recuperar los beneficios en el peaje &#8230; <a title=\"Vecinos volver\u00e1n a marchar contra el peaje\" class=\"read-more\" href=\"https:\/\/www.hoymercedes.com.ar\/principal\/2019\/05\/08\/vecinos-volveran-a-marchar-contra-el-peaje\/\" aria-label=\"Leer m\u00e1s sobre Vecinos volver\u00e1n a marchar contra el peaje\">Leer m\u00e1s<\/a><\/p>\n","protected":false},"author":1,"featured_media":92542,"comment_status":"closed","ping_status":"open","sticky":false,"template":"","format":"standard","meta":{"_monsterinsights_skip_tracking":false,"_monsterinsights_sitenote_active":false,"_monsterinsights_sitenote_note":"","_monsterinsights_sitenote_category":0,"jetpack_post_was_ever_published":false,"_jetpack_newsletter_access":"","_jetpack_dont_email_post_to_subs":false,"_jetpack_newsletter_tier_id":0,"_jetpack_memberships_contains_paywalled_content":false,"_jetpack_memberships_contains_paid_content":false,"footnotes":"","jetpack_publicize_message":"","jetpack_publicize_feature_enabled":true,"jetpack_social_post_already_shared":true,"jetpack_social_options":{"image_generator_settings":{"template":"highway","default_image_id":0,"font":"","enabled":false},"version":2},"_wpas_customize_per_network":false},"categories":[8],"tags":[10,7279,100,538,2878],"class_list":["post-92541","post","type-post","status-publish","format-standard","has-post-thumbnail","hentry","category-sociedad","tag-mercedes","tag-peaje","tag-reclamo","tag-ruta-5","tag-vecinos-autoconvocados","generate-columns","tablet-grid-50","mobile-grid-100","grid-parent","grid-50"],"jetpack_publicize_connections":[],"jetpack_featured_media_url":"https:\/\/www.hoymercedes.com.ar\/principal\/wp-content\/uploads\/2019\/05\/08-vecinos-peaje.jpg","wps_subtitle":"El pr\u00f3ximo domingo 12 de mayo","jetpack_sharing_enabled":true,"_links":{"self":[{"href":"https:\/\/www.hoymercedes.com.ar\/principal\/wp-json\/wp\/v2\/posts\/92541","targetHints":{"allow":["GET"]}}],"collection":[{"href":"https:\/\/www.hoymercedes.com.ar\/principal\/wp-json\/wp\/v2\/posts"}],"about":[{"href":"https:\/\/www.hoymercedes.com.ar\/principal\/wp-json\/wp\/v2\/types\/post"}],"author":[{"embeddable":true,"href":"https:\/\/www.hoymercedes.com.ar\/principal\/wp-json\/wp\/v2\/users\/1"}],"replies":[{"embeddable":true,"href":"https:\/\/www.hoymercedes.com.ar\/principal\/wp-json\/wp\/v2\/comments?post=92541"}],"version-history":[{"count":0,"href":"https:\/\/www.hoymercedes.com.ar\/principal\/wp-json\/wp\/v2\/posts\/92541\/revisions"}],"wp:featuredmedia":[{"embeddable":true,"href":"https:\/\/www.hoymercedes.com.ar\/principal\/wp-json\/wp\/v2\/media\/92542"}],"wp:attachment":[{"href":"https:\/\/www.hoymercedes.com.ar\/principal\/wp-json\/wp\/v2\/media?parent=92541"}],"wp:term":[{"taxonomy":"category","embeddable":true,"href":"https:\/\/www.hoymercedes.com.ar\/principal\/wp-json\/wp\/v2\/categories?post=92541"},{"taxonomy":"post_tag","embeddable":true,"href":"https:\/\/www.hoymercedes.com.ar\/principal\/wp-json\/wp\/v2\/tags?post=92541"}],"curies":[{"name":"wp","href":"https:\/\/api.w.org\/{rel}","templated":true}]}}