{"id":92548,"date":"2019-05-09T07:25:08","date_gmt":"2019-05-09T10:25:08","guid":{"rendered":"http:\/\/www.hoymercedes.com.ar\/principal\/?p=92548"},"modified":"2019-05-08T20:37:50","modified_gmt":"2019-05-08T23:37:50","slug":"alfa-desterro-a-envion-de-la-punta-del-femenino-en-primera-division","status":"publish","type":"post","link":"https:\/\/www.hoymercedes.com.ar\/principal\/2019\/05\/09\/alfa-desterro-a-envion-de-la-punta-del-femenino-en-primera-division\/","title":{"rendered":"ALFA desterr\u00f3 a Envi\u00f3n de la punta del Femenino en Primera Divisi\u00f3n"},"content":{"rendered":"\n<p>La lluvia impidi\u00f3 que jueguen las divisiones inferiores, por lo que s\u00f3lo salieron a la cancha las chicas de la Primera, en donde hubo cambios en las posiciones, porque Envi\u00f3n perdi\u00f3 la punta al caer ante Juventud 1 a 0 y ALFA es el nuevo l\u00edder del campeonato tras derrotar a Costa Brava 2 a 0.<\/p>\n\n\n\n<p>Adem\u00e1s, El Front\u00f3n consigui\u00f3 su primer triunfo en el campeonato y Mercedes se qued\u00f3 con el cl\u00e1sico ante V\u00e9lez. Gowlando no pudo continuar sumando en el torneo al caer ante Estudiantes.<\/p>\n\n\n\n<p><strong>V\u00e9lez 1:<\/strong>&nbsp;Roc\u00edo Ponce.<br><strong>Club Mercedes 2:<\/strong>&nbsp;Yanina Russo y Agustina Zunino.<\/p>\n\n\n\n<p><strong>Estudiantes 1:<\/strong>&nbsp;Andrea Valdez.<br><strong>Deportivo Gowland 0<\/strong>.<\/p>\n\n\n\n<p><strong>Juventud 1:&nbsp;<\/strong>Noelia C\u00f3caro.<br><strong>Envi\u00f3n 0<\/strong>.<\/p>\n\n\n\n<p><strong>Costa Brava 0<\/strong>.<br><strong>Alfa 2:<\/strong>\u00a0Bel\u00e9n Lucero y Ver\u00f3nica Rivero.<\/p>\n\n\n\n<p><strong>El Front\u00f3n 2:<\/strong>\u00a0Agustina Cejas y Marina Prado.<br><strong>AMEFIP San Mart\u00edn 1:<\/strong>\u00a0Ver\u00f3nica Samaniego. <\/p>\n\n\n\n<p><em><strong>S\u00e1bado 11 de mayo, Primera Divisi\u00f3n, cancha Alfa de Olivera<\/strong><\/em><br>13:00 hs. AMEFIP Vs. Estudiantes<br>14:00 hs. Alfa Vs. Juventud<br>15:00 hs. Mercedes Vs. El Front\u00f3n<br>16:00 hs. Deportivo Gowland Vs . Costa Brava<br>17:00 hs. Envi\u00f3n Vs. Los Carteros<\/p>\n\n\n\n<p><em><strong>Domingo 12 de mayo, Sub 16, cancha El Front\u00f3n<\/strong><\/em><br>12:00 hs. El Front\u00f3n Vs. Alfa<br>13:00 hs. Los Carteros Vs. Estudiantes<br>14:00 hs. La Loma Vs. Defensores Jrs.<\/p>\n\n\n\n<div class=\"wp-block-image\"><figure class=\"aligncenter\"><img loading=\"lazy\" decoding=\"async\" width=\"433\" height=\"277\" data-attachment-id=\"92554\" data-permalink=\"https:\/\/www.hoymercedes.com.ar\/principal\/2019\/05\/09\/alfa-desterro-a-envion-de-la-punta-del-femenino-en-primera-division\/pos-fem-pri-3\/#main\" data-orig-file=\"https:\/\/www.hoymercedes.com.ar\/principal\/wp-content\/uploads\/2019\/05\/POS-FEM-PRI.png\" data-orig-size=\"433,277\" data-comments-opened=\"0\" data-image-meta=\"{&quot;aperture&quot;:&quot;0&quot;,&quot;credit&quot;:&quot;&quot;,&quot;camera&quot;:&quot;&quot;,&quot;caption&quot;:&quot;&quot;,&quot;created_timestamp&quot;:&quot;0&quot;,&quot;copyright&quot;:&quot;&quot;,&quot;focal_length&quot;:&quot;0&quot;,&quot;iso&quot;:&quot;0&quot;,&quot;shutter_speed&quot;:&quot;0&quot;,&quot;title&quot;:&quot;&quot;,&quot;orientation&quot;:&quot;0&quot;}\" data-image-title=\"POS FEM PRI\" data-image-description=\"\" data-image-caption=\"\" data-large-file=\"https:\/\/www.hoymercedes.com.ar\/principal\/wp-content\/uploads\/2019\/05\/POS-FEM-PRI.png\" src=\"https:\/\/www.hoymercedes.com.ar\/principal\/wp-content\/uploads\/2019\/05\/POS-FEM-PRI.png\" alt=\"\" class=\"wp-image-92554\" srcset=\"https:\/\/www.hoymercedes.com.ar\/principal\/wp-content\/uploads\/2019\/05\/POS-FEM-PRI.png 433w, https:\/\/www.hoymercedes.com.ar\/principal\/wp-content\/uploads\/2019\/05\/POS-FEM-PRI-150x96.png 150w\" sizes=\"auto, (max-width: 433px) 100vw, 433px\" \/><\/figure><\/div>\n\n\n\n<div class=\"wp-block-image\"><figure class=\"aligncenter\"><img loading=\"lazy\" decoding=\"async\" width=\"297\" height=\"448\" data-attachment-id=\"92555\" data-permalink=\"https:\/\/www.hoymercedes.com.ar\/principal\/2019\/05\/09\/alfa-desterro-a-envion-de-la-punta-del-femenino-en-primera-division\/gol-fem-4\/#main\" data-orig-file=\"https:\/\/www.hoymercedes.com.ar\/principal\/wp-content\/uploads\/2019\/05\/GOL-FEM.png\" data-orig-size=\"297,448\" data-comments-opened=\"0\" data-image-meta=\"{&quot;aperture&quot;:&quot;0&quot;,&quot;credit&quot;:&quot;&quot;,&quot;camera&quot;:&quot;&quot;,&quot;caption&quot;:&quot;&quot;,&quot;created_timestamp&quot;:&quot;0&quot;,&quot;copyright&quot;:&quot;&quot;,&quot;focal_length&quot;:&quot;0&quot;,&quot;iso&quot;:&quot;0&quot;,&quot;shutter_speed&quot;:&quot;0&quot;,&quot;title&quot;:&quot;&quot;,&quot;orientation&quot;:&quot;0&quot;}\" data-image-title=\"GOL FEM\" data-image-description=\"\" data-image-caption=\"\" data-large-file=\"https:\/\/www.hoymercedes.com.ar\/principal\/wp-content\/uploads\/2019\/05\/GOL-FEM.png\" src=\"https:\/\/www.hoymercedes.com.ar\/principal\/wp-content\/uploads\/2019\/05\/GOL-FEM.png\" alt=\"\" class=\"wp-image-92555\" srcset=\"https:\/\/www.hoymercedes.com.ar\/principal\/wp-content\/uploads\/2019\/05\/GOL-FEM.png 297w, https:\/\/www.hoymercedes.com.ar\/principal\/wp-content\/uploads\/2019\/05\/GOL-FEM-99x150.png 99w\" sizes=\"auto, (max-width: 297px) 100vw, 297px\" \/><\/figure><\/div>\n","protected":false},"excerpt":{"rendered":"<p>La lluvia impidi\u00f3 que jueguen las divisiones inferiores, por lo que s\u00f3lo salieron a la cancha las chicas de la &#8230; <a title=\"ALFA desterr\u00f3 a Envi\u00f3n de la punta del Femenino en Primera Divisi\u00f3n\" class=\"read-more\" href=\"https:\/\/www.hoymercedes.com.ar\/principal\/2019\/05\/09\/alfa-desterro-a-envion-de-la-punta-del-femenino-en-primera-division\/\" aria-label=\"Leer m\u00e1s sobre ALFA desterr\u00f3 a Envi\u00f3n de la punta del Femenino en Primera Divisi\u00f3n\">Leer m\u00e1s<\/a><\/p>\n","protected":false},"author":1,"featured_media":92554,"comment_status":"closed","ping_status":"open","sticky":false,"template":"","format":"standard","meta":{"_monsterinsights_skip_tracking":false,"_monsterinsights_sitenote_active":false,"_monsterinsights_sitenote_note":"","_monsterinsights_sitenote_category":0,"jetpack_post_was_ever_published":false,"_jetpack_newsletter_access":"","_jetpack_dont_email_post_to_subs":false,"_jetpack_newsletter_tier_id":0,"_jetpack_memberships_contains_paywalled_content":false,"_jetpack_memberships_contains_paid_content":false,"footnotes":"","jetpack_publicize_message":"","jetpack_publicize_feature_enabled":true,"jetpack_social_post_already_shared":true,"jetpack_social_options":{"image_generator_settings":{"template":"highway","default_image_id":0,"font":"","enabled":false},"version":2},"_wpas_customize_per_network":false},"categories":[21],"tags":[895,1901],"class_list":["post-92548","post","type-post","status-publish","format-standard","has-post-thumbnail","hentry","category-deportes","tag-futbol-femenino","tag-liga-mercedina","generate-columns","tablet-grid-50","mobile-grid-100","grid-parent","grid-50"],"jetpack_publicize_connections":[],"jetpack_featured_media_url":"https:\/\/www.hoymercedes.com.ar\/principal\/wp-content\/uploads\/2019\/05\/POS-FEM-PRI.png","wps_subtitle":"Liga Mercedina","jetpack_sharing_enabled":true,"_links":{"self":[{"href":"https:\/\/www.hoymercedes.com.ar\/principal\/wp-json\/wp\/v2\/posts\/92548","targetHints":{"allow":["GET"]}}],"collection":[{"href":"https:\/\/www.hoymercedes.com.ar\/principal\/wp-json\/wp\/v2\/posts"}],"about":[{"href":"https:\/\/www.hoymercedes.com.ar\/principal\/wp-json\/wp\/v2\/types\/post"}],"author":[{"embeddable":true,"href":"https:\/\/www.hoymercedes.com.ar\/principal\/wp-json\/wp\/v2\/users\/1"}],"replies":[{"embeddable":true,"href":"https:\/\/www.hoymercedes.com.ar\/principal\/wp-json\/wp\/v2\/comments?post=92548"}],"version-history":[{"count":0,"href":"https:\/\/www.hoymercedes.com.ar\/principal\/wp-json\/wp\/v2\/posts\/92548\/revisions"}],"wp:featuredmedia":[{"embeddable":true,"href":"https:\/\/www.hoymercedes.com.ar\/principal\/wp-json\/wp\/v2\/media\/92554"}],"wp:attachment":[{"href":"https:\/\/www.hoymercedes.com.ar\/principal\/wp-json\/wp\/v2\/media?parent=92548"}],"wp:term":[{"taxonomy":"category","embeddable":true,"href":"https:\/\/www.hoymercedes.com.ar\/principal\/wp-json\/wp\/v2\/categories?post=92548"},{"taxonomy":"post_tag","embeddable":true,"href":"https:\/\/www.hoymercedes.com.ar\/principal\/wp-json\/wp\/v2\/tags?post=92548"}],"curies":[{"name":"wp","href":"https:\/\/api.w.org\/{rel}","templated":true}]}}