{"id":92571,"date":"2019-05-09T06:20:32","date_gmt":"2019-05-09T09:20:32","guid":{"rendered":"http:\/\/www.hoymercedes.com.ar\/principal\/?p=92571"},"modified":"2019-05-08T21:41:13","modified_gmt":"2019-05-09T00:41:13","slug":"el-comienzo-de-la-desaparicion-del-pinguino-emperador-debido-al-cambio-climatico","status":"publish","type":"post","link":"https:\/\/www.hoymercedes.com.ar\/principal\/2019\/05\/09\/el-comienzo-de-la-desaparicion-del-pinguino-emperador-debido-al-cambio-climatico\/","title":{"rendered":"\u00bfEl comienzo de la desaparici\u00f3n del ping\u00fcino emperador debido al cambio clim\u00e1tico?"},"content":{"rendered":"\n<p>Por Cristi\u00e1n\nFrers* Los ping\u00fcinos se ven afectados por el cambio\nclim\u00e1tico, debido al calentamiento global en\ntodo el mundo: su entorno natural\nse ve afectado. Aquellas especies\nque viven en las regiones extremadamente fr\u00edas dependen del hielo, y cuando \u00e9ste se derrite a un ritmo tan\nveloz cambia por completo su h\u00e1bitat. Al mismo tiempo que los hace vulnerables a los\ndepredadores -de los que estaban protegidos en el\npasado- gracias a las gruesas capas de hielo.<\/p>\n\n\n\n<p>Puede que les sorprenda pero en la actualidad deben preocuparse\npor las quemaduras de sol. Algunos viven en climas c\u00e1lidos,\ndonde es posible que se calienten demasiado y\nnecesiten cubrir sus pies con sus aletas para\nevitar ser quemados por el sol.<\/p>\n\n\n\n<p>Las cr\u00edas son muy\nvulnerables pues nacen sin protecci\u00f3n y\nlos rayos del sol penetran m\u00e1s f\u00e1cilmente en la piel.<\/p>\n\n\n\n<p>En las zonas m\u00e1s c\u00e1lidas tienden a pasar m\u00e1s tiempo en el\nagua para as\u00ed poder refrescarse, lo que los hace propensos\na ser devorados por sus enemigos; tambi\u00e9n gastan m\u00e1s energ\u00eda nadando por\nlo que necesitan m\u00e1s comida.<\/p>\n\n\n\n<p>Los ping\u00fcinos emperador (Aptenodytes forsteri) debido a que nidifican en invierno bajo condiciones\nclim\u00e1ticas, no es tan territorial como los otros; sus colonias tienen un gran\nn\u00famero de individuos, en un espacio reducido,\npara protegerse mutuamente del fr\u00edo y los&nbsp;\nvientos. En el mar se pueden encontrar en gran n\u00famero sobre trozos de\nhielos a la deriva. Son muy curiosos; se aproximan\na los buques y no son agresivos. Incuban su huevo y cuidan su cr\u00eda -una por\npareja- sobre el hielo.<\/p>\n\n\n\n<p>Casi todas las cr\u00edas de una de las colonias m\u00e1s importantes murieron\ndebido al derretimiento de su h\u00e1bitat,\nseg\u00fan un estudio publicado, que describe este caso como\ncatastr\u00f3fico.<\/p>\n\n\n\n<p>En los \u00faltimos tres a\u00f1os\npr\u00e1cticamente no nacieron cr\u00edas en la segunda zona de\nreproducci\u00f3n m\u00e1s grande -en la Ant\u00e1rtida- y el a\u00f1o 2019 parece igual de\nsombr\u00edo.<\/p>\n\n\n\n<p>Por lo general entre 15.000 y 24.000 parejas de ping\u00fcinos\nemperador van cada a\u00f1o a un lugar de reproducci\u00f3n,&nbsp; considerado seguro en la bah\u00eda Halley y que\nse mantendr\u00e1 helado este siglo, a pesar del calentamiento\nglobal, pero, aun as\u00ed, casi no se registraron cr\u00edas en la zona desde 2016.<\/p>\n\n\n\n<p>Los emperadores son la especie m\u00e1s grande y pesada del mundo. La\nreproducci\u00f3n de sus cr\u00edas requiere pisos fuertes de hielo marino.\nLa fragilidad de la superficie\nprovoca que las cr\u00edas se hundan y se\nahoguen antes de tener las alas que les permitan nadar.<\/p>\n\n\n\n<p>Teniendo en cuenta los niveles de incertidumbre\necol\u00f3gica, el n\u00famero de esta clase disminuir\u00e1 dr\u00e1sticamente, perdiendo entre el 50% y el\n70% de su n\u00famero, antes de fines de este siglo.<\/p>\n\n\n\n<p>Los cient\u00edficos atribuyen la aguda declinaci\u00f3n a las condiciones\nclim\u00e1ticas y meteorol\u00f3gicas que rompen\nel hielo, donde estas especies permanecen para\nreproducirse, que le depara el futuro depende de nuestros esfuerzos.<\/p>\n\n\n\n<p>Demasiadas personas no ven el calentamiento global y el cambio\nclim\u00e1tico como algo que los preocupa.\nSin embargo, la educaci\u00f3n sobre esta cuesti\u00f3n, es la\nesperanza para que m\u00e1s personas tomen una posici\u00f3n firme y exijan los cambios\nnecesarios.<\/p>\n\n\n\n<p>Todos debemos ser conscientes\nde c\u00f3mo el calentamiento global afecta a la\nnaturaleza. Estos animales son un ejemplo del desastre en cierne. Cada uno debe asumir la responsabilidad y tomar las debidas medidas\nindividuales a fin de reducir el\ncalentamiento y crear un esfuerzo colectivo para cooperar con nuestro planeta.<\/p>\n\n\n\n<p>Debido\nal cambio clim\u00e1tico, se prev\u00e9n m\u00faltiples efectos sobre la diversidad biol\u00f3gica\nque agravar\u00e1n sus problemas de conservaci\u00f3n, por lo que las medidas o acciones\ndirigidas a conservar y usar de modo sostenible la biodiversidad deben tener en\ncuenta las necesidades de adaptaci\u00f3n al cambio clim\u00e1tico. Asimismo, deben\nconsiderarse y potenciarse las sinergias positivas entre las pol\u00edticas de\nconservaci\u00f3n de la biodiversidad y las de mitigaci\u00f3n y adaptaci\u00f3n al cambio\nclim\u00e1tico, pilares fundamentales en los que se basa la lucha global contra el\ncambio clim\u00e1tico.<\/p>\n\n\n\n<p>*Cristi\u00e1n\nFrers \u2013 T\u00e9cnico Superior en Gesti\u00f3n Ambiental y T\u00e9cnico Superior en\nComunicaci\u00f3n Social (Periodista).<\/p>\n","protected":false},"excerpt":{"rendered":"<p>Por Cristi\u00e1n Frers* Los ping\u00fcinos se ven afectados por el cambio clim\u00e1tico, debido al calentamiento global en todo el mundo: &#8230; <a title=\"\u00bfEl comienzo de la desaparici\u00f3n del ping\u00fcino emperador debido al cambio clim\u00e1tico?\" class=\"read-more\" href=\"https:\/\/www.hoymercedes.com.ar\/principal\/2019\/05\/09\/el-comienzo-de-la-desaparicion-del-pinguino-emperador-debido-al-cambio-climatico\/\" aria-label=\"Leer m\u00e1s sobre \u00bfEl comienzo de la desaparici\u00f3n del ping\u00fcino emperador debido al cambio clim\u00e1tico?\">Leer m\u00e1s<\/a><\/p>\n","protected":false},"author":1,"featured_media":92572,"comment_status":"closed","ping_status":"open","sticky":false,"template":"","format":"standard","meta":{"_monsterinsights_skip_tracking":false,"_monsterinsights_sitenote_active":false,"_monsterinsights_sitenote_note":"","_monsterinsights_sitenote_category":0,"jetpack_post_was_ever_published":false,"_jetpack_newsletter_access":"","_jetpack_dont_email_post_to_subs":false,"_jetpack_newsletter_tier_id":0,"_jetpack_memberships_contains_paywalled_content":false,"_jetpack_memberships_contains_paid_content":false,"footnotes":"","jetpack_publicize_message":"","jetpack_publicize_feature_enabled":true,"jetpack_social_post_already_shared":true,"jetpack_social_options":{"image_generator_settings":{"template":"highway","default_image_id":0,"font":"","enabled":false},"version":2},"_wpas_customize_per_network":false},"categories":[1],"tags":[43,8748,15027],"class_list":["post-92571","post","type-post","status-publish","format-standard","has-post-thumbnail","hentry","category-opinion","tag-medio-ambiente","tag-opinion","tag-preocupacion-mundial","generate-columns","tablet-grid-50","mobile-grid-100","grid-parent","grid-50"],"jetpack_publicize_connections":[],"jetpack_featured_media_url":"https:\/\/www.hoymercedes.com.ar\/principal\/wp-content\/uploads\/2019\/05\/09-pinguino-ambiente.jpg","wps_subtitle":"Preocupaci\u00f3n mundial","jetpack_sharing_enabled":true,"_links":{"self":[{"href":"https:\/\/www.hoymercedes.com.ar\/principal\/wp-json\/wp\/v2\/posts\/92571","targetHints":{"allow":["GET"]}}],"collection":[{"href":"https:\/\/www.hoymercedes.com.ar\/principal\/wp-json\/wp\/v2\/posts"}],"about":[{"href":"https:\/\/www.hoymercedes.com.ar\/principal\/wp-json\/wp\/v2\/types\/post"}],"author":[{"embeddable":true,"href":"https:\/\/www.hoymercedes.com.ar\/principal\/wp-json\/wp\/v2\/users\/1"}],"replies":[{"embeddable":true,"href":"https:\/\/www.hoymercedes.com.ar\/principal\/wp-json\/wp\/v2\/comments?post=92571"}],"version-history":[{"count":0,"href":"https:\/\/www.hoymercedes.com.ar\/principal\/wp-json\/wp\/v2\/posts\/92571\/revisions"}],"wp:featuredmedia":[{"embeddable":true,"href":"https:\/\/www.hoymercedes.com.ar\/principal\/wp-json\/wp\/v2\/media\/92572"}],"wp:attachment":[{"href":"https:\/\/www.hoymercedes.com.ar\/principal\/wp-json\/wp\/v2\/media?parent=92571"}],"wp:term":[{"taxonomy":"category","embeddable":true,"href":"https:\/\/www.hoymercedes.com.ar\/principal\/wp-json\/wp\/v2\/categories?post=92571"},{"taxonomy":"post_tag","embeddable":true,"href":"https:\/\/www.hoymercedes.com.ar\/principal\/wp-json\/wp\/v2\/tags?post=92571"}],"curies":[{"name":"wp","href":"https:\/\/api.w.org\/{rel}","templated":true}]}}