{"id":92584,"date":"2019-05-09T09:00:57","date_gmt":"2019-05-09T12:00:57","guid":{"rendered":"http:\/\/www.hoymercedes.com.ar\/principal\/?p=92584"},"modified":"2019-05-09T09:05:05","modified_gmt":"2019-05-09T12:05:05","slug":"lanzan-pagina-web-e-impreso-con-agenda-de-cultura-mercedina-%ef%bb%bf","status":"publish","type":"post","link":"https:\/\/www.hoymercedes.com.ar\/principal\/2019\/05\/09\/lanzan-pagina-web-e-impreso-con-agenda-de-cultura-mercedina-%ef%bb%bf\/","title":{"rendered":"Lanzan p\u00e1gina web e impreso con agenda de cultura mercedina \ufeff"},"content":{"rendered":"\n<figure class=\"wp-block-image\"><img loading=\"lazy\" decoding=\"async\" width=\"1024\" height=\"498\" data-attachment-id=\"92585\" data-permalink=\"https:\/\/www.hoymercedes.com.ar\/principal\/2019\/05\/09\/lanzan-pagina-web-e-impreso-con-agenda-de-cultura-mercedina-%ef%bb%bf\/presentacion-cultura-2\/#main\" data-orig-file=\"https:\/\/www.hoymercedes.com.ar\/principal\/wp-content\/uploads\/2019\/05\/presentacion-cultura.jpg\" data-orig-size=\"1300,632\" data-comments-opened=\"0\" data-image-meta=\"{&quot;aperture&quot;:&quot;0&quot;,&quot;credit&quot;:&quot;&quot;,&quot;camera&quot;:&quot;&quot;,&quot;caption&quot;:&quot;&quot;,&quot;created_timestamp&quot;:&quot;0&quot;,&quot;copyright&quot;:&quot;&quot;,&quot;focal_length&quot;:&quot;0&quot;,&quot;iso&quot;:&quot;0&quot;,&quot;shutter_speed&quot;:&quot;0&quot;,&quot;title&quot;:&quot;&quot;,&quot;orientation&quot;:&quot;0&quot;}\" data-image-title=\"presentacion-cultura\" data-image-description=\"\" data-image-caption=\"\" data-large-file=\"https:\/\/www.hoymercedes.com.ar\/principal\/wp-content\/uploads\/2019\/05\/presentacion-cultura-1024x498.jpg\" src=\"https:\/\/www.hoymercedes.com.ar\/principal\/wp-content\/uploads\/2019\/05\/presentacion-cultura-1024x498.jpg\" alt=\"\" class=\"wp-image-92585\" srcset=\"https:\/\/www.hoymercedes.com.ar\/principal\/wp-content\/uploads\/2019\/05\/presentacion-cultura-1024x498.jpg 1024w, https:\/\/www.hoymercedes.com.ar\/principal\/wp-content\/uploads\/2019\/05\/presentacion-cultura-150x73.jpg 150w, https:\/\/www.hoymercedes.com.ar\/principal\/wp-content\/uploads\/2019\/05\/presentacion-cultura-630x306.jpg 630w, https:\/\/www.hoymercedes.com.ar\/principal\/wp-content\/uploads\/2019\/05\/presentacion-cultura.jpg 1300w\" sizes=\"auto, (max-width: 1024px) 100vw, 1024px\" \/><\/figure>\n\n\n\n<p>La direcci\u00f3n de cultura lanz\u00f3 un nuevo espacio de difusi\u00f3n. Se trata de una publicaci\u00f3n impresa y una p\u00e1gina web que tendr\u00e1 toda la agenda cultural mensual del mes. La realiza en conjunto con Centros Culturales y espacios que generan contenido cultural. <\/p>\n\n\n\n<p>\u201cEstamos muy contentos con esta\nnovedad. Es algo que genera una oportunidad de mostrar todo lo que hay en\nMercedes\u201d cont\u00f3 Luc\u00eda Capaccio y remarc\u00f3 que \u201cse ve ac\u00e1 un trabajo muy\nimportante y fundamental de los centros culturales, de los bares, de aquellos\nque generan espect\u00e1culos\u201d afirm\u00f3. <\/p>\n\n\n\n<p>Por su parte, Juan Ignacio\nUstarroz destac\u00f3 que \u201ces una muestra muy buena de c\u00f3mo trabajando juntos\npodemos generar herramientas y caminos de difusi\u00f3n para el gran trabajo, de\ncalidad y excelencia, que tienen nuestros artistas y los productores locales en\nlos m\u00faltiples espacios que cada fin de semana apuestan a mostrar y exponer\nnuestra cultura\u201d, narr\u00f3 entre otros conceptos, sin olvidar que \u201cen Mercedes\ndecimos siempre hay algo para hacer, ac\u00e1, al verlo impreso, con esta creaci\u00f3n\ncolectiva, queda m\u00e1s que claro\u201d<\/p>\n\n\n\n<figure class=\"wp-block-image\"><img loading=\"lazy\" decoding=\"async\" width=\"964\" height=\"1024\" data-attachment-id=\"92586\" data-permalink=\"https:\/\/www.hoymercedes.com.ar\/principal\/2019\/05\/09\/lanzan-pagina-web-e-impreso-con-agenda-de-cultura-mercedina-%ef%bb%bf\/cultura-mercedes-page\/#main\" data-orig-file=\"https:\/\/www.hoymercedes.com.ar\/principal\/wp-content\/uploads\/2019\/05\/cultura.mercedes.page_.png\" data-orig-size=\"1267,1346\" data-comments-opened=\"0\" data-image-meta=\"{&quot;aperture&quot;:&quot;0&quot;,&quot;credit&quot;:&quot;&quot;,&quot;camera&quot;:&quot;&quot;,&quot;caption&quot;:&quot;&quot;,&quot;created_timestamp&quot;:&quot;0&quot;,&quot;copyright&quot;:&quot;&quot;,&quot;focal_length&quot;:&quot;0&quot;,&quot;iso&quot;:&quot;0&quot;,&quot;shutter_speed&quot;:&quot;0&quot;,&quot;title&quot;:&quot;&quot;,&quot;orientation&quot;:&quot;0&quot;}\" data-image-title=\"cultura.mercedes.page\" data-image-description=\"\" data-image-caption=\"\" data-large-file=\"https:\/\/www.hoymercedes.com.ar\/principal\/wp-content\/uploads\/2019\/05\/cultura.mercedes.page_-964x1024.png\" src=\"https:\/\/www.hoymercedes.com.ar\/principal\/wp-content\/uploads\/2019\/05\/cultura.mercedes.page_-964x1024.png\" alt=\"\" class=\"wp-image-92586\" srcset=\"https:\/\/www.hoymercedes.com.ar\/principal\/wp-content\/uploads\/2019\/05\/cultura.mercedes.page_-964x1024.png 964w, https:\/\/www.hoymercedes.com.ar\/principal\/wp-content\/uploads\/2019\/05\/cultura.mercedes.page_-141x150.png 141w, https:\/\/www.hoymercedes.com.ar\/principal\/wp-content\/uploads\/2019\/05\/cultura.mercedes.page_-584x620.png 584w, https:\/\/www.hoymercedes.com.ar\/principal\/wp-content\/uploads\/2019\/05\/cultura.mercedes.page_.png 1267w\" sizes=\"auto, (max-width: 964px) 100vw, 964px\" \/><\/figure>\n\n\n\n<p>Hubo m\u00e1s de 20 personas en el\nencuentro que no fue una acci\u00f3n de prensa, pero s\u00ed de exposici\u00f3n a algunos de\nlos referentes locales, due\u00f1os de bares, centros culturales, organizadores de\npe\u00f1as y eventos. <\/p>\n\n\n\n<p>La distribuci\u00f3n del material impreso, que saldr\u00e1 todos los meses, se har\u00e1 a trav\u00e9s de los centros y comercios participantes, en La Trocha, el teatro, lugares de atenci\u00f3n al p\u00fablico entre otros mecanismos, adem\u00e1s de tener la p\u00e1gina web ya funcionando: <a rel=\"noreferrer noopener\" aria-label=\"cultura.mercedes.gob.ar  (opens in a new tab)\" href=\"http:\/\/cultura.mercedes.gob.ar\/\" target=\"_blank\"><strong>cultura.mercedes.gob.ar <\/strong><\/a><\/p>\n\n\n\n<p>\u201cLa idea es que la oferta est\u00e9\nsiempre disponible para todos los vecinos y visitantes\u201d remarc\u00f3 Capaccio. &nbsp;<\/p>\n\n\n\n<p>Guillermo Vola, desde Amigos\nPe\u00f1eros, coment\u00f3 que \u201cestamos muy agradecidos por el apoyo constante que recibimos\ndel municipio. Siempre est\u00e1n presentes\u201d, entre otros conceptos. <\/p>\n\n\n\n<p>La agenda tendr\u00e1 actualizaci\u00f3n constante y tambi\u00e9n ser\u00e1 \u00fatil para los prestadores y organizadores, dado que podr\u00e1n ir viendo qu\u00e9 realizan otros mercedinos y entidades y de esa manera siempre ir eligiendo una fecha mejor distribuida en el calendario general.<\/p>\n\n\n\n<p>La versi\u00f3n impresa, adem\u00e1s, cuenta con un homenaje a Fiffo Roggero teniendo en su portada una reproducci\u00f3n de uno de sus cuadros. <\/p>\n","protected":false},"excerpt":{"rendered":"<p>La direcci\u00f3n de cultura lanz\u00f3 un nuevo espacio de difusi\u00f3n. Se trata de una publicaci\u00f3n impresa y una p\u00e1gina web &#8230; <a title=\"Lanzan p\u00e1gina web e impreso con agenda de cultura mercedina \ufeff\" class=\"read-more\" href=\"https:\/\/www.hoymercedes.com.ar\/principal\/2019\/05\/09\/lanzan-pagina-web-e-impreso-con-agenda-de-cultura-mercedina-%ef%bb%bf\/\" aria-label=\"Leer m\u00e1s sobre Lanzan p\u00e1gina web e impreso con agenda de cultura mercedina \ufeff\">Leer m\u00e1s<\/a><\/p>\n","protected":false},"author":1,"featured_media":92586,"comment_status":"closed","ping_status":"open","sticky":false,"template":"","format":"standard","meta":{"_monsterinsights_skip_tracking":false,"_monsterinsights_sitenote_active":false,"_monsterinsights_sitenote_note":"","_monsterinsights_sitenote_category":0,"jetpack_post_was_ever_published":false,"_jetpack_newsletter_access":"","_jetpack_dont_email_post_to_subs":false,"_jetpack_newsletter_tier_id":0,"_jetpack_memberships_contains_paywalled_content":false,"_jetpack_memberships_contains_paid_content":false,"footnotes":"","jetpack_publicize_message":"","jetpack_publicize_feature_enabled":true,"jetpack_social_post_already_shared":true,"jetpack_social_options":{"image_generator_settings":{"template":"highway","default_image_id":0,"font":"","enabled":false},"version":2},"_wpas_customize_per_network":false},"categories":[30],"tags":[7805,15031,244,424],"class_list":["post-92584","post","type-post","status-publish","format-standard","has-post-thumbnail","hentry","category-municipio","tag-cultura","tag-informacion-cultural","tag-municipio-2","tag-ustarroz","generate-columns","tablet-grid-50","mobile-grid-100","grid-parent","grid-50"],"jetpack_publicize_connections":[],"jetpack_featured_media_url":"https:\/\/www.hoymercedes.com.ar\/principal\/wp-content\/uploads\/2019\/05\/cultura.mercedes.page_.png","wps_subtitle":"","jetpack_sharing_enabled":true,"_links":{"self":[{"href":"https:\/\/www.hoymercedes.com.ar\/principal\/wp-json\/wp\/v2\/posts\/92584","targetHints":{"allow":["GET"]}}],"collection":[{"href":"https:\/\/www.hoymercedes.com.ar\/principal\/wp-json\/wp\/v2\/posts"}],"about":[{"href":"https:\/\/www.hoymercedes.com.ar\/principal\/wp-json\/wp\/v2\/types\/post"}],"author":[{"embeddable":true,"href":"https:\/\/www.hoymercedes.com.ar\/principal\/wp-json\/wp\/v2\/users\/1"}],"replies":[{"embeddable":true,"href":"https:\/\/www.hoymercedes.com.ar\/principal\/wp-json\/wp\/v2\/comments?post=92584"}],"version-history":[{"count":0,"href":"https:\/\/www.hoymercedes.com.ar\/principal\/wp-json\/wp\/v2\/posts\/92584\/revisions"}],"wp:featuredmedia":[{"embeddable":true,"href":"https:\/\/www.hoymercedes.com.ar\/principal\/wp-json\/wp\/v2\/media\/92586"}],"wp:attachment":[{"href":"https:\/\/www.hoymercedes.com.ar\/principal\/wp-json\/wp\/v2\/media?parent=92584"}],"wp:term":[{"taxonomy":"category","embeddable":true,"href":"https:\/\/www.hoymercedes.com.ar\/principal\/wp-json\/wp\/v2\/categories?post=92584"},{"taxonomy":"post_tag","embeddable":true,"href":"https:\/\/www.hoymercedes.com.ar\/principal\/wp-json\/wp\/v2\/tags?post=92584"}],"curies":[{"name":"wp","href":"https:\/\/api.w.org\/{rel}","templated":true}]}}