{"id":92606,"date":"2019-05-09T13:00:42","date_gmt":"2019-05-09T16:00:42","guid":{"rendered":"http:\/\/www.hoymercedes.com.ar\/principal\/?p=92606"},"modified":"2019-05-09T10:18:24","modified_gmt":"2019-05-09T13:18:24","slug":"programa-de-sanidad-escolar-recorre-escuelas","status":"publish","type":"post","link":"https:\/\/www.hoymercedes.com.ar\/principal\/2019\/05\/09\/programa-de-sanidad-escolar-recorre-escuelas\/","title":{"rendered":"Programa de Sanidad Escolar recorre escuelas"},"content":{"rendered":"\n<p>El Municipio de Mercedes contin\u00faa llevando adelante el PROSANE (Programa de Sanidad Escolar) que tiene como misi\u00f3n desarrollar y fortalecer pol\u00edticas integradas de salud y educaci\u00f3n, dando respuesta activa a las necesidades de atenci\u00f3n de los ni\u00f1os, ni\u00f1as y adolescentes en edad escolar. Impulsando adem\u00e1s, acciones de prevenci\u00f3n de enfermedades y promoci\u00f3n de la salud, fortaleciendo la articulaci\u00f3n entre las familias, las instituciones educativas y la comuna.<\/p>\n\n\n\n<figure class=\"wp-block-image\"><img loading=\"lazy\" decoding=\"async\" width=\"750\" height=\"500\" data-attachment-id=\"92607\" data-permalink=\"https:\/\/www.hoymercedes.com.ar\/principal\/2019\/05\/09\/programa-de-sanidad-escolar-recorre-escuelas\/09-prosame-1\/#main\" data-orig-file=\"https:\/\/www.hoymercedes.com.ar\/principal\/wp-content\/uploads\/2019\/05\/09-prosame.1.jpeg\" data-orig-size=\"750,500\" data-comments-opened=\"0\" data-image-meta=\"{&quot;aperture&quot;:&quot;0&quot;,&quot;credit&quot;:&quot;&quot;,&quot;camera&quot;:&quot;&quot;,&quot;caption&quot;:&quot;&quot;,&quot;created_timestamp&quot;:&quot;0&quot;,&quot;copyright&quot;:&quot;&quot;,&quot;focal_length&quot;:&quot;0&quot;,&quot;iso&quot;:&quot;0&quot;,&quot;shutter_speed&quot;:&quot;0&quot;,&quot;title&quot;:&quot;&quot;,&quot;orientation&quot;:&quot;0&quot;}\" data-image-title=\"09 prosame.1\" data-image-description=\"\" data-image-caption=\"\" data-large-file=\"https:\/\/www.hoymercedes.com.ar\/principal\/wp-content\/uploads\/2019\/05\/09-prosame.1.jpeg\" src=\"https:\/\/www.hoymercedes.com.ar\/principal\/wp-content\/uploads\/2019\/05\/09-prosame.1.jpeg\" alt=\"\" class=\"wp-image-92607\" srcset=\"https:\/\/www.hoymercedes.com.ar\/principal\/wp-content\/uploads\/2019\/05\/09-prosame.1.jpeg 750w, https:\/\/www.hoymercedes.com.ar\/principal\/wp-content\/uploads\/2019\/05\/09-prosame.1-150x100.jpeg 150w, https:\/\/www.hoymercedes.com.ar\/principal\/wp-content\/uploads\/2019\/05\/09-prosame.1-630x420.jpeg 630w, https:\/\/www.hoymercedes.com.ar\/principal\/wp-content\/uploads\/2019\/05\/09-prosame.1-720x480.jpeg 720w, https:\/\/www.hoymercedes.com.ar\/principal\/wp-content\/uploads\/2019\/05\/09-prosame.1-360x240.jpeg 360w\" sizes=\"auto, (max-width: 750px) 100vw, 750px\" \/><\/figure>\n\n\n\n<p>En esta oportunidad, esta asistencia integral de salud se emplaz\u00f3 en la Escuela Primaria N\u00b0 30 \u00abHip\u00f3lito Yrigoyen\u00bb. All\u00ed estuvieron el Intendente Juan Ignacio Ustarroz y el Secretario de salud, Pablo Cassiani.<\/p>\n\n\n\n<p>En primer lugar el intendente Ustarroz felicit\u00f3 a la escuela por el nivel de organizaci\u00f3n que tiene \u201ccasi la totalidad de los chicos vinieron con los permisos correspondientes para que desde el programa se los pueda atender, eso habla a las claras que se trabaja mucho y bien con los chicos y con las familias\u201d.<\/p>\n\n\n\n<p>A su vez, el jefe comunal felicit\u00f3 \u201ca todos los que integran el equipo del PROSANE, que uno ve c\u00f3mo trabajan, con mucho compromiso y vocaci\u00f3n\u201d y a\u00f1adi\u00f3 \u201ccreo que la articulaci\u00f3n, en este caso, entre un programa de salud municipal y la instituci\u00f3n educativa es muy necesario, que hay que seguir fomentando\u201d.<\/p>\n\n\n\n<p>\u201cA ra\u00edz de este tipo de programas surge la informaci\u00f3n que a nosotros nos permite dise\u00f1ar, por ejemplo, el Hospital Odontol\u00f3gico Universitario, mismo que ha surgido a partir de estas experiencias\u201d subray\u00f3 el Dr. Ustarroz y destac\u00f3 \u201cel compromiso de quienes integran la escuela por el trabajo y el grado de responsabilidad que d\u00eda a d\u00eda tiene con la educaci\u00f3n de nuestros ni\u00f1os\u201d.&nbsp;&nbsp;&nbsp;&nbsp;&nbsp;&nbsp;<\/p>\n\n\n\n<p>El secretario de salud, Pablo Cassiani expres\u00f3 \u201ceste es el cuarto a\u00f1o consecutivo que estamos llevando a delante este programa de sanidad escolar que exist\u00eda y era impulsado por el Gobierno Nacional, pero que dejo de ser financiado a los municipios, pero que desde la gesti\u00f3n del Dr. Ustarroz lo municipalizamos porque nos parece un excelente programa\u201d.<\/p>\n\n\n\n<p>\u201cTiene muy buena recepci\u00f3n por parte de la escuela y los padres\u201d y agreg\u00f3 \u201ces una muy buena oportunidad para los controles de los ni\u00f1os que puede hacerse con un equipo interdisciplinario\u201d.<\/p>\n\n\n\n<p>Eliana Cadenazzo, parte del Equipo de Orientaci\u00f3n Educacional se\u00f1al\u00f3 \u201cla recepci\u00f3n, tanto de la familia como de los chicos, es muy buena, se muestran interesados\u201d y destac\u00f3 \u201cpara nosotros es muy importante trabajar interdisciplinariamente porque muchas dificultades de aprendizaje de los chicos, por problemas de salud, pueden ser detectadas y abordadas de mejor manera\u201d.<\/p>\n\n\n\n<p>Por su parte, la coordinadora del programa, Ana Clara Scovenna, inform\u00f3 \u201clo que hacemos es articular con las escuelas, a todo chico evaluado con autorizaci\u00f3n se le da una devoluci\u00f3n, que no s\u00f3lo se lleva la familia sino que queda en la escuela para que sepan el estado de salud del ni\u00f1o. Y a partir de all\u00ed, comienza toda la articulaci\u00f3n de la derivaci\u00f3n o interconsulta que deban hacer\u201d.\u00a0<\/p>\n\n\n\n<p>Fuente: Prensa Municipal\u00a0\u00a0 <br><\/p>\n","protected":false},"excerpt":{"rendered":"<p>El Municipio de Mercedes contin\u00faa llevando adelante el PROSANE (Programa de Sanidad Escolar) que tiene como misi\u00f3n desarrollar y fortalecer &#8230; <a title=\"Programa de Sanidad Escolar recorre escuelas\" class=\"read-more\" href=\"https:\/\/www.hoymercedes.com.ar\/principal\/2019\/05\/09\/programa-de-sanidad-escolar-recorre-escuelas\/\" aria-label=\"Leer m\u00e1s sobre Programa de Sanidad Escolar recorre escuelas\">Leer m\u00e1s<\/a><\/p>\n","protected":false},"author":1,"featured_media":92607,"comment_status":"closed","ping_status":"open","sticky":false,"template":"","format":"standard","meta":{"_monsterinsights_skip_tracking":false,"_monsterinsights_sitenote_active":false,"_monsterinsights_sitenote_note":"","_monsterinsights_sitenote_category":0,"jetpack_post_was_ever_published":false,"_jetpack_newsletter_access":"","_jetpack_dont_email_post_to_subs":false,"_jetpack_newsletter_tier_id":0,"_jetpack_memberships_contains_paywalled_content":false,"_jetpack_memberships_contains_paid_content":false,"footnotes":"","jetpack_publicize_message":"","jetpack_publicize_feature_enabled":true,"jetpack_social_post_already_shared":true,"jetpack_social_options":{"image_generator_settings":{"template":"highway","default_image_id":0,"font":"","enabled":false},"version":2},"_wpas_customize_per_network":false},"categories":[30],"tags":[989,244,7322,134],"class_list":["post-92606","post","type-post","status-publish","format-standard","has-post-thumbnail","hentry","category-municipio","tag-escuelas","tag-municipio-2","tag-prosane","tag-salud","generate-columns","tablet-grid-50","mobile-grid-100","grid-parent","grid-50"],"jetpack_publicize_connections":[],"jetpack_featured_media_url":"https:\/\/www.hoymercedes.com.ar\/principal\/wp-content\/uploads\/2019\/05\/09-prosame.1.jpeg","wps_subtitle":"Salud en las escuelas","jetpack_sharing_enabled":true,"_links":{"self":[{"href":"https:\/\/www.hoymercedes.com.ar\/principal\/wp-json\/wp\/v2\/posts\/92606","targetHints":{"allow":["GET"]}}],"collection":[{"href":"https:\/\/www.hoymercedes.com.ar\/principal\/wp-json\/wp\/v2\/posts"}],"about":[{"href":"https:\/\/www.hoymercedes.com.ar\/principal\/wp-json\/wp\/v2\/types\/post"}],"author":[{"embeddable":true,"href":"https:\/\/www.hoymercedes.com.ar\/principal\/wp-json\/wp\/v2\/users\/1"}],"replies":[{"embeddable":true,"href":"https:\/\/www.hoymercedes.com.ar\/principal\/wp-json\/wp\/v2\/comments?post=92606"}],"version-history":[{"count":0,"href":"https:\/\/www.hoymercedes.com.ar\/principal\/wp-json\/wp\/v2\/posts\/92606\/revisions"}],"wp:featuredmedia":[{"embeddable":true,"href":"https:\/\/www.hoymercedes.com.ar\/principal\/wp-json\/wp\/v2\/media\/92607"}],"wp:attachment":[{"href":"https:\/\/www.hoymercedes.com.ar\/principal\/wp-json\/wp\/v2\/media?parent=92606"}],"wp:term":[{"taxonomy":"category","embeddable":true,"href":"https:\/\/www.hoymercedes.com.ar\/principal\/wp-json\/wp\/v2\/categories?post=92606"},{"taxonomy":"post_tag","embeddable":true,"href":"https:\/\/www.hoymercedes.com.ar\/principal\/wp-json\/wp\/v2\/tags?post=92606"}],"curies":[{"name":"wp","href":"https:\/\/api.w.org\/{rel}","templated":true}]}}