{"id":92616,"date":"2019-05-09T14:40:00","date_gmt":"2019-05-09T17:40:00","guid":{"rendered":"http:\/\/www.hoymercedes.com.ar\/principal\/?p=92616"},"modified":"2019-05-09T12:30:21","modified_gmt":"2019-05-09T15:30:21","slug":"sapec-comenzo-a-funcionar-el-consultorio-pie-diabetico","status":"publish","type":"post","link":"https:\/\/www.hoymercedes.com.ar\/principal\/2019\/05\/09\/sapec-comenzo-a-funcionar-el-consultorio-pie-diabetico\/","title":{"rendered":"SAPEC: Comenz\u00f3 a funcionar el consultorio Pie Diab\u00e9tico"},"content":{"rendered":"\n<p>Este jueves comenz\u00f3 la atenci\u00f3n del consultorio Pie Diab\u00e9tico en la Sala de Atenci\u00f3n a Pacientes con Enfermedades Cr\u00f3nicas (SAPEC) del Hospital Blas L. Dubarry. El consultorio atiende diabetes mellitus, una enfermedad cr\u00f3nica que est\u00e1 en aumento de acuerdo a los \u00faltimos estudios m\u00e9dicos con el crecimiento de la obesidad. <\/p>\n\n\n\n<figure class=\"wp-block-image\"><img loading=\"lazy\" decoding=\"async\" width=\"750\" height=\"422\" data-attachment-id=\"92617\" data-permalink=\"https:\/\/www.hoymercedes.com.ar\/principal\/2019\/05\/09\/sapec-comenzo-a-funcionar-el-consultorio-pie-diabetico\/09-pie-diabetico\/#main\" data-orig-file=\"https:\/\/www.hoymercedes.com.ar\/principal\/wp-content\/uploads\/2019\/05\/09-pie-diabetico.jpg\" data-orig-size=\"750,422\" data-comments-opened=\"0\" data-image-meta=\"{&quot;aperture&quot;:&quot;0&quot;,&quot;credit&quot;:&quot;&quot;,&quot;camera&quot;:&quot;&quot;,&quot;caption&quot;:&quot;&quot;,&quot;created_timestamp&quot;:&quot;0&quot;,&quot;copyright&quot;:&quot;&quot;,&quot;focal_length&quot;:&quot;0&quot;,&quot;iso&quot;:&quot;0&quot;,&quot;shutter_speed&quot;:&quot;0&quot;,&quot;title&quot;:&quot;&quot;,&quot;orientation&quot;:&quot;0&quot;}\" data-image-title=\"09 pie diabetico\" data-image-description=\"\" data-image-caption=\"\" data-large-file=\"https:\/\/www.hoymercedes.com.ar\/principal\/wp-content\/uploads\/2019\/05\/09-pie-diabetico.jpg\" src=\"https:\/\/www.hoymercedes.com.ar\/principal\/wp-content\/uploads\/2019\/05\/09-pie-diabetico.jpg\" alt=\"\" class=\"wp-image-92617\" srcset=\"https:\/\/www.hoymercedes.com.ar\/principal\/wp-content\/uploads\/2019\/05\/09-pie-diabetico.jpg 750w, https:\/\/www.hoymercedes.com.ar\/principal\/wp-content\/uploads\/2019\/05\/09-pie-diabetico-150x84.jpg 150w, https:\/\/www.hoymercedes.com.ar\/principal\/wp-content\/uploads\/2019\/05\/09-pie-diabetico-630x354.jpg 630w\" sizes=\"auto, (max-width: 750px) 100vw, 750px\" \/><\/figure>\n\n\n\n<p>Con el fin de dar mayor informaci\u00f3n, la SAPEC envi\u00f3 una comunicaci\u00f3n explicando qu\u00e9 es el Pi\u00e9 Diab\u00e9tico \u00abuna complicaci\u00f3n grave pero prevenible\u00bb:<\/p>\n\n\n\n<p>La Diabetes Mellitus es una enfermedad cr\u00f3nica, cuya prevalencia se encuentra en aumento. Se conocieron recientemente los resultados preliminares de la 4\u00b0 edici\u00f3n de la Encuesta Nacional de Factores de Riesgo (ENFR) 2018, en la cual se observ\u00f3 un aumento alarmante de la epidemia de obesidad, de un 20,8% a un 25,4% en tan solo 5 a\u00f1os. En la misma se evidenci\u00f3 tambi\u00e9n un aumento de la prevalencia de diabetes del 9,8% al 12,7% respecto de la edici\u00f3n anterior. Este aumento significativo era esperable dado que acompa\u00f1a el crecimiento de la obesidad y de la inactividad f\u00edsica en nuestro pa\u00eds.  <\/p>\n\n\n\n<p>El aumento de la prevalencia de diabetes a nivel nacional, trae como consecuencia un aumento en la frecuencia de sus complicaciones, tanto agudas como cr\u00f3nicas. <\/p>\n\n\n\n<p>El pie diab\u00e9tico&nbsp;constituye una de las complicaciones cr\u00f3nicas m\u00e1s graves del paciente con diabetes. Se conoce como pie diab\u00e9tico a toda infecci\u00f3n, \u00falcera o destrucci\u00f3n tisular del pie asociada a neuropat\u00eda y\/o enfermedad vascular perif\u00e9rica de miembros inferiores en personas con diabetes. Las \u00falceras del pie y las amputaciones son complicaciones muy comunes y serias en pacientes con diabetes tipos 1 y 2, y est\u00e1n asociadas a una alta mortalidad. La incidencia de \u00falceras de pie en personas con diabetes se estim\u00f3 recientemente en un 25% y aproximadamente el 1% de las personas con diabetes sufrir\u00e1n una amputaci\u00f3n de miembros inferiores. <\/p>\n\n\n\n<p>Por lo anterior el pie diab\u00e9tico es una complicaci\u00f3n seria que cuando se manifiesta afecta a la persona, la familia y el sistema de salud, siendo fundamental la prevenci\u00f3n, que se logra con un buen control de la glucemia y de los factores de riesgo cardiovasculares, y con la detecci\u00f3n de aquellos pies en riesgo. <\/p>\n\n\n\n<figure class=\"wp-block-image\"><img loading=\"lazy\" decoding=\"async\" width=\"800\" height=\"600\" data-attachment-id=\"92622\" data-permalink=\"https:\/\/www.hoymercedes.com.ar\/principal\/2019\/05\/09\/sapec-comenzo-a-funcionar-el-consultorio-pie-diabetico\/09-sapec600\/#main\" data-orig-file=\"https:\/\/www.hoymercedes.com.ar\/principal\/wp-content\/uploads\/2019\/05\/09-sapec600.jpg\" data-orig-size=\"800,600\" data-comments-opened=\"0\" data-image-meta=\"{&quot;aperture&quot;:&quot;0&quot;,&quot;credit&quot;:&quot;&quot;,&quot;camera&quot;:&quot;&quot;,&quot;caption&quot;:&quot;&quot;,&quot;created_timestamp&quot;:&quot;0&quot;,&quot;copyright&quot;:&quot;&quot;,&quot;focal_length&quot;:&quot;0&quot;,&quot;iso&quot;:&quot;0&quot;,&quot;shutter_speed&quot;:&quot;0&quot;,&quot;title&quot;:&quot;&quot;,&quot;orientation&quot;:&quot;0&quot;}\" data-image-title=\"09 sapec600\" data-image-description=\"\" data-image-caption=\"\" data-large-file=\"https:\/\/www.hoymercedes.com.ar\/principal\/wp-content\/uploads\/2019\/05\/09-sapec600.jpg\" src=\"https:\/\/www.hoymercedes.com.ar\/principal\/wp-content\/uploads\/2019\/05\/09-sapec600.jpg\" alt=\"\" class=\"wp-image-92622\" srcset=\"https:\/\/www.hoymercedes.com.ar\/principal\/wp-content\/uploads\/2019\/05\/09-sapec600.jpg 800w, https:\/\/www.hoymercedes.com.ar\/principal\/wp-content\/uploads\/2019\/05\/09-sapec600-150x113.jpg 150w, https:\/\/www.hoymercedes.com.ar\/principal\/wp-content\/uploads\/2019\/05\/09-sapec600-630x473.jpg 630w, https:\/\/www.hoymercedes.com.ar\/principal\/wp-content\/uploads\/2019\/05\/09-sapec600-320x240.jpg 320w, https:\/\/www.hoymercedes.com.ar\/principal\/wp-content\/uploads\/2019\/05\/09-sapec600-100x75.jpg 100w\" sizes=\"auto, (max-width: 800px) 100vw, 800px\" \/><\/figure>\n\n\n\n<p style=\"text-align:left\">El modelo de atenci\u00f3n de personas con enfermedades cr\u00f3nicas busca, a trav\u00e9s del abordaje integral e interdisciplinar, mejorar la calidad de vida de las personas y reducir las complicaciones, entre ellas las del pie. <\/p>\n\n\n\n<p>A partir de mayo comenz\u00f3 a funcionar en SAPEC (Sala de Atenci\u00f3n a Personas con Enfermedades Cr\u00f3nicas), perteneciente al Hospital Blas Dubarry de Mercedes, un nuevo espacio denominado \u201cConsultorio de Pie Diab\u00e9tico\u00bb. &nbsp;En el mismo se realizar\u00e1 evaluaci\u00f3n vascular, neurol\u00f3gica, detecci\u00f3n temprana de pie en riesgo, se realizar\u00e1n&nbsp; medidas de prevenci\u00f3n, orientaci\u00f3n y tratamiento, con su oportuna derivaci\u00f3n, a fin de prevenir estas complicaciones. <\/p>\n\n\n\n<p>La evaluaci\u00f3n est\u00e1 a cargo de equipo interdisciplinario de salud, que incluye m\u00e9dicos generalistas, m\u00e9dicos diabet\u00f3logos, enfermera, nutricionista, kinesi\u00f3logos, m\u00e9dicos vasculares y traumat\u00f3lgos. <\/p>\n\n\n\n<p>Las evaluaciones se realizar\u00e1n en forma programada con turnos previos. Para esto, consultar en SAPEC, en la esquina de 10 y 37 de Mercedes. <\/p>\n","protected":false},"excerpt":{"rendered":"<p>Este jueves comenz\u00f3 la atenci\u00f3n del consultorio Pie Diab\u00e9tico en la Sala de Atenci\u00f3n a Pacientes con Enfermedades Cr\u00f3nicas (SAPEC) &#8230; <a title=\"SAPEC: Comenz\u00f3 a funcionar el consultorio Pie Diab\u00e9tico\" class=\"read-more\" href=\"https:\/\/www.hoymercedes.com.ar\/principal\/2019\/05\/09\/sapec-comenzo-a-funcionar-el-consultorio-pie-diabetico\/\" aria-label=\"Leer m\u00e1s sobre SAPEC: Comenz\u00f3 a funcionar el consultorio Pie Diab\u00e9tico\">Leer m\u00e1s<\/a><\/p>\n","protected":false},"author":1,"featured_media":92622,"comment_status":"closed","ping_status":"open","sticky":false,"template":"","format":"standard","meta":{"_monsterinsights_skip_tracking":false,"_monsterinsights_sitenote_active":false,"_monsterinsights_sitenote_note":"","_monsterinsights_sitenote_category":0,"jetpack_post_was_ever_published":false,"_jetpack_newsletter_access":"","_jetpack_dont_email_post_to_subs":false,"_jetpack_newsletter_tier_id":0,"_jetpack_memberships_contains_paywalled_content":false,"_jetpack_memberships_contains_paid_content":false,"footnotes":"","jetpack_publicize_message":"","jetpack_publicize_feature_enabled":true,"jetpack_social_post_already_shared":true,"jetpack_social_options":{"image_generator_settings":{"template":"highway","default_image_id":0,"font":"","enabled":false},"version":2},"_wpas_customize_per_network":false},"categories":[9791],"tags":[15037,624,13798],"class_list":["post-92616","post","type-post","status-publish","format-standard","has-post-thumbnail","hentry","category-salud","tag-consultorio-pie-diabetico","tag-hospital-blas-l-dubarry","tag-sapec","generate-columns","tablet-grid-50","mobile-grid-100","grid-parent","grid-50"],"jetpack_publicize_connections":[],"jetpack_featured_media_url":"https:\/\/www.hoymercedes.com.ar\/principal\/wp-content\/uploads\/2019\/05\/09-sapec600.jpg","wps_subtitle":"Est\u00e1n dando turnos en 10 y 37","jetpack_sharing_enabled":true,"_links":{"self":[{"href":"https:\/\/www.hoymercedes.com.ar\/principal\/wp-json\/wp\/v2\/posts\/92616","targetHints":{"allow":["GET"]}}],"collection":[{"href":"https:\/\/www.hoymercedes.com.ar\/principal\/wp-json\/wp\/v2\/posts"}],"about":[{"href":"https:\/\/www.hoymercedes.com.ar\/principal\/wp-json\/wp\/v2\/types\/post"}],"author":[{"embeddable":true,"href":"https:\/\/www.hoymercedes.com.ar\/principal\/wp-json\/wp\/v2\/users\/1"}],"replies":[{"embeddable":true,"href":"https:\/\/www.hoymercedes.com.ar\/principal\/wp-json\/wp\/v2\/comments?post=92616"}],"version-history":[{"count":0,"href":"https:\/\/www.hoymercedes.com.ar\/principal\/wp-json\/wp\/v2\/posts\/92616\/revisions"}],"wp:featuredmedia":[{"embeddable":true,"href":"https:\/\/www.hoymercedes.com.ar\/principal\/wp-json\/wp\/v2\/media\/92622"}],"wp:attachment":[{"href":"https:\/\/www.hoymercedes.com.ar\/principal\/wp-json\/wp\/v2\/media?parent=92616"}],"wp:term":[{"taxonomy":"category","embeddable":true,"href":"https:\/\/www.hoymercedes.com.ar\/principal\/wp-json\/wp\/v2\/categories?post=92616"},{"taxonomy":"post_tag","embeddable":true,"href":"https:\/\/www.hoymercedes.com.ar\/principal\/wp-json\/wp\/v2\/tags?post=92616"}],"curies":[{"name":"wp","href":"https:\/\/api.w.org\/{rel}","templated":true}]}}