{"id":92621,"date":"2019-05-09T12:41:20","date_gmt":"2019-05-09T15:41:20","guid":{"rendered":"http:\/\/www.hoymercedes.com.ar\/principal\/?p=92621"},"modified":"2019-05-09T12:45:24","modified_gmt":"2019-05-09T15:45:24","slug":"pabellon-y-holanda-le-quitaron-un-asterisco-al-torneo","status":"publish","type":"post","link":"https:\/\/www.hoymercedes.com.ar\/principal\/2019\/05\/09\/pabellon-y-holanda-le-quitaron-un-asterisco-al-torneo\/","title":{"rendered":"Pabell\u00f3n y Holanda le quitaron un asterisco al torneo"},"content":{"rendered":"\n<p>Uno de los partidos que se adeudaba era el de Pabell\u00f3n Argentino de Marcos Paz ante Holanda, encuentro v\u00e1lido por la primera fecha del certamen. Este encuentro se posterg\u00f3 debido a la participaci\u00f3n de SAPA en el Federaci\u00f3n Norte, algo que el reglamento permite durante las primeras cuatro fechas del certamen local.<\/p>\n\n\n\n<p>No fue una buena excursi\u00f3n para el Naranja, que todav\u00eda sigue sin ganar en Primera, sumando su tercer empate al hilo, aunque alcanz\u00f3 a La Diego Armando y lo super\u00f3 por diferencia de gol. En Reserva, fue victoria del local por 3 a 1. A pesar de la ca\u00edda, Holanda no baj\u00f3 del primer puesto.<\/p>\n\n\n\n<p><strong>Primera<br><\/strong>Pabell\u00f3n 0.<br>Holanda 0.<strong><br><\/strong><br><strong>Reserva<br><\/strong>Pabell\u00f3n 3:\u00a0Gast\u00f3n Bianchi, Mariano Iriondo y Luciano Gallardo.<br>Holanda 1:\u00a0Agust\u00edn Uboldi. <\/p>\n\n\n\n<figure class=\"wp-block-image\"><img loading=\"lazy\" decoding=\"async\" width=\"645\" height=\"772\" data-attachment-id=\"92625\" data-permalink=\"https:\/\/www.hoymercedes.com.ar\/principal\/2019\/05\/09\/pabellon-y-holanda-le-quitaron-un-asterisco-al-torneo\/primera-liga-pos-17\/#main\" data-orig-file=\"https:\/\/www.hoymercedes.com.ar\/principal\/wp-content\/uploads\/2019\/05\/PRIMERA-LIGA-POS-3.png\" data-orig-size=\"645,772\" data-comments-opened=\"0\" data-image-meta=\"{&quot;aperture&quot;:&quot;0&quot;,&quot;credit&quot;:&quot;&quot;,&quot;camera&quot;:&quot;&quot;,&quot;caption&quot;:&quot;&quot;,&quot;created_timestamp&quot;:&quot;0&quot;,&quot;copyright&quot;:&quot;&quot;,&quot;focal_length&quot;:&quot;0&quot;,&quot;iso&quot;:&quot;0&quot;,&quot;shutter_speed&quot;:&quot;0&quot;,&quot;title&quot;:&quot;&quot;,&quot;orientation&quot;:&quot;0&quot;}\" data-image-title=\"PRIMERA LIGA POS\" data-image-description=\"\" data-image-caption=\"\" data-large-file=\"https:\/\/www.hoymercedes.com.ar\/principal\/wp-content\/uploads\/2019\/05\/PRIMERA-LIGA-POS-3.png\" src=\"https:\/\/www.hoymercedes.com.ar\/principal\/wp-content\/uploads\/2019\/05\/PRIMERA-LIGA-POS-3.png\" alt=\"\" class=\"wp-image-92625\" srcset=\"https:\/\/www.hoymercedes.com.ar\/principal\/wp-content\/uploads\/2019\/05\/PRIMERA-LIGA-POS-3.png 645w, https:\/\/www.hoymercedes.com.ar\/principal\/wp-content\/uploads\/2019\/05\/PRIMERA-LIGA-POS-3-125x150.png 125w, https:\/\/www.hoymercedes.com.ar\/principal\/wp-content\/uploads\/2019\/05\/PRIMERA-LIGA-POS-3-518x620.png 518w\" sizes=\"auto, (max-width: 645px) 100vw, 645px\" \/><\/figure>\n\n\n\n<figure class=\"wp-block-image\"><img loading=\"lazy\" decoding=\"async\" width=\"645\" height=\"768\" data-attachment-id=\"92626\" data-permalink=\"https:\/\/www.hoymercedes.com.ar\/principal\/2019\/05\/09\/pabellon-y-holanda-le-quitaron-un-asterisco-al-torneo\/reserva-liga-pos-14\/#main\" data-orig-file=\"https:\/\/www.hoymercedes.com.ar\/principal\/wp-content\/uploads\/2019\/05\/RESERVA-LIGA-POS-2.png\" data-orig-size=\"645,768\" data-comments-opened=\"0\" data-image-meta=\"{&quot;aperture&quot;:&quot;0&quot;,&quot;credit&quot;:&quot;&quot;,&quot;camera&quot;:&quot;&quot;,&quot;caption&quot;:&quot;&quot;,&quot;created_timestamp&quot;:&quot;0&quot;,&quot;copyright&quot;:&quot;&quot;,&quot;focal_length&quot;:&quot;0&quot;,&quot;iso&quot;:&quot;0&quot;,&quot;shutter_speed&quot;:&quot;0&quot;,&quot;title&quot;:&quot;&quot;,&quot;orientation&quot;:&quot;0&quot;}\" data-image-title=\"RESERVA LIGA POS\" data-image-description=\"\" data-image-caption=\"\" data-large-file=\"https:\/\/www.hoymercedes.com.ar\/principal\/wp-content\/uploads\/2019\/05\/RESERVA-LIGA-POS-2.png\" src=\"https:\/\/www.hoymercedes.com.ar\/principal\/wp-content\/uploads\/2019\/05\/RESERVA-LIGA-POS-2.png\" alt=\"\" class=\"wp-image-92626\" srcset=\"https:\/\/www.hoymercedes.com.ar\/principal\/wp-content\/uploads\/2019\/05\/RESERVA-LIGA-POS-2.png 645w, https:\/\/www.hoymercedes.com.ar\/principal\/wp-content\/uploads\/2019\/05\/RESERVA-LIGA-POS-2-126x150.png 126w, https:\/\/www.hoymercedes.com.ar\/principal\/wp-content\/uploads\/2019\/05\/RESERVA-LIGA-POS-2-521x620.png 521w\" sizes=\"auto, (max-width: 645px) 100vw, 645px\" \/><\/figure>\n","protected":false},"excerpt":{"rendered":"<p>Uno de los partidos que se adeudaba era el de Pabell\u00f3n Argentino de Marcos Paz ante Holanda, encuentro v\u00e1lido por &#8230; <a title=\"Pabell\u00f3n y Holanda le quitaron un asterisco al torneo\" class=\"read-more\" href=\"https:\/\/www.hoymercedes.com.ar\/principal\/2019\/05\/09\/pabellon-y-holanda-le-quitaron-un-asterisco-al-torneo\/\" aria-label=\"Leer m\u00e1s sobre Pabell\u00f3n y Holanda le quitaron un asterisco al torneo\">Leer m\u00e1s<\/a><\/p>\n","protected":false},"author":1,"featured_media":92625,"comment_status":"closed","ping_status":"open","sticky":false,"template":"","format":"standard","meta":{"_monsterinsights_skip_tracking":false,"_monsterinsights_sitenote_active":false,"_monsterinsights_sitenote_note":"","_monsterinsights_sitenote_category":0,"jetpack_post_was_ever_published":false,"_jetpack_newsletter_access":"","_jetpack_dont_email_post_to_subs":false,"_jetpack_newsletter_tier_id":0,"_jetpack_memberships_contains_paywalled_content":false,"_jetpack_memberships_contains_paid_content":false,"footnotes":"","jetpack_publicize_message":"","jetpack_publicize_feature_enabled":true,"jetpack_social_post_already_shared":true,"jetpack_social_options":{"image_generator_settings":{"template":"highway","default_image_id":0,"font":"","enabled":false},"version":2},"_wpas_customize_per_network":false},"categories":[21],"tags":[1901],"class_list":["post-92621","post","type-post","status-publish","format-standard","has-post-thumbnail","hentry","category-deportes","tag-liga-mercedina","generate-columns","tablet-grid-50","mobile-grid-100","grid-parent","grid-50"],"jetpack_publicize_connections":[],"jetpack_featured_media_url":"https:\/\/www.hoymercedes.com.ar\/principal\/wp-content\/uploads\/2019\/05\/PRIMERA-LIGA-POS-3.png","wps_subtitle":"Liga Mercedina","jetpack_sharing_enabled":true,"_links":{"self":[{"href":"https:\/\/www.hoymercedes.com.ar\/principal\/wp-json\/wp\/v2\/posts\/92621","targetHints":{"allow":["GET"]}}],"collection":[{"href":"https:\/\/www.hoymercedes.com.ar\/principal\/wp-json\/wp\/v2\/posts"}],"about":[{"href":"https:\/\/www.hoymercedes.com.ar\/principal\/wp-json\/wp\/v2\/types\/post"}],"author":[{"embeddable":true,"href":"https:\/\/www.hoymercedes.com.ar\/principal\/wp-json\/wp\/v2\/users\/1"}],"replies":[{"embeddable":true,"href":"https:\/\/www.hoymercedes.com.ar\/principal\/wp-json\/wp\/v2\/comments?post=92621"}],"version-history":[{"count":0,"href":"https:\/\/www.hoymercedes.com.ar\/principal\/wp-json\/wp\/v2\/posts\/92621\/revisions"}],"wp:featuredmedia":[{"embeddable":true,"href":"https:\/\/www.hoymercedes.com.ar\/principal\/wp-json\/wp\/v2\/media\/92625"}],"wp:attachment":[{"href":"https:\/\/www.hoymercedes.com.ar\/principal\/wp-json\/wp\/v2\/media?parent=92621"}],"wp:term":[{"taxonomy":"category","embeddable":true,"href":"https:\/\/www.hoymercedes.com.ar\/principal\/wp-json\/wp\/v2\/categories?post=92621"},{"taxonomy":"post_tag","embeddable":true,"href":"https:\/\/www.hoymercedes.com.ar\/principal\/wp-json\/wp\/v2\/tags?post=92621"}],"curies":[{"name":"wp","href":"https:\/\/api.w.org\/{rel}","templated":true}]}}