{"id":92638,"date":"2019-05-09T16:15:44","date_gmt":"2019-05-09T19:15:44","guid":{"rendered":"http:\/\/www.hoymercedes.com.ar\/principal\/?p=92638"},"modified":"2019-05-09T16:16:03","modified_gmt":"2019-05-09T19:16:03","slug":"%ef%bb%bfel-vivero-biotecnologico-avanza-en-su-produccion-vegetal","status":"publish","type":"post","link":"https:\/\/www.hoymercedes.com.ar\/principal\/2019\/05\/09\/%ef%bb%bfel-vivero-biotecnologico-avanza-en-su-produccion-vegetal\/","title":{"rendered":"\ufeffEl Vivero Biotecnol\u00f3gico avanza en su producci\u00f3n vegetal"},"content":{"rendered":"\n<figure class=\"wp-block-image\"><img loading=\"lazy\" decoding=\"async\" width=\"1024\" height=\"683\" data-attachment-id=\"92641\" data-permalink=\"https:\/\/www.hoymercedes.com.ar\/principal\/2019\/05\/09\/%ef%bb%bfel-vivero-biotecnologico-avanza-en-su-produccion-vegetal\/vivierobiotecnologicodsc_0054\/#main\" data-orig-file=\"https:\/\/www.hoymercedes.com.ar\/principal\/wp-content\/uploads\/2019\/05\/vivierobiotecnologicoDSC_0054.jpg\" data-orig-size=\"1200,800\" data-comments-opened=\"0\" data-image-meta=\"{&quot;aperture&quot;:&quot;0&quot;,&quot;credit&quot;:&quot;&quot;,&quot;camera&quot;:&quot;&quot;,&quot;caption&quot;:&quot;&quot;,&quot;created_timestamp&quot;:&quot;0&quot;,&quot;copyright&quot;:&quot;&quot;,&quot;focal_length&quot;:&quot;0&quot;,&quot;iso&quot;:&quot;0&quot;,&quot;shutter_speed&quot;:&quot;0&quot;,&quot;title&quot;:&quot;&quot;,&quot;orientation&quot;:&quot;0&quot;}\" data-image-title=\"vivierobiotecnologicoDSC_0054\" data-image-description=\"\" data-image-caption=\"\" data-large-file=\"https:\/\/www.hoymercedes.com.ar\/principal\/wp-content\/uploads\/2019\/05\/vivierobiotecnologicoDSC_0054-1024x683.jpg\" src=\"https:\/\/www.hoymercedes.com.ar\/principal\/wp-content\/uploads\/2019\/05\/vivierobiotecnologicoDSC_0054-1024x683.jpg\" alt=\"\" class=\"wp-image-92641\" srcset=\"https:\/\/www.hoymercedes.com.ar\/principal\/wp-content\/uploads\/2019\/05\/vivierobiotecnologicoDSC_0054-1024x683.jpg 1024w, https:\/\/www.hoymercedes.com.ar\/principal\/wp-content\/uploads\/2019\/05\/vivierobiotecnologicoDSC_0054-150x100.jpg 150w, https:\/\/www.hoymercedes.com.ar\/principal\/wp-content\/uploads\/2019\/05\/vivierobiotecnologicoDSC_0054-630x420.jpg 630w, https:\/\/www.hoymercedes.com.ar\/principal\/wp-content\/uploads\/2019\/05\/vivierobiotecnologicoDSC_0054-720x480.jpg 720w, https:\/\/www.hoymercedes.com.ar\/principal\/wp-content\/uploads\/2019\/05\/vivierobiotecnologicoDSC_0054-360x240.jpg 360w, https:\/\/www.hoymercedes.com.ar\/principal\/wp-content\/uploads\/2019\/05\/vivierobiotecnologicoDSC_0054.jpg 1200w\" sizes=\"auto, (max-width: 1024px) 100vw, 1024px\" \/><\/figure>\n\n\n\n<p>El intendente Ustarroz encabez\u00f3\nuna recorrida por el Vivero Biotecnol\u00f3gico Municipal donde se genera producci\u00f3n\nvegetal que tiene como objetivo forestar la ciudad, embellecer el espacio p\u00fablico\ny cuidar el ambiente con ciertas especies que se producen en el laboratorio\ndedicado al tema. Vale recordar que para ello tiempo atr\u00e1s se firm\u00f3 un convenio\ncon UCA y Conicet.<\/p>\n\n\n\n<figure class=\"wp-block-image\"><img loading=\"lazy\" decoding=\"async\" width=\"1024\" height=\"683\" data-attachment-id=\"92642\" data-permalink=\"https:\/\/www.hoymercedes.com.ar\/principal\/2019\/05\/09\/%ef%bb%bfel-vivero-biotecnologico-avanza-en-su-produccion-vegetal\/vivierobiotecnologicodsc_0044\/#main\" data-orig-file=\"https:\/\/www.hoymercedes.com.ar\/principal\/wp-content\/uploads\/2019\/05\/vivierobiotecnologicoDSC_0044.jpg\" data-orig-size=\"1200,800\" data-comments-opened=\"0\" data-image-meta=\"{&quot;aperture&quot;:&quot;0&quot;,&quot;credit&quot;:&quot;&quot;,&quot;camera&quot;:&quot;&quot;,&quot;caption&quot;:&quot;&quot;,&quot;created_timestamp&quot;:&quot;0&quot;,&quot;copyright&quot;:&quot;&quot;,&quot;focal_length&quot;:&quot;0&quot;,&quot;iso&quot;:&quot;0&quot;,&quot;shutter_speed&quot;:&quot;0&quot;,&quot;title&quot;:&quot;&quot;,&quot;orientation&quot;:&quot;0&quot;}\" data-image-title=\"vivierobiotecnologicoDSC_0044\" data-image-description=\"\" data-image-caption=\"\" data-large-file=\"https:\/\/www.hoymercedes.com.ar\/principal\/wp-content\/uploads\/2019\/05\/vivierobiotecnologicoDSC_0044-1024x683.jpg\" src=\"https:\/\/www.hoymercedes.com.ar\/principal\/wp-content\/uploads\/2019\/05\/vivierobiotecnologicoDSC_0044-1024x683.jpg\" alt=\"\" class=\"wp-image-92642\" srcset=\"https:\/\/www.hoymercedes.com.ar\/principal\/wp-content\/uploads\/2019\/05\/vivierobiotecnologicoDSC_0044-1024x683.jpg 1024w, https:\/\/www.hoymercedes.com.ar\/principal\/wp-content\/uploads\/2019\/05\/vivierobiotecnologicoDSC_0044-150x100.jpg 150w, https:\/\/www.hoymercedes.com.ar\/principal\/wp-content\/uploads\/2019\/05\/vivierobiotecnologicoDSC_0044-630x420.jpg 630w, https:\/\/www.hoymercedes.com.ar\/principal\/wp-content\/uploads\/2019\/05\/vivierobiotecnologicoDSC_0044-720x480.jpg 720w, https:\/\/www.hoymercedes.com.ar\/principal\/wp-content\/uploads\/2019\/05\/vivierobiotecnologicoDSC_0044-360x240.jpg 360w, https:\/\/www.hoymercedes.com.ar\/principal\/wp-content\/uploads\/2019\/05\/vivierobiotecnologicoDSC_0044.jpg 1200w\" sizes=\"auto, (max-width: 1024px) 100vw, 1024px\" \/><\/figure>\n\n\n\n<p>\u201cPara nosotros como Municipio,\narticulando con el sector privado, poder pensar un proyecto productivo donde la\nciencia y la tecnolog\u00eda se ponga al servicio de la producci\u00f3n, era un sue\u00f1o\u201d\nsostuvo el Dr. Ustarroz.&nbsp; <\/p>\n\n\n\n<p>En ese sentido, el jefe comunal\nexplic\u00f3 \u201cpor un lado, el eje es el medio ambiente, por eso el desarrollo de la planta\nvetiver\u201d y agreg\u00f3&nbsp; \u201cnosotros pensamos en\nesta planta para el programa de fitorremediaci\u00f3n, el cual queremos implementar\nen&nbsp; los distintos zanjones que tenemos a\ncielo abierto, para la cuenca del r\u00edo Luj\u00e1n y para las zonas donde exista\ncontaminaci\u00f3n\u201d.<\/p>\n\n\n\n<figure class=\"wp-block-image\"><img loading=\"lazy\" decoding=\"async\" width=\"1024\" height=\"683\" data-attachment-id=\"92643\" data-permalink=\"https:\/\/www.hoymercedes.com.ar\/principal\/2019\/05\/09\/%ef%bb%bfel-vivero-biotecnologico-avanza-en-su-produccion-vegetal\/vivierobiotecnologicodsc_0066\/#main\" data-orig-file=\"https:\/\/www.hoymercedes.com.ar\/principal\/wp-content\/uploads\/2019\/05\/vivierobiotecnologicoDSC_0066.jpg\" data-orig-size=\"1200,800\" data-comments-opened=\"0\" data-image-meta=\"{&quot;aperture&quot;:&quot;0&quot;,&quot;credit&quot;:&quot;&quot;,&quot;camera&quot;:&quot;&quot;,&quot;caption&quot;:&quot;&quot;,&quot;created_timestamp&quot;:&quot;0&quot;,&quot;copyright&quot;:&quot;&quot;,&quot;focal_length&quot;:&quot;0&quot;,&quot;iso&quot;:&quot;0&quot;,&quot;shutter_speed&quot;:&quot;0&quot;,&quot;title&quot;:&quot;&quot;,&quot;orientation&quot;:&quot;0&quot;}\" data-image-title=\"vivierobiotecnologicoDSC_0066\" data-image-description=\"\" data-image-caption=\"\" data-large-file=\"https:\/\/www.hoymercedes.com.ar\/principal\/wp-content\/uploads\/2019\/05\/vivierobiotecnologicoDSC_0066-1024x683.jpg\" src=\"https:\/\/www.hoymercedes.com.ar\/principal\/wp-content\/uploads\/2019\/05\/vivierobiotecnologicoDSC_0066-1024x683.jpg\" alt=\"\" class=\"wp-image-92643\" srcset=\"https:\/\/www.hoymercedes.com.ar\/principal\/wp-content\/uploads\/2019\/05\/vivierobiotecnologicoDSC_0066-1024x683.jpg 1024w, https:\/\/www.hoymercedes.com.ar\/principal\/wp-content\/uploads\/2019\/05\/vivierobiotecnologicoDSC_0066-150x100.jpg 150w, https:\/\/www.hoymercedes.com.ar\/principal\/wp-content\/uploads\/2019\/05\/vivierobiotecnologicoDSC_0066-630x420.jpg 630w, https:\/\/www.hoymercedes.com.ar\/principal\/wp-content\/uploads\/2019\/05\/vivierobiotecnologicoDSC_0066-720x480.jpg 720w, https:\/\/www.hoymercedes.com.ar\/principal\/wp-content\/uploads\/2019\/05\/vivierobiotecnologicoDSC_0066-360x240.jpg 360w, https:\/\/www.hoymercedes.com.ar\/principal\/wp-content\/uploads\/2019\/05\/vivierobiotecnologicoDSC_0066.jpg 1200w\" sizes=\"auto, (max-width: 1024px) 100vw, 1024px\" \/><\/figure>\n\n\n\n<p>Asimismo, el intendente Ustarroz\nindic\u00f3 \u201cpoder intervenir, adem\u00e1s, en toda la ciudad con plantas y flores producidas\na escala\u201d y destac\u00f3 \u201cla capacidad que tenemos de producir a escala reduce\ncostos, lo que nos permite planificar trabajos en toda la ciudad\u201d.<\/p>\n\n\n\n<p>La recorrida fue junto al\nsecretario de gobierno Pablo L\u00f3pez Baggio, el secretario de salud, Pablo\nCassiani y el jefe de gabinete, Mat\u00edas Dematei, adem\u00e1s de los responsables de\nlas \u00e1reas de Espacios Verdes, Leonardo Belforte y Juan Cruz Mend\u00eda de Medio\nAmbiente, adem\u00e1s de quienes trabajan d\u00eda a d\u00eda en el espacio, como Joaqu\u00edn\nParra y trabajadores. <\/p>\n\n\n\n<p>Durante la recorrida, Joaqu\u00edn\nParra, encargado de uno de los laboratorios se\u00f1al\u00f3 \u201ceste es un lugar de micro\npropagaci\u00f3n, ac\u00e1 producimos la plata de vetiveria que estamos utilizando para\nel programa de fitorremediaci\u00f3n en diferentes zonas de Mercedes, con la\nDirecci\u00f3n de Medio Ambiente\u201d sumado \u201ca la multiplicaci\u00f3n in vitro en c\u00e1maras de\ncultivo\u201d.<\/p>\n\n\n\n<figure class=\"wp-block-image\"><img loading=\"lazy\" decoding=\"async\" width=\"1024\" height=\"585\" data-attachment-id=\"92644\" data-permalink=\"https:\/\/www.hoymercedes.com.ar\/principal\/2019\/05\/09\/%ef%bb%bfel-vivero-biotecnologico-avanza-en-su-produccion-vegetal\/vivierobiotecnologicodsc_0083\/#main\" data-orig-file=\"https:\/\/www.hoymercedes.com.ar\/principal\/wp-content\/uploads\/2019\/05\/vivierobiotecnologicoDSC_0083.jpg\" data-orig-size=\"1200,686\" data-comments-opened=\"0\" data-image-meta=\"{&quot;aperture&quot;:&quot;0&quot;,&quot;credit&quot;:&quot;&quot;,&quot;camera&quot;:&quot;&quot;,&quot;caption&quot;:&quot;&quot;,&quot;created_timestamp&quot;:&quot;0&quot;,&quot;copyright&quot;:&quot;&quot;,&quot;focal_length&quot;:&quot;0&quot;,&quot;iso&quot;:&quot;0&quot;,&quot;shutter_speed&quot;:&quot;0&quot;,&quot;title&quot;:&quot;&quot;,&quot;orientation&quot;:&quot;0&quot;}\" data-image-title=\"vivierobiotecnologicoDSC_0083\" data-image-description=\"\" data-image-caption=\"\" data-large-file=\"https:\/\/www.hoymercedes.com.ar\/principal\/wp-content\/uploads\/2019\/05\/vivierobiotecnologicoDSC_0083-1024x585.jpg\" src=\"https:\/\/www.hoymercedes.com.ar\/principal\/wp-content\/uploads\/2019\/05\/vivierobiotecnologicoDSC_0083-1024x585.jpg\" alt=\"\" class=\"wp-image-92644\" srcset=\"https:\/\/www.hoymercedes.com.ar\/principal\/wp-content\/uploads\/2019\/05\/vivierobiotecnologicoDSC_0083-1024x585.jpg 1024w, https:\/\/www.hoymercedes.com.ar\/principal\/wp-content\/uploads\/2019\/05\/vivierobiotecnologicoDSC_0083-150x86.jpg 150w, https:\/\/www.hoymercedes.com.ar\/principal\/wp-content\/uploads\/2019\/05\/vivierobiotecnologicoDSC_0083-630x360.jpg 630w, https:\/\/www.hoymercedes.com.ar\/principal\/wp-content\/uploads\/2019\/05\/vivierobiotecnologicoDSC_0083.jpg 1200w\" sizes=\"auto, (max-width: 1024px) 100vw, 1024px\" \/><\/figure>\n\n\n\n<p>La planta vetiver es una de las\nplantas m\u00e1s importantes y m\u00e1s \u00fatiles a nivel mundial en la lucha contra la\nerosi\u00f3n y en la conservaci\u00f3n del suelo y del agua. La misma se utiliza para la fitorremediaci\u00f3n,\nque es la descontaminaci\u00f3n de los suelos, la depuraci\u00f3n de las aguas residuales\no la limpieza del aire interior. <\/p>\n\n\n\n<p>\u201cEn la Argentina hay unos 6\nlaboratorios -2 privados y 5 estatales- y nosotros somos uno de ellos\u201d destac\u00f3\nParra. <\/p>\n","protected":false},"excerpt":{"rendered":"<p>El intendente Ustarroz encabez\u00f3 una recorrida por el Vivero Biotecnol\u00f3gico Municipal donde se genera producci\u00f3n vegetal que tiene como objetivo &#8230; <a title=\"\ufeffEl Vivero Biotecnol\u00f3gico avanza en su producci\u00f3n vegetal\" class=\"read-more\" href=\"https:\/\/www.hoymercedes.com.ar\/principal\/2019\/05\/09\/%ef%bb%bfel-vivero-biotecnologico-avanza-en-su-produccion-vegetal\/\" aria-label=\"Leer m\u00e1s sobre \ufeffEl Vivero Biotecnol\u00f3gico avanza en su producci\u00f3n vegetal\">Leer m\u00e1s<\/a><\/p>\n","protected":false},"author":1,"featured_media":92641,"comment_status":"closed","ping_status":"open","sticky":false,"template":"","format":"standard","meta":{"_monsterinsights_skip_tracking":false,"_monsterinsights_sitenote_active":false,"_monsterinsights_sitenote_note":"","_monsterinsights_sitenote_category":0,"jetpack_post_was_ever_published":false,"_jetpack_newsletter_access":"","_jetpack_dont_email_post_to_subs":false,"_jetpack_newsletter_tier_id":0,"_jetpack_memberships_contains_paywalled_content":false,"_jetpack_memberships_contains_paid_content":false,"footnotes":"","jetpack_publicize_message":"","jetpack_publicize_feature_enabled":true,"jetpack_social_post_already_shared":true,"jetpack_social_options":{"image_generator_settings":{"template":"highway","default_image_id":0,"font":"","enabled":false},"version":2},"_wpas_customize_per_network":false},"categories":[30],"tags":[15039],"class_list":["post-92638","post","type-post","status-publish","format-standard","has-post-thumbnail","hentry","category-municipio","tag-vivero-biotecnologico","generate-columns","tablet-grid-50","mobile-grid-100","grid-parent","grid-50"],"jetpack_publicize_connections":[],"jetpack_featured_media_url":"https:\/\/www.hoymercedes.com.ar\/principal\/wp-content\/uploads\/2019\/05\/vivierobiotecnologicoDSC_0054.jpg","wps_subtitle":"Producci\u00f3n local ","jetpack_sharing_enabled":true,"_links":{"self":[{"href":"https:\/\/www.hoymercedes.com.ar\/principal\/wp-json\/wp\/v2\/posts\/92638","targetHints":{"allow":["GET"]}}],"collection":[{"href":"https:\/\/www.hoymercedes.com.ar\/principal\/wp-json\/wp\/v2\/posts"}],"about":[{"href":"https:\/\/www.hoymercedes.com.ar\/principal\/wp-json\/wp\/v2\/types\/post"}],"author":[{"embeddable":true,"href":"https:\/\/www.hoymercedes.com.ar\/principal\/wp-json\/wp\/v2\/users\/1"}],"replies":[{"embeddable":true,"href":"https:\/\/www.hoymercedes.com.ar\/principal\/wp-json\/wp\/v2\/comments?post=92638"}],"version-history":[{"count":0,"href":"https:\/\/www.hoymercedes.com.ar\/principal\/wp-json\/wp\/v2\/posts\/92638\/revisions"}],"wp:featuredmedia":[{"embeddable":true,"href":"https:\/\/www.hoymercedes.com.ar\/principal\/wp-json\/wp\/v2\/media\/92641"}],"wp:attachment":[{"href":"https:\/\/www.hoymercedes.com.ar\/principal\/wp-json\/wp\/v2\/media?parent=92638"}],"wp:term":[{"taxonomy":"category","embeddable":true,"href":"https:\/\/www.hoymercedes.com.ar\/principal\/wp-json\/wp\/v2\/categories?post=92638"},{"taxonomy":"post_tag","embeddable":true,"href":"https:\/\/www.hoymercedes.com.ar\/principal\/wp-json\/wp\/v2\/tags?post=92638"}],"curies":[{"name":"wp","href":"https:\/\/api.w.org\/{rel}","templated":true}]}}