{"id":92665,"date":"2019-05-09T20:58:04","date_gmt":"2019-05-09T23:58:04","guid":{"rendered":"http:\/\/www.hoymercedes.com.ar\/principal\/?p=92665"},"modified":"2019-05-09T22:24:04","modified_gmt":"2019-05-10T01:24:04","slug":"tragico-siniestro-vial-sobre-ruta-5","status":"publish","type":"post","link":"https:\/\/www.hoymercedes.com.ar\/principal\/2019\/05\/09\/tragico-siniestro-vial-sobre-ruta-5\/","title":{"rendered":"Tr\u00e1gico siniestro vial sobre Ruta 5"},"content":{"rendered":"\n<p>Minutos despu\u00e9s de las 18:00 horas de la lluviosa tarde de hoy jueves 9 de mayo de 2019 se produjo un violento choque entre un autom\u00f3vil y un cami\u00f3n de gran porte, a la altura del km 142 de la ruta nacional 5, en jurisdicci\u00f3n del partido de Chivilcoy , con el tr\u00e1gico saldo de tres personas fallecidas. <\/p>\n\n\n\n<figure class=\"wp-block-image\"><img loading=\"lazy\" decoding=\"async\" width=\"750\" height=\"612\" data-attachment-id=\"92667\" data-permalink=\"https:\/\/www.hoymercedes.com.ar\/principal\/2019\/05\/09\/tragico-siniestro-vial-sobre-ruta-5\/09-siniestro-vial-2\/#main\" data-orig-file=\"https:\/\/www.hoymercedes.com.ar\/principal\/wp-content\/uploads\/2019\/05\/09-siniestro-vial-2.jpg\" data-orig-size=\"750,612\" data-comments-opened=\"0\" data-image-meta=\"{&quot;aperture&quot;:&quot;0&quot;,&quot;credit&quot;:&quot;&quot;,&quot;camera&quot;:&quot;&quot;,&quot;caption&quot;:&quot;&quot;,&quot;created_timestamp&quot;:&quot;0&quot;,&quot;copyright&quot;:&quot;&quot;,&quot;focal_length&quot;:&quot;0&quot;,&quot;iso&quot;:&quot;0&quot;,&quot;shutter_speed&quot;:&quot;0&quot;,&quot;title&quot;:&quot;&quot;,&quot;orientation&quot;:&quot;0&quot;}\" data-image-title=\"09 siniestro vial 2\" data-image-description=\"\" data-image-caption=\"\" data-large-file=\"https:\/\/www.hoymercedes.com.ar\/principal\/wp-content\/uploads\/2019\/05\/09-siniestro-vial-2.jpg\" src=\"https:\/\/www.hoymercedes.com.ar\/principal\/wp-content\/uploads\/2019\/05\/09-siniestro-vial-2.jpg\" alt=\"\" class=\"wp-image-92667\" srcset=\"https:\/\/www.hoymercedes.com.ar\/principal\/wp-content\/uploads\/2019\/05\/09-siniestro-vial-2.jpg 750w, https:\/\/www.hoymercedes.com.ar\/principal\/wp-content\/uploads\/2019\/05\/09-siniestro-vial-2-150x122.jpg 150w, https:\/\/www.hoymercedes.com.ar\/principal\/wp-content\/uploads\/2019\/05\/09-siniestro-vial-2-630x514.jpg 630w\" sizes=\"auto, (max-width: 750px) 100vw, 750px\" \/><\/figure>\n\n\n\n<p>Seg\u00fan trascendi\u00f3 siniestro se produjo cuando un autom\u00f3vil Chevrolet Aveo, color rojo, que circulaba en direcci\u00f3n Chivilcoy-Suipacha, pierde el control al pisar la banquina , pas\u00e1ndose a la mano contrario donde es embestido por un cami\u00f3n Scania G 340 con semirremolque, color blanco , dominio KGM-072 perteneciente a la firma Distribuci\u00f3n y Log\u00edstica San Diego, que circulaba en sentido contrario, es decir desde Suipacha hacia Chivilcoy.<\/p>\n\n\n\n<p>Luego del impacto frontal ambos veh\u00edculos se despistan, finalizando en la zona de pr\u00e9stamo., dejando el saldo de tres personas de sexo masculino fallecidas en el lugar, que si bien a\u00fan no fueron debidamente identificados los mismos regresar\u00edan de un viaje de pesca y serian del gran Buenos Aires, en tanto el chofer del cami\u00f3n, Horacio Alberto Britez, de 49 a\u00f1os, domiciliado en la ciudad de Castelar, resulta con lesiones de car\u00e1cter leve.<\/p>\n\n\n\n<figure class=\"wp-block-image\"><img loading=\"lazy\" decoding=\"async\" width=\"750\" height=\"584\" data-attachment-id=\"92668\" data-permalink=\"https:\/\/www.hoymercedes.com.ar\/principal\/2019\/05\/09\/tragico-siniestro-vial-sobre-ruta-5\/09-siniestro-vial-3\/#main\" data-orig-file=\"https:\/\/www.hoymercedes.com.ar\/principal\/wp-content\/uploads\/2019\/05\/09-siniestro-vial-3.jpg\" data-orig-size=\"750,584\" data-comments-opened=\"0\" data-image-meta=\"{&quot;aperture&quot;:&quot;0&quot;,&quot;credit&quot;:&quot;&quot;,&quot;camera&quot;:&quot;&quot;,&quot;caption&quot;:&quot;&quot;,&quot;created_timestamp&quot;:&quot;0&quot;,&quot;copyright&quot;:&quot;&quot;,&quot;focal_length&quot;:&quot;0&quot;,&quot;iso&quot;:&quot;0&quot;,&quot;shutter_speed&quot;:&quot;0&quot;,&quot;title&quot;:&quot;&quot;,&quot;orientation&quot;:&quot;0&quot;}\" data-image-title=\"09 siniestro vial 3\" data-image-description=\"\" data-image-caption=\"\" data-large-file=\"https:\/\/www.hoymercedes.com.ar\/principal\/wp-content\/uploads\/2019\/05\/09-siniestro-vial-3.jpg\" src=\"https:\/\/www.hoymercedes.com.ar\/principal\/wp-content\/uploads\/2019\/05\/09-siniestro-vial-3.jpg\" alt=\"\" class=\"wp-image-92668\" srcset=\"https:\/\/www.hoymercedes.com.ar\/principal\/wp-content\/uploads\/2019\/05\/09-siniestro-vial-3.jpg 750w, https:\/\/www.hoymercedes.com.ar\/principal\/wp-content\/uploads\/2019\/05\/09-siniestro-vial-3-150x117.jpg 150w, https:\/\/www.hoymercedes.com.ar\/principal\/wp-content\/uploads\/2019\/05\/09-siniestro-vial-3-630x491.jpg 630w\" sizes=\"auto, (max-width: 750px) 100vw, 750px\" \/><\/figure>\n\n\n\n<p>El tr\u00e1nsito de la ruta se halla interrumpido en tanto se realizaban las tareas de rescate y peritaje correspondientes, intervino Bomberos Voluntarios, ambulancias del Same, Sub Estaci\u00f3n de Polic\u00eda Comunal Garelli, de Chivilcoy. <\/p>\n\n\n\n<p>Colaboraci\u00f3n: jorge Lasala de Suipacha. <\/p>\n","protected":false},"excerpt":{"rendered":"<p>Minutos despu\u00e9s de las 18:00 horas de la lluviosa tarde de hoy jueves 9 de mayo de 2019 se produjo &#8230; <a title=\"Tr\u00e1gico siniestro vial sobre Ruta 5\" class=\"read-more\" href=\"https:\/\/www.hoymercedes.com.ar\/principal\/2019\/05\/09\/tragico-siniestro-vial-sobre-ruta-5\/\" aria-label=\"Leer m\u00e1s sobre Tr\u00e1gico siniestro vial sobre Ruta 5\">Leer m\u00e1s<\/a><\/p>\n","protected":false},"author":1,"featured_media":92666,"comment_status":"closed","ping_status":"open","sticky":false,"template":"","format":"standard","meta":{"_monsterinsights_skip_tracking":false,"_monsterinsights_sitenote_active":false,"_monsterinsights_sitenote_note":"","_monsterinsights_sitenote_category":0,"jetpack_post_was_ever_published":false,"_jetpack_newsletter_access":"","_jetpack_dont_email_post_to_subs":false,"_jetpack_newsletter_tier_id":0,"_jetpack_memberships_contains_paywalled_content":false,"_jetpack_memberships_contains_paid_content":false,"footnotes":"","jetpack_publicize_message":"","jetpack_publicize_feature_enabled":true,"jetpack_social_post_already_shared":true,"jetpack_social_options":{"image_generator_settings":{"template":"highway","default_image_id":0,"font":"","enabled":false},"version":2},"_wpas_customize_per_network":false},"categories":[5501],"tags":[9322,538,10395],"class_list":["post-92665","post","type-post","status-publish","format-standard","has-post-thumbnail","hentry","category-region","tag-region","tag-ruta-5","tag-siniestro-vial","generate-columns","tablet-grid-50","mobile-grid-100","grid-parent","grid-50"],"jetpack_publicize_connections":[],"jetpack_featured_media_url":"https:\/\/www.hoymercedes.com.ar\/principal\/wp-content\/uploads\/2019\/05\/09-siniestro-vial-1.jpg","wps_subtitle":"","jetpack_sharing_enabled":true,"_links":{"self":[{"href":"https:\/\/www.hoymercedes.com.ar\/principal\/wp-json\/wp\/v2\/posts\/92665","targetHints":{"allow":["GET"]}}],"collection":[{"href":"https:\/\/www.hoymercedes.com.ar\/principal\/wp-json\/wp\/v2\/posts"}],"about":[{"href":"https:\/\/www.hoymercedes.com.ar\/principal\/wp-json\/wp\/v2\/types\/post"}],"author":[{"embeddable":true,"href":"https:\/\/www.hoymercedes.com.ar\/principal\/wp-json\/wp\/v2\/users\/1"}],"replies":[{"embeddable":true,"href":"https:\/\/www.hoymercedes.com.ar\/principal\/wp-json\/wp\/v2\/comments?post=92665"}],"version-history":[{"count":0,"href":"https:\/\/www.hoymercedes.com.ar\/principal\/wp-json\/wp\/v2\/posts\/92665\/revisions"}],"wp:featuredmedia":[{"embeddable":true,"href":"https:\/\/www.hoymercedes.com.ar\/principal\/wp-json\/wp\/v2\/media\/92666"}],"wp:attachment":[{"href":"https:\/\/www.hoymercedes.com.ar\/principal\/wp-json\/wp\/v2\/media?parent=92665"}],"wp:term":[{"taxonomy":"category","embeddable":true,"href":"https:\/\/www.hoymercedes.com.ar\/principal\/wp-json\/wp\/v2\/categories?post=92665"},{"taxonomy":"post_tag","embeddable":true,"href":"https:\/\/www.hoymercedes.com.ar\/principal\/wp-json\/wp\/v2\/tags?post=92665"}],"curies":[{"name":"wp","href":"https:\/\/api.w.org\/{rel}","templated":true}]}}