{"id":92678,"date":"2019-05-10T10:19:52","date_gmt":"2019-05-10T13:19:52","guid":{"rendered":"http:\/\/www.hoymercedes.com.ar\/principal\/?p=92678"},"modified":"2019-05-09T22:23:46","modified_gmt":"2019-05-10T01:23:46","slug":"robo-es-denunciado-y-rapidamente-termina-tras-las-rejas-%ef%bb%bf-2","status":"publish","type":"post","link":"https:\/\/www.hoymercedes.com.ar\/principal\/2019\/05\/10\/robo-es-denunciado-y-rapidamente-termina-tras-las-rejas-%ef%bb%bf-2\/","title":{"rendered":"Rob\u00f3, es denunciado y r\u00e1pidamente termina tras las rejas \ufeff"},"content":{"rendered":"\n<figure class=\"wp-block-image\"><img loading=\"lazy\" decoding=\"async\" width=\"774\" height=\"813\" data-attachment-id=\"92675\" data-permalink=\"https:\/\/www.hoymercedes.com.ar\/principal\/robotv\/\" data-orig-file=\"https:\/\/www.hoymercedes.com.ar\/principal\/wp-content\/uploads\/2019\/05\/robotv.jpeg\" data-orig-size=\"774,813\" data-comments-opened=\"0\" data-image-meta=\"{&quot;aperture&quot;:&quot;0&quot;,&quot;credit&quot;:&quot;&quot;,&quot;camera&quot;:&quot;&quot;,&quot;caption&quot;:&quot;&quot;,&quot;created_timestamp&quot;:&quot;0&quot;,&quot;copyright&quot;:&quot;&quot;,&quot;focal_length&quot;:&quot;0&quot;,&quot;iso&quot;:&quot;0&quot;,&quot;shutter_speed&quot;:&quot;0&quot;,&quot;title&quot;:&quot;&quot;,&quot;orientation&quot;:&quot;0&quot;}\" data-image-title=\"robotv\" data-image-description=\"\" data-image-caption=\"\" data-large-file=\"https:\/\/www.hoymercedes.com.ar\/principal\/wp-content\/uploads\/2019\/05\/robotv.jpeg\" src=\"https:\/\/www.hoymercedes.com.ar\/principal\/wp-content\/uploads\/2019\/05\/robotv.jpeg\" alt=\"\" class=\"wp-image-92675\" srcset=\"https:\/\/www.hoymercedes.com.ar\/principal\/wp-content\/uploads\/2019\/05\/robotv.jpeg 774w, https:\/\/www.hoymercedes.com.ar\/principal\/wp-content\/uploads\/2019\/05\/robotv-143x150.jpeg 143w, https:\/\/www.hoymercedes.com.ar\/principal\/wp-content\/uploads\/2019\/05\/robotv-590x620.jpeg 590w\" sizes=\"auto, (max-width: 774px) 100vw, 774px\" \/><\/figure>\n\n\n\n<p>Una vecina de nuestra ciudad se\napersona a la Estaci\u00f3n Comunal para efectuar que fue v\u00edctima de un robo. En\neste caso una televisi\u00f3n de 32 pulgadas donde ante su ausencia un sujeto\ningresa y le sustrae el bien. La tarea fue en una acci\u00f3n en conjunto entre la\nseccional primera, segunda y el GTO.<\/p>\n\n\n\n<p>Los integrantes de la Polic\u00eda\nComunal Mercedes a cargo del comisario Sergio Macedo iniciaron r\u00e1pidamente una\ninvestigaci\u00f3n donde pocas horas despu\u00e9s logran identificar al autor y recuperar\nel mencionado electrodom\u00e9stico. Seg\u00fan se supo el ahora detenido ya ten\u00eda\nvendido el aparato, el cual hab\u00eda terminado en manos de un vecino siendo\nreconocido el elemento sustra\u00eddo por la hermana de la v\u00edctima. <\/p>\n\n\n\n<p>Los investigadores lograron\nrecabar distintos testimonios, momentos, y visualizaci\u00f3n de las c\u00e1maras de\nseguridad del centro de monitoreo, pudiendo cerrar as\u00ed el c\u00edrculo investigativo\nque llev\u00f3 al resultado deseado. <\/p>\n\n\n\n<p>A la hora de escribir esta\nnoticia no se ten\u00edan los datos del detenido, pero s\u00ed que ya se encontraba a\ndisposici\u00f3n de la justicia de Mercedes.<\/p>\n\n\n\n<p>Macedo aprovech\u00f3 la consulta de\nlos medios para \u201cfelicitar a todo el personal de calle, de investigaci\u00f3n\u201d por\n\u201cvolver a llevar tranquilidad a los vecinos\u201d y \u201cresolver el tema en cuesti\u00f3n\u201d\nsin olvidar el constante apoyo y trabajo en conjunto con el Departamento\nJudicial Mercedes. <\/p>\n\n\n\n<p>Interviene la UFI N\u00b06 de Mercedes<\/p>\n","protected":false},"excerpt":{"rendered":"<p>Una vecina de nuestra ciudad se apersona a la Estaci\u00f3n Comunal para efectuar que fue v\u00edctima de un robo. En &#8230; <a title=\"Rob\u00f3, es denunciado y r\u00e1pidamente termina tras las rejas \ufeff\" class=\"read-more\" href=\"https:\/\/www.hoymercedes.com.ar\/principal\/2019\/05\/10\/robo-es-denunciado-y-rapidamente-termina-tras-las-rejas-%ef%bb%bf-2\/\" aria-label=\"Leer m\u00e1s sobre Rob\u00f3, es denunciado y r\u00e1pidamente termina tras las rejas \ufeff\">Leer m\u00e1s<\/a><\/p>\n","protected":false},"author":1,"featured_media":92675,"comment_status":"closed","ping_status":"open","sticky":false,"template":"","format":"standard","meta":{"_monsterinsights_skip_tracking":false,"_monsterinsights_sitenote_active":false,"_monsterinsights_sitenote_note":"","_monsterinsights_sitenote_category":0,"jetpack_post_was_ever_published":false,"_jetpack_newsletter_access":"","_jetpack_dont_email_post_to_subs":false,"_jetpack_newsletter_tier_id":0,"_jetpack_memberships_contains_paywalled_content":false,"_jetpack_memberships_contains_paid_content":false,"footnotes":"","jetpack_publicize_message":"","jetpack_publicize_feature_enabled":true,"jetpack_social_post_already_shared":true,"jetpack_social_options":{"image_generator_settings":{"template":"highway","default_image_id":0,"font":"","enabled":false},"version":2},"_wpas_customize_per_network":false},"categories":[85],"tags":[10352,96,889],"class_list":["post-92678","post","type-post","status-publish","format-standard","has-post-thumbnail","hentry","category-policial","tag-detencion","tag-policial-2","tag-robo","generate-columns","tablet-grid-50","mobile-grid-100","grid-parent","grid-50"],"jetpack_publicize_connections":[],"jetpack_featured_media_url":"https:\/\/www.hoymercedes.com.ar\/principal\/wp-content\/uploads\/2019\/05\/robotv.jpeg","wps_subtitle":"Detenci\u00f3n","jetpack_sharing_enabled":true,"_links":{"self":[{"href":"https:\/\/www.hoymercedes.com.ar\/principal\/wp-json\/wp\/v2\/posts\/92678","targetHints":{"allow":["GET"]}}],"collection":[{"href":"https:\/\/www.hoymercedes.com.ar\/principal\/wp-json\/wp\/v2\/posts"}],"about":[{"href":"https:\/\/www.hoymercedes.com.ar\/principal\/wp-json\/wp\/v2\/types\/post"}],"author":[{"embeddable":true,"href":"https:\/\/www.hoymercedes.com.ar\/principal\/wp-json\/wp\/v2\/users\/1"}],"replies":[{"embeddable":true,"href":"https:\/\/www.hoymercedes.com.ar\/principal\/wp-json\/wp\/v2\/comments?post=92678"}],"version-history":[{"count":0,"href":"https:\/\/www.hoymercedes.com.ar\/principal\/wp-json\/wp\/v2\/posts\/92678\/revisions"}],"wp:featuredmedia":[{"embeddable":true,"href":"https:\/\/www.hoymercedes.com.ar\/principal\/wp-json\/wp\/v2\/media\/92675"}],"wp:attachment":[{"href":"https:\/\/www.hoymercedes.com.ar\/principal\/wp-json\/wp\/v2\/media?parent=92678"}],"wp:term":[{"taxonomy":"category","embeddable":true,"href":"https:\/\/www.hoymercedes.com.ar\/principal\/wp-json\/wp\/v2\/categories?post=92678"},{"taxonomy":"post_tag","embeddable":true,"href":"https:\/\/www.hoymercedes.com.ar\/principal\/wp-json\/wp\/v2\/tags?post=92678"}],"curies":[{"name":"wp","href":"https:\/\/api.w.org\/{rel}","templated":true}]}}