{"id":9268,"date":"2011-11-22T11:21:47","date_gmt":"2011-11-22T11:21:47","guid":{"rendered":"http:\/\/www.hoymercedes.com.ar\/principal\/?p=9268"},"modified":"2011-11-22T11:21:47","modified_gmt":"2011-11-22T11:21:47","slug":"renuncio-otro-consejero-escolar-electo-el-23-de-octubre","status":"publish","type":"post","link":"https:\/\/www.hoymercedes.com.ar\/principal\/2011\/11\/22\/renuncio-otro-consejero-escolar-electo-el-23-de-octubre\/","title":{"rendered":"Renunci\u00f3 otro Consejero Escolar electo el 23 de octubre"},"content":{"rendered":"<p>Se trata del representante del Frente Mercedino para la Victoria, Patricio Aschero. Antes lo hab\u00eda hecho el perteneciente la frente para la Victoria Valeria Flynn. Ayer se reunieron para hacer el acta relacionada con la incorporaci\u00f3n de quien reemplaza a Aschero.<\/p>\n<p>Como nunca antes hab\u00eda ocurrido desde 1983 cuando retomamos la senda democr\u00e1tica en el pa\u00eds, en nuestra ciudad se concreto en las ultimas horas la renuncia anticipada a su cargo de Consejero Escolar para el que fue electo el pasado 23 de octubre del representantes en primer lugar de la lista del Frente Mercedino para la Victoria emulando lo que una semana antes hab\u00eda hecho la candidata en segundo lugar por el selvismo Ver\u00f3nica Flynn.<\/p>\n<p>En declaraciones a los medios, Mar\u00eda Elena Oliva, quien en la actualidad se encuentra vigente en su mandato y es qui\u00e9n por el orden en la lista debe reemplazar a Ver\u00f3nica Flynn precis\u00f3 \u201cen mi caso sin poder siquiera hacer un balance de mis cuatro a\u00f1os de gesti\u00f3n y pensando que me ten\u00eda que alejar del cargo de consejera Escolar de acuerdo al resultado de las ultimas elecciones ahora me veo ante la situaci\u00f3n de tener que seguir otros cuatro a\u00f1os debido a la renuncia que formaliz\u00f3 Ver\u00f3nica Flynn por cuestiones estrictamente personales, y por supuesto que como lo he venido haciendo hasta ahora, continuar\u00e9 trabajando con todo mi empe\u00f1o por las diferentes escuelas de nuestro Partido como una compa\u00f1era m\u00e1s dentro del grupo de consejeros Escolares electos y puestos en funciones en nuestra ciudad, siempre junto a todos los alumnos y sus pap\u00e1s.<\/p>\n<p>Es verdad que lamentablemente a lo largo de los \u00faltimos meses lo que siempre fue dentro el Consejo Escolar una tarea conjunta y sin problemas se modific\u00f3 y comenzamos un camino bastante diferente creo que se debi\u00f3 a que muchos confundieron los compromisos que tienen como funcionarios, en este aso como Consejeros Escolares.<\/p>\n<p>Siempre manifest\u00e9 que nuestro organismo actuaba de una manera totalmente diferente a lo que habitualmente hace por ejemplo el Concejo Deliberante, las demandas que nos llegan a nosotros son diarias porque son los chicos los que van todos los d\u00edas a la escuela entonces necesitan que siempre estemos junto a ellos y ello implica un compromiso mucho mayor pero en Mercedes todos sabemos muy bien qui\u00e9n es qui\u00e9n, sabemos muy bien como somos y como actuamos cada uno de nosotros, de que l\u00ednea o sector venimos y hasta donde hemos demostrado que somos capaces de quedarnos y de trabajar y en tal sentido tengo la alegr\u00eda de decir que siempre estuve al lado del intendente Carlos Selva porque siempre confi\u00e9 en su persona y en el gran compromiso que tiene para con su ciudad, por eso reitero que hubo muchos que confundieron su rol dentro de la pol\u00edtica comenzando a realizar cosas muy diferentes a las acostumbradas\u201d.<\/p>\n<p>Posteriormente se refiri\u00f3 a la renuncia del representante del MMPV sosteniendo \u201cas\u00ed como sorprendi\u00f3 la de Ver\u00f3nica (Flynn) ahora sorprende la de Aschero que present\u00f3 su renuncia por problemas particulares y de salud expresando que era algo que lo hab\u00eda hablado con sus allegados por lo cual hemos convocado justamente para hoy (por ayer) a quien ocupa el segundo lugar en la lista, la se\u00f1ora Graciela Alvis para confeccionar el acta correspondiente si es que decide aceptar el cargo y as\u00ed iremos verificando quienes realmente son los que deberemos jurar en los pr\u00f3ximos d\u00edas.<\/p>\n<p>En lo personal entiendo que ambas renuncias son decisiones estrictamente personales de quienes adoptaron dicha postura sin dejar de pensar que probablemente con posterioridad a las elecciones pudieran haber surgido situaciones especiales que los obligan a no poder cumplir con la palabra dada al momento de aceptar la propuesta para integrar una lista de candidatos, circunstancias que realmente no se pueden cambiar por lo tanto debemos respetar las decisiones que han tomado\u201d<\/p>\n","protected":false},"excerpt":{"rendered":"<p>Se trata del representante del Frente Mercedino para la Victoria, Patricio Aschero. Antes lo hab\u00eda hecho el perteneciente la frente &#8230; <a title=\"Renunci\u00f3 otro Consejero Escolar electo el 23 de octubre\" class=\"read-more\" href=\"https:\/\/www.hoymercedes.com.ar\/principal\/2011\/11\/22\/renuncio-otro-consejero-escolar-electo-el-23-de-octubre\/\" aria-label=\"Leer m\u00e1s sobre Renunci\u00f3 otro Consejero Escolar electo el 23 de octubre\">Leer m\u00e1s<\/a><\/p>\n","protected":false},"author":1,"featured_media":0,"comment_status":"open","ping_status":"open","sticky":false,"template":"","format":"standard","meta":{"_monsterinsights_skip_tracking":false,"_monsterinsights_sitenote_active":false,"_monsterinsights_sitenote_note":"","_monsterinsights_sitenote_category":0,"jetpack_post_was_ever_published":false,"_jetpack_newsletter_access":"","_jetpack_dont_email_post_to_subs":false,"_jetpack_newsletter_tier_id":0,"_jetpack_memberships_contains_paywalled_content":false,"_jetpack_memberships_contains_paid_content":false,"footnotes":"","jetpack_publicize_message":"","jetpack_publicize_feature_enabled":true,"jetpack_social_post_already_shared":false,"jetpack_social_options":{"image_generator_settings":{"template":"highway","default_image_id":0,"font":"","enabled":false},"version":2},"_wpas_customize_per_network":false},"categories":[5],"tags":[1609],"class_list":["post-9268","post","type-post","status-publish","format-standard","hentry","category-politica","tag-renuncio-consejero-escolar","generate-columns","tablet-grid-50","mobile-grid-100","grid-parent","grid-50"],"jetpack_publicize_connections":[],"jetpack_featured_media_url":"","wps_subtitle":"","jetpack_sharing_enabled":true,"_links":{"self":[{"href":"https:\/\/www.hoymercedes.com.ar\/principal\/wp-json\/wp\/v2\/posts\/9268","targetHints":{"allow":["GET"]}}],"collection":[{"href":"https:\/\/www.hoymercedes.com.ar\/principal\/wp-json\/wp\/v2\/posts"}],"about":[{"href":"https:\/\/www.hoymercedes.com.ar\/principal\/wp-json\/wp\/v2\/types\/post"}],"author":[{"embeddable":true,"href":"https:\/\/www.hoymercedes.com.ar\/principal\/wp-json\/wp\/v2\/users\/1"}],"replies":[{"embeddable":true,"href":"https:\/\/www.hoymercedes.com.ar\/principal\/wp-json\/wp\/v2\/comments?post=9268"}],"version-history":[{"count":0,"href":"https:\/\/www.hoymercedes.com.ar\/principal\/wp-json\/wp\/v2\/posts\/9268\/revisions"}],"wp:attachment":[{"href":"https:\/\/www.hoymercedes.com.ar\/principal\/wp-json\/wp\/v2\/media?parent=9268"}],"wp:term":[{"taxonomy":"category","embeddable":true,"href":"https:\/\/www.hoymercedes.com.ar\/principal\/wp-json\/wp\/v2\/categories?post=9268"},{"taxonomy":"post_tag","embeddable":true,"href":"https:\/\/www.hoymercedes.com.ar\/principal\/wp-json\/wp\/v2\/tags?post=9268"}],"curies":[{"name":"wp","href":"https:\/\/api.w.org\/{rel}","templated":true}]}}