{"id":92686,"date":"2019-05-10T09:25:12","date_gmt":"2019-05-10T12:25:12","guid":{"rendered":"http:\/\/www.hoymercedes.com.ar\/principal\/?p=92686"},"modified":"2019-05-09T22:57:21","modified_gmt":"2019-05-10T01:57:21","slug":"arranco-el-mapa-digital-y-estadistico-del-observatorio-de-seguridad-ciudadana","status":"publish","type":"post","link":"https:\/\/www.hoymercedes.com.ar\/principal\/2019\/05\/10\/arranco-el-mapa-digital-y-estadistico-del-observatorio-de-seguridad-ciudadana\/","title":{"rendered":"Arranc\u00f3 el mapa digital y estad\u00edstico del Observatorio de Seguridad Ciudadana"},"content":{"rendered":"\n<p><strong><br><\/strong>La Municipalidad de Mercedes suma herramientas en el marco de la planificaci\u00f3n de la seguridad. En esta ocasi\u00f3n se conocieron detalles del \u201cobservatorio de seguridad\u201d. El desarrollo, con participaci\u00f3n de diversas \u00e1reas, expone un mapa integral de la situaci\u00f3n local de seguridad, seguridad vial, estad\u00edsticas, entre otras acciones. La herramienta permite tener un mapa real de todo el partido, actualizado cotidianamente, sobre el delito, accidentes de tr\u00e1nsito, botones anti p\u00e1nico, e intervenciones policiales. <\/p>\n\n\n\n<figure class=\"wp-block-image\"><img loading=\"lazy\" decoding=\"async\" width=\"750\" height=\"365\" data-attachment-id=\"92687\" data-permalink=\"https:\/\/www.hoymercedes.com.ar\/principal\/2019\/05\/10\/arranco-el-mapa-digital-y-estadistico-del-observatorio-de-seguridad-ciudadana\/10-seguridad-municipal\/#main\" data-orig-file=\"https:\/\/www.hoymercedes.com.ar\/principal\/wp-content\/uploads\/2019\/05\/10-seguridad-municipal.jpg\" data-orig-size=\"750,365\" data-comments-opened=\"0\" data-image-meta=\"{&quot;aperture&quot;:&quot;1.5&quot;,&quot;credit&quot;:&quot;&quot;,&quot;camera&quot;:&quot;SM-G9650&quot;,&quot;caption&quot;:&quot;&quot;,&quot;created_timestamp&quot;:&quot;1557157695&quot;,&quot;copyright&quot;:&quot;&quot;,&quot;focal_length&quot;:&quot;4.3&quot;,&quot;iso&quot;:&quot;100&quot;,&quot;shutter_speed&quot;:&quot;0.02&quot;,&quot;title&quot;:&quot;&quot;,&quot;orientation&quot;:&quot;1&quot;}\" data-image-title=\"10 seguridad municipal\" data-image-description=\"\" data-image-caption=\"\" data-large-file=\"https:\/\/www.hoymercedes.com.ar\/principal\/wp-content\/uploads\/2019\/05\/10-seguridad-municipal.jpg\" src=\"https:\/\/www.hoymercedes.com.ar\/principal\/wp-content\/uploads\/2019\/05\/10-seguridad-municipal.jpg\" alt=\"\" class=\"wp-image-92687\" srcset=\"https:\/\/www.hoymercedes.com.ar\/principal\/wp-content\/uploads\/2019\/05\/10-seguridad-municipal.jpg 750w, https:\/\/www.hoymercedes.com.ar\/principal\/wp-content\/uploads\/2019\/05\/10-seguridad-municipal-150x73.jpg 150w, https:\/\/www.hoymercedes.com.ar\/principal\/wp-content\/uploads\/2019\/05\/10-seguridad-municipal-630x307.jpg 630w\" sizes=\"auto, (max-width: 750px) 100vw, 750px\" \/><\/figure>\n\n\n\n<p>En el marco de la presenci\u00f3n de la herramienta de seguridad, el jefe comunal Juan Ignacio Ustarroz destac\u00f3 que desde el a\u00f1o 2016 se trabaja en un plan estrat\u00e9gico de seguridad. \u00abSe han realizado varias acciones para mejorar nuestra seguridad. Tener un mapa del delito interactivo permitir\u00e1 acciones m\u00e1s contundentea en los diferentes puntos de la ciudad\u201d, explic\u00f3.<\/p>\n\n\n\n<p>\u00abEl delito en toda la provincia viene creciendo. Por eso lo que necesitamos son estas herramientas, tecnolog\u00eda y recursos que ponemos a diario, articulando con la ciudadan\u00eda, para construir entre todos una sociedad m\u00e1s segura\u00bb, resalt\u00f3 el Intendente.<\/p>\n\n\n\n<p>A su lado, la titular del \u00e1rea de Seguridad, Josefina Kelly, explic\u00f3 que el mapa del delito ser\u00e1 din\u00e1mico para responder a las necesidades de la seguridad vial y la seguridad ciudadana y hacer una buena planificaci\u00f3n de pol\u00edticas p\u00fablicas. <\/p>\n\n\n\n<p>La herramienta digital, a la estad\u00edstica y an\u00e1lisis general, aporta sustancialmente para la prevenci\u00f3n, la atenci\u00f3n de zonas, la detecci\u00f3n de necesidades y el seguimiento de casos y acontecimientos.<br><\/p>\n","protected":false},"excerpt":{"rendered":"<p>La Municipalidad de Mercedes suma herramientas en el marco de la planificaci\u00f3n de la seguridad. En esta ocasi\u00f3n se conocieron &#8230; <a title=\"Arranc\u00f3 el mapa digital y estad\u00edstico del Observatorio de Seguridad Ciudadana\" class=\"read-more\" href=\"https:\/\/www.hoymercedes.com.ar\/principal\/2019\/05\/10\/arranco-el-mapa-digital-y-estadistico-del-observatorio-de-seguridad-ciudadana\/\" aria-label=\"Leer m\u00e1s sobre Arranc\u00f3 el mapa digital y estad\u00edstico del Observatorio de Seguridad Ciudadana\">Leer m\u00e1s<\/a><\/p>\n","protected":false},"author":1,"featured_media":92687,"comment_status":"closed","ping_status":"open","sticky":false,"template":"","format":"standard","meta":{"_monsterinsights_skip_tracking":false,"_monsterinsights_sitenote_active":false,"_monsterinsights_sitenote_note":"","_monsterinsights_sitenote_category":0,"jetpack_post_was_ever_published":false,"_jetpack_newsletter_access":"","_jetpack_dont_email_post_to_subs":false,"_jetpack_newsletter_tier_id":0,"_jetpack_memberships_contains_paywalled_content":false,"_jetpack_memberships_contains_paid_content":false,"footnotes":"","jetpack_publicize_message":"","jetpack_publicize_feature_enabled":true,"jetpack_social_post_already_shared":true,"jetpack_social_options":{"image_generator_settings":{"template":"highway","default_image_id":0,"font":"","enabled":false},"version":2},"_wpas_customize_per_network":false},"categories":[30],"tags":[11000,244,802],"class_list":["post-92686","post","type-post","status-publish","format-standard","has-post-thumbnail","hentry","category-municipio","tag-centro-de-monitoreo","tag-municipio-2","tag-seguridad","generate-columns","tablet-grid-50","mobile-grid-100","grid-parent","grid-50"],"jetpack_publicize_connections":[],"jetpack_featured_media_url":"https:\/\/www.hoymercedes.com.ar\/principal\/wp-content\/uploads\/2019\/05\/10-seguridad-municipal.jpg","wps_subtitle":"Seguridad municipal","jetpack_sharing_enabled":true,"_links":{"self":[{"href":"https:\/\/www.hoymercedes.com.ar\/principal\/wp-json\/wp\/v2\/posts\/92686","targetHints":{"allow":["GET"]}}],"collection":[{"href":"https:\/\/www.hoymercedes.com.ar\/principal\/wp-json\/wp\/v2\/posts"}],"about":[{"href":"https:\/\/www.hoymercedes.com.ar\/principal\/wp-json\/wp\/v2\/types\/post"}],"author":[{"embeddable":true,"href":"https:\/\/www.hoymercedes.com.ar\/principal\/wp-json\/wp\/v2\/users\/1"}],"replies":[{"embeddable":true,"href":"https:\/\/www.hoymercedes.com.ar\/principal\/wp-json\/wp\/v2\/comments?post=92686"}],"version-history":[{"count":0,"href":"https:\/\/www.hoymercedes.com.ar\/principal\/wp-json\/wp\/v2\/posts\/92686\/revisions"}],"wp:featuredmedia":[{"embeddable":true,"href":"https:\/\/www.hoymercedes.com.ar\/principal\/wp-json\/wp\/v2\/media\/92687"}],"wp:attachment":[{"href":"https:\/\/www.hoymercedes.com.ar\/principal\/wp-json\/wp\/v2\/media?parent=92686"}],"wp:term":[{"taxonomy":"category","embeddable":true,"href":"https:\/\/www.hoymercedes.com.ar\/principal\/wp-json\/wp\/v2\/categories?post=92686"},{"taxonomy":"post_tag","embeddable":true,"href":"https:\/\/www.hoymercedes.com.ar\/principal\/wp-json\/wp\/v2\/tags?post=92686"}],"curies":[{"name":"wp","href":"https:\/\/api.w.org\/{rel}","templated":true}]}}