{"id":92691,"date":"2019-05-10T17:18:47","date_gmt":"2019-05-10T20:18:47","guid":{"rendered":"http:\/\/www.hoymercedes.com.ar\/principal\/?p=92691"},"modified":"2019-05-10T16:45:17","modified_gmt":"2019-05-10T19:45:17","slug":"presentaron-p5almacen-com-ar-una-plataforma-para-la-venta-online-de-productos","status":"publish","type":"post","link":"https:\/\/www.hoymercedes.com.ar\/principal\/2019\/05\/10\/presentaron-p5almacen-com-ar-una-plataforma-para-la-venta-online-de-productos\/","title":{"rendered":"Presentaron P5Almacen.com.ar, una plataforma para la venta online de productos"},"content":{"rendered":"\n<p>En la ma\u00f1ana de este viernes, el grupo Dell present\u00f3 la plataforma virtual P5almacen.com.ar, propuesta que facilitar\u00e1 a los productores del corredor de Ruta Nacional N* 5 la venta online y distribuci\u00f3n de sus productos en la regi\u00f3n, as\u00ed como la compra al por mayor de comercios minoristas.<\/p>\n\n\n\n<figure class=\"wp-block-image\"><img loading=\"lazy\" decoding=\"async\" width=\"800\" height=\"566\" data-attachment-id=\"92697\" data-permalink=\"https:\/\/www.hoymercedes.com.ar\/principal\/10-p5almacen566\/\" data-orig-file=\"https:\/\/www.hoymercedes.com.ar\/principal\/wp-content\/uploads\/2019\/05\/10-P5almacen566.jpeg\" data-orig-size=\"800,566\" data-comments-opened=\"0\" data-image-meta=\"{&quot;aperture&quot;:&quot;0&quot;,&quot;credit&quot;:&quot;&quot;,&quot;camera&quot;:&quot;&quot;,&quot;caption&quot;:&quot;&quot;,&quot;created_timestamp&quot;:&quot;0&quot;,&quot;copyright&quot;:&quot;&quot;,&quot;focal_length&quot;:&quot;0&quot;,&quot;iso&quot;:&quot;0&quot;,&quot;shutter_speed&quot;:&quot;0&quot;,&quot;title&quot;:&quot;&quot;,&quot;orientation&quot;:&quot;0&quot;}\" data-image-title=\"10 P5almacen566\" data-image-description=\"\" data-image-caption=\"\" data-large-file=\"https:\/\/www.hoymercedes.com.ar\/principal\/wp-content\/uploads\/2019\/05\/10-P5almacen566.jpeg\" src=\"https:\/\/www.hoymercedes.com.ar\/principal\/wp-content\/uploads\/2019\/05\/10-P5almacen566.jpeg\" alt=\"\" class=\"wp-image-92697\" srcset=\"https:\/\/www.hoymercedes.com.ar\/principal\/wp-content\/uploads\/2019\/05\/10-P5almacen566.jpeg 800w, https:\/\/www.hoymercedes.com.ar\/principal\/wp-content\/uploads\/2019\/05\/10-P5almacen566-150x106.jpeg 150w, https:\/\/www.hoymercedes.com.ar\/principal\/wp-content\/uploads\/2019\/05\/10-P5almacen566-630x446.jpeg 630w\" sizes=\"auto, (max-width: 800px) 100vw, 800px\" \/><\/figure>\n\n\n\n<p>Aldo Franco, presidente de la empresa, cont\u00f3 ante representantes de comercios, empresarios, medios de comunicaci\u00f3n e invitados especiales de qu\u00e9 se trata la plataforma que permitir\u00e1 articular con el Parque Log\u00edstico Mercedes como centro de distribuci\u00f3n y fraccionamiento de productos. <\/p>\n\n\n\n<p>\u00abP5almacen.com.ar, es una plataforma de venta de productos online enfocada en el corredor de la Ruta Nacional N5, acercando a los vecinos del corredor, productos de calidad a precios muy bajos y permiti\u00e9ndole a los productores locales ser parte del mismo\u00bb, expresaron desde la empresa P5.<\/p>\n\n\n\n<p>\u00abEs nuestro objetivo desarrollar la regi\u00f3n y reconocer la labor de aquellos que realizan un aporte a la comunidad. Desde Luj\u00e1n hasta Santa Rosa, les hacemos llegar productos de calidad, hechos por manos cercanas, y al mejor precio del mercado\u00bb, agregaron en la explicaci\u00f3n.<\/p>\n\n\n\n<figure class=\"wp-block-image\"><img loading=\"lazy\" decoding=\"async\" width=\"800\" height=\"566\" data-attachment-id=\"92698\" data-permalink=\"https:\/\/www.hoymercedes.com.ar\/principal\/10-p5alamcenx566\/\" data-orig-file=\"https:\/\/www.hoymercedes.com.ar\/principal\/wp-content\/uploads\/2019\/05\/10-P5alamcenx566.jpeg\" data-orig-size=\"800,566\" data-comments-opened=\"0\" data-image-meta=\"{&quot;aperture&quot;:&quot;0&quot;,&quot;credit&quot;:&quot;&quot;,&quot;camera&quot;:&quot;&quot;,&quot;caption&quot;:&quot;&quot;,&quot;created_timestamp&quot;:&quot;0&quot;,&quot;copyright&quot;:&quot;&quot;,&quot;focal_length&quot;:&quot;0&quot;,&quot;iso&quot;:&quot;0&quot;,&quot;shutter_speed&quot;:&quot;0&quot;,&quot;title&quot;:&quot;&quot;,&quot;orientation&quot;:&quot;0&quot;}\" data-image-title=\"10 P5alamcenx566\" data-image-description=\"\" data-image-caption=\"\" data-large-file=\"https:\/\/www.hoymercedes.com.ar\/principal\/wp-content\/uploads\/2019\/05\/10-P5alamcenx566.jpeg\" src=\"https:\/\/www.hoymercedes.com.ar\/principal\/wp-content\/uploads\/2019\/05\/10-P5alamcenx566.jpeg\" alt=\"\" class=\"wp-image-92698\" srcset=\"https:\/\/www.hoymercedes.com.ar\/principal\/wp-content\/uploads\/2019\/05\/10-P5alamcenx566.jpeg 800w, https:\/\/www.hoymercedes.com.ar\/principal\/wp-content\/uploads\/2019\/05\/10-P5alamcenx566-150x106.jpeg 150w, https:\/\/www.hoymercedes.com.ar\/principal\/wp-content\/uploads\/2019\/05\/10-P5alamcenx566-630x446.jpeg 630w\" sizes=\"auto, (max-width: 800px) 100vw, 800px\" \/><\/figure>\n\n\n\n<p>Acompa\u00f1ado de las im\u00e1genes del sitio web, Franco explic\u00f3 como funciona la plataforma virtual en donde se encuentra variedad de productos distribuidos en categor\u00edas como Alimentos, Bazar, Regionales, Autos, Hogar, Indumentaria, Libros, Juguetes, entre otros productos. Tambi\u00e9n ofrece la posibilidad de comprar combos de alimentos y golosinas exclusivamente para los peque\u00f1os y medianos comercios o para hogares de familia. <\/p>\n\n\n\n<p>A las categor\u00edas ofrecidas se le suman peri\u00f3dicamente nuevas ya que est\u00e1 la posibilidad de que los productores de la regi\u00f3n se comuniquen para ofrecer sus productos a trav\u00e9s de la plataforma digital. Para vender a trav\u00e9s de la plataforma, ser\u00e1 necesario enviar un correo electr\u00f3nico a yomesumo@05almacen.com.ar y contactarse con los representantes de la empresa. <\/p>\n\n\n\n<p>En tanto, quienes quieran comprar podr\u00e1n ingresar al sitio web: <a rel=\"noreferrer noopener\" aria-label=\"www.p5almacen.com.ar (opens in a new tab)\" href=\"http:\/\/www.p5almacen.com.ar\" target=\"_blank\">www.p5almacen.com.ar<\/a> , registrarse como usuarios y seleccionar los productos a comprar en el link de \u00abagregar a carrito\u00bb. Finalizada la selecci\u00f3n, podr\u00e1 iniciar la comprar y seleccionar en qu\u00e9 sucursal podr\u00e1 retirar los productos y decidir las formas de pago. Entre los espacios de retiro de productos, la empresa propone la planta baja del edificio que est\u00e1 en Avenida 29, entre 16 y 14. <\/p>\n","protected":false},"excerpt":{"rendered":"<p>En la ma\u00f1ana de este viernes, el grupo Dell present\u00f3 la plataforma virtual P5almacen.com.ar, propuesta que facilitar\u00e1 a los productores &#8230; <a title=\"Presentaron P5Almacen.com.ar, una plataforma para la venta online de productos\" class=\"read-more\" href=\"https:\/\/www.hoymercedes.com.ar\/principal\/2019\/05\/10\/presentaron-p5almacen-com-ar-una-plataforma-para-la-venta-online-de-productos\/\" aria-label=\"Leer m\u00e1s sobre Presentaron P5Almacen.com.ar, una plataforma para la venta online de productos\">Leer m\u00e1s<\/a><\/p>\n","protected":false},"author":1,"featured_media":92698,"comment_status":"closed","ping_status":"open","sticky":false,"template":"","format":"standard","meta":{"_monsterinsights_skip_tracking":false,"_monsterinsights_sitenote_active":false,"_monsterinsights_sitenote_note":"","_monsterinsights_sitenote_category":0,"jetpack_post_was_ever_published":false,"_jetpack_newsletter_access":"","_jetpack_dont_email_post_to_subs":false,"_jetpack_newsletter_tier_id":0,"_jetpack_memberships_contains_paywalled_content":false,"_jetpack_memberships_contains_paid_content":false,"footnotes":"","jetpack_publicize_message":"","jetpack_publicize_feature_enabled":true,"jetpack_social_post_already_shared":true,"jetpack_social_options":{"image_generator_settings":{"template":"highway","default_image_id":0,"font":"","enabled":false},"version":2},"_wpas_customize_per_network":false},"categories":[5501],"tags":[13232,9840,13265,15048],"class_list":["post-92691","post","type-post","status-publish","format-standard","has-post-thumbnail","hentry","category-region","tag-comercial","tag-empresas","tag-logistica","tag-venta-virtual","generate-columns","tablet-grid-50","mobile-grid-100","grid-parent","grid-50"],"jetpack_publicize_connections":[],"jetpack_featured_media_url":"https:\/\/www.hoymercedes.com.ar\/principal\/wp-content\/uploads\/2019\/05\/10-P5alamcenx566.jpeg","wps_subtitle":"Comercio regional","jetpack_sharing_enabled":true,"_links":{"self":[{"href":"https:\/\/www.hoymercedes.com.ar\/principal\/wp-json\/wp\/v2\/posts\/92691","targetHints":{"allow":["GET"]}}],"collection":[{"href":"https:\/\/www.hoymercedes.com.ar\/principal\/wp-json\/wp\/v2\/posts"}],"about":[{"href":"https:\/\/www.hoymercedes.com.ar\/principal\/wp-json\/wp\/v2\/types\/post"}],"author":[{"embeddable":true,"href":"https:\/\/www.hoymercedes.com.ar\/principal\/wp-json\/wp\/v2\/users\/1"}],"replies":[{"embeddable":true,"href":"https:\/\/www.hoymercedes.com.ar\/principal\/wp-json\/wp\/v2\/comments?post=92691"}],"version-history":[{"count":0,"href":"https:\/\/www.hoymercedes.com.ar\/principal\/wp-json\/wp\/v2\/posts\/92691\/revisions"}],"wp:featuredmedia":[{"embeddable":true,"href":"https:\/\/www.hoymercedes.com.ar\/principal\/wp-json\/wp\/v2\/media\/92698"}],"wp:attachment":[{"href":"https:\/\/www.hoymercedes.com.ar\/principal\/wp-json\/wp\/v2\/media?parent=92691"}],"wp:term":[{"taxonomy":"category","embeddable":true,"href":"https:\/\/www.hoymercedes.com.ar\/principal\/wp-json\/wp\/v2\/categories?post=92691"},{"taxonomy":"post_tag","embeddable":true,"href":"https:\/\/www.hoymercedes.com.ar\/principal\/wp-json\/wp\/v2\/tags?post=92691"}],"curies":[{"name":"wp","href":"https:\/\/api.w.org\/{rel}","templated":true}]}}