{"id":92701,"date":"2019-05-10T10:57:07","date_gmt":"2019-05-10T13:57:07","guid":{"rendered":"http:\/\/www.hoymercedes.com.ar\/principal\/?p=92701"},"modified":"2019-05-10T15:47:54","modified_gmt":"2019-05-10T18:47:54","slug":"una-mujer-fue-aprehendida-por-el-homicidio-de-su-pareja","status":"publish","type":"post","link":"https:\/\/www.hoymercedes.com.ar\/principal\/2019\/05\/10\/una-mujer-fue-aprehendida-por-el-homicidio-de-su-pareja\/","title":{"rendered":"Una mujer fue aprehendida por el  homicidio de su pareja"},"content":{"rendered":"\n<p>En los \u00faltimos minutos del d\u00eda jueves 9 de mayo del corriente, se produjo un episodio violento en una vivienda de calles 28 entre 61 y 63, que result\u00f3 con un hombre, identificado como Nazareno Far\u00edas, de 26 a\u00f1os, fallecido y su pareja, identificada como Mar\u00eda Soledad G\u00f3mez, de 32 a\u00f1os, aprehendida e imputada por \u201cHomicidio calificado por el v\u00ednculo\u201d. Ambos de Mercedes. <\/p>\n\n\n\n<p>De acuerdo a los primeros datos recogidos en la investigaci\u00f3n, que lleva a cabo la UFI N.\u00ba 6 a cargo del doctor Luis Carcagno, minutos antes de las 00 horas de este viernes, en una vivienda en el barrio Marchetti se dio una discusi\u00f3n entre la v\u00edctima y su pareja, por causas que son materia de an\u00e1lisis. Los gritos y sonidos alertaron a la madre del hombre, que viv\u00eda en una casa lindera y se acerc\u00f3 a ver qu\u00e9 ocurr\u00eda. Fue en ese momento cuando pudo observar que se estaba desarrollando una pelea, y la mujer mu\u00f1ida de un objeto punzo cortante le asest\u00f3 un puntazo en la zona de la ingle, tras lo cual la v\u00edctima cay\u00f3 al suelo. Mientras tanto, la pareja se retir\u00f3 del lugar insultando a la madre del sujeto y se dio a la fuga.<\/p>\n\n\n\n<p>La herida propinada habr\u00eda comprometido una importante arteria, lo cual habr\u00eda afectado gravemente su salud y finalmente falleci\u00f3 en el hospital Blas L. Dubarry.<\/p>\n\n\n\n<p>Alrededor de las 0:45 horas personal policial tom\u00f3 conocimiento de lo ocurrido por el aviso del nosocomio local.<\/p>\n\n\n\n<p>Luego de un arduo trabajo policial, tres allanamientos dispuestos aut\u00f3nomamente por el fiscal actuante, tareas de inteligencia y relevamiento a cargo de la UFI en turno, personal policial de la Polic\u00eda Comunal Mercedes y el GAD Mercedes, se logr\u00f3 aprehender a la ahora imputada, alrededor de las 8 horas del d\u00eda de hoy en pleno centro de la ciudad, mientras se movilizaba a pie.<\/p>\n\n\n\n<p>A las 12:30 horas de hoy se llevar\u00e1 a cabo la autopsia correspondiente, para determinar fechacientemente el causal del deceso. La mujer deber\u00e1 prestar declaraci\u00f3n indagatoria ante la Fiscal\u00eda en turno, en la jornada de este s\u00e1bado.<\/p>\n\n\n\n<p>Fuente: Ministerio P\u00fablico Fiscal<br> &nbsp;<\/p>\n","protected":false},"excerpt":{"rendered":"<p>En los \u00faltimos minutos del d\u00eda jueves 9 de mayo del corriente, se produjo un episodio violento en una vivienda &#8230; <a title=\"Una mujer fue aprehendida por el  homicidio de su pareja\" class=\"read-more\" href=\"https:\/\/www.hoymercedes.com.ar\/principal\/2019\/05\/10\/una-mujer-fue-aprehendida-por-el-homicidio-de-su-pareja\/\" aria-label=\"Leer m\u00e1s sobre Una mujer fue aprehendida por el  homicidio de su pareja\">Leer m\u00e1s<\/a><\/p>\n","protected":false},"author":1,"featured_media":90495,"comment_status":"closed","ping_status":"open","sticky":false,"template":"","format":"standard","meta":{"_monsterinsights_skip_tracking":false,"_monsterinsights_sitenote_active":false,"_monsterinsights_sitenote_note":"","_monsterinsights_sitenote_category":0,"jetpack_post_was_ever_published":false,"_jetpack_newsletter_access":"","_jetpack_dont_email_post_to_subs":false,"_jetpack_newsletter_tier_id":0,"_jetpack_memberships_contains_paywalled_content":false,"_jetpack_memberships_contains_paid_content":false,"footnotes":"","jetpack_publicize_message":"","jetpack_publicize_feature_enabled":true,"jetpack_social_post_already_shared":true,"jetpack_social_options":{"image_generator_settings":{"template":"highway","default_image_id":0,"font":"","enabled":false},"version":2},"_wpas_customize_per_network":false},"categories":[85],"tags":[215,12006,96,8985],"class_list":["post-92701","post","type-post","status-publish","format-standard","has-post-thumbnail","hentry","category-policial","tag-detenciones","tag-ministerio-publico","tag-policial-2","tag-sistema-judicial","generate-columns","tablet-grid-50","mobile-grid-100","grid-parent","grid-50"],"jetpack_publicize_connections":[],"jetpack_featured_media_url":"https:\/\/www.hoymercedes.com.ar\/principal\/wp-content\/uploads\/2019\/04\/01-policial.jpg","wps_subtitle":"","jetpack_sharing_enabled":true,"_links":{"self":[{"href":"https:\/\/www.hoymercedes.com.ar\/principal\/wp-json\/wp\/v2\/posts\/92701","targetHints":{"allow":["GET"]}}],"collection":[{"href":"https:\/\/www.hoymercedes.com.ar\/principal\/wp-json\/wp\/v2\/posts"}],"about":[{"href":"https:\/\/www.hoymercedes.com.ar\/principal\/wp-json\/wp\/v2\/types\/post"}],"author":[{"embeddable":true,"href":"https:\/\/www.hoymercedes.com.ar\/principal\/wp-json\/wp\/v2\/users\/1"}],"replies":[{"embeddable":true,"href":"https:\/\/www.hoymercedes.com.ar\/principal\/wp-json\/wp\/v2\/comments?post=92701"}],"version-history":[{"count":0,"href":"https:\/\/www.hoymercedes.com.ar\/principal\/wp-json\/wp\/v2\/posts\/92701\/revisions"}],"wp:featuredmedia":[{"embeddable":true,"href":"https:\/\/www.hoymercedes.com.ar\/principal\/wp-json\/wp\/v2\/media\/90495"}],"wp:attachment":[{"href":"https:\/\/www.hoymercedes.com.ar\/principal\/wp-json\/wp\/v2\/media?parent=92701"}],"wp:term":[{"taxonomy":"category","embeddable":true,"href":"https:\/\/www.hoymercedes.com.ar\/principal\/wp-json\/wp\/v2\/categories?post=92701"},{"taxonomy":"post_tag","embeddable":true,"href":"https:\/\/www.hoymercedes.com.ar\/principal\/wp-json\/wp\/v2\/tags?post=92701"}],"curies":[{"name":"wp","href":"https:\/\/api.w.org\/{rel}","templated":true}]}}