{"id":9271,"date":"2011-11-22T11:32:49","date_gmt":"2011-11-22T11:32:49","guid":{"rendered":"http:\/\/www.hoymercedes.com.ar\/principal\/?p=9271"},"modified":"2011-11-22T11:42:08","modified_gmt":"2011-11-22T11:42:08","slug":"accidente-aereo-se-conocen-mas-detalles","status":"publish","type":"post","link":"https:\/\/www.hoymercedes.com.ar\/principal\/2011\/11\/22\/accidente-aereo-se-conocen-mas-detalles\/","title":{"rendered":"Accidente a\u00e9reo: se conocen m\u00e1s detalles"},"content":{"rendered":"<p>El inusual accidente se produjo alrededor de las 9.30hs de ayer cuando ambas avionetas realizaban las tareas previas de acercamiento y posterior aterrizaje<\/p>\n<p>Dos personas perdieron la vida ayer como consecuencia del choque entre dos aeronaves que se produjo poco despu\u00e9s de las 9.30hs. a escasos metros de donde concluye el predio del Aero Club de nuestra ciudad mientras se encontraban en los preparativos de acercamiento necesario para poder aterrizar a una altura seg\u00fan las primeras estimaciones de cien metros.<\/p>\n<p>La noticia comenz\u00f3 a difundirse cuando vecinos que se domicilian en la prolongaci\u00f3n de la calle 26 pr\u00f3ximos a la curva que conduce al Aer\u00f3dromo mediante llamados telef\u00f3nicos a varios medios de prensa de la ciudad alertaban acerca de la cantidad de veh\u00edculos entre los que inclu\u00edan a los pertenecientes a Polic\u00eda, Bomberos y una ambulancia del Hospital que transitaban por la misma en direcci\u00f3n justamente del Aero Club<\/p>\n<p>Cerca de las 10.00hs. tanto Bomberos como el Hospital confirmaban que dos avionetas hab\u00edan colisionado en vuelo y un de ellas hab\u00eda ca\u00eddo a tierra, pero por entonces no se daba ning\u00fan otros dato.<\/p>\n<p>Tambi\u00e9n se pudo comprobar que la aeronave siniestrada hab\u00eda ca\u00eddo en la calle ubicada en la parte de atr\u00e1s del aer\u00f3dromo mientras que la otra unidad hab\u00eda logrado a pesar de tener serios da\u00f1os en la parte de la h\u00e9lice aterriza en la pista ubicada a escasos metros de donde se produjo el impacto a\u00e9reo.<\/p>\n<p>Poco despu\u00e9s de las 10.00hs las autoridades del Aero Club Mercedes confirmaron que producto del siniestro hab\u00edan perdido la vida de manera instant\u00e1nea los dos ocupantes de la m\u00e1quina que cayo a tierra, un Cesna 152 que pertenec\u00eda a una Escuela de Vuelo ubicada en la ciudad de Mor\u00f3n que desde hace muchos a\u00f1os trabajan en la instrucci\u00f3n y capacitaci\u00f3n de pilotos civiles agregando <em>\u201cnuestro aer\u00f3dromo es un lugar frecuentemente utilizado por las Escuelas de Vuelo ubicadas en las proximidades de nuestra ciudad para realizar trabajos pr\u00e1cticos de aproximaci\u00f3n y aterrizaje, siendo por lo general tripulados \u00fanicamente por el instructor y el alumno.<\/em><\/p>\n<p><em>Por su parte la otra aeronave involucrada en el accidente es una m\u00e1quina Dakota que en principio estaba siendo tripulada por dos personas que se desempe\u00f1ar\u00edan en la \u00f3rbita del Instituto Nacional de Aviaci\u00f3n Civil que casualmente tambi\u00e9n tiene su sede en la ciudad de Mor\u00f3n.<\/em><\/p>\n<p>Pasado el mediod\u00eda ya se hab\u00edan hecho presentes en nuestra ciudad representantes de la Fuerza A\u00e9rea Argentina, concretamente sus peritos en accidentes, quienes dieron comienzo a la tarea de intentar develar las causas por las cuales se hab\u00eda producido el hechos estim\u00e1ndose, pero de manera no oficial, que el choque entre las dos aeronaves se produjo en el momento en que las mismas se encontraban en plena realizaci\u00f3n de las tareas previas de aproximaci\u00f3n a la pista del Aero Club para aterrizar y el piloto del Dakota sorprendido por la presencia de la nave de menor porte frente al mismo pudo evitar colisionarlo en la zona central arrancando pr\u00e1cticamente la totalidad de la cola de dicha unidad lo cual produjo de manera inmediata la ca\u00edda a tierra de la misma con el luctuoso saldo ya informado.<\/p>\n<p>Las dos unidades hab\u00edan partido desde el aeropuerto ubicado en la ciudad de Mor\u00f3n donde como se sabe el mismo cuenta con un sector civil y otro destinado a las Fuerzas Militares.<\/p>\n","protected":false},"excerpt":{"rendered":"<p>El inusual accidente se produjo alrededor de las 9.30hs de ayer cuando ambas avionetas realizaban las tareas previas de acercamiento &#8230; <a title=\"Accidente a\u00e9reo: se conocen m\u00e1s detalles\" class=\"read-more\" href=\"https:\/\/www.hoymercedes.com.ar\/principal\/2011\/11\/22\/accidente-aereo-se-conocen-mas-detalles\/\" aria-label=\"Leer m\u00e1s sobre Accidente a\u00e9reo: se conocen m\u00e1s detalles\">Leer m\u00e1s<\/a><\/p>\n","protected":false},"author":1,"featured_media":0,"comment_status":"open","ping_status":"open","sticky":false,"template":"","format":"standard","meta":{"_monsterinsights_skip_tracking":false,"_monsterinsights_sitenote_active":false,"_monsterinsights_sitenote_note":"","_monsterinsights_sitenote_category":0,"jetpack_post_was_ever_published":false,"_jetpack_newsletter_access":"","_jetpack_dont_email_post_to_subs":false,"_jetpack_newsletter_tier_id":0,"_jetpack_memberships_contains_paywalled_content":false,"_jetpack_memberships_contains_paid_content":false,"footnotes":"","jetpack_publicize_message":"","jetpack_publicize_feature_enabled":true,"jetpack_social_post_already_shared":false,"jetpack_social_options":{"image_generator_settings":{"template":"highway","default_image_id":0,"font":"","enabled":false},"version":2},"_wpas_customize_per_network":false},"categories":[8],"tags":[1610],"class_list":["post-9271","post","type-post","status-publish","format-standard","hentry","category-sociedad","tag-accidente-aerea-mercedes","generate-columns","tablet-grid-50","mobile-grid-100","grid-parent","grid-50"],"jetpack_publicize_connections":[],"jetpack_featured_media_url":"","wps_subtitle":"","jetpack_sharing_enabled":true,"_links":{"self":[{"href":"https:\/\/www.hoymercedes.com.ar\/principal\/wp-json\/wp\/v2\/posts\/9271","targetHints":{"allow":["GET"]}}],"collection":[{"href":"https:\/\/www.hoymercedes.com.ar\/principal\/wp-json\/wp\/v2\/posts"}],"about":[{"href":"https:\/\/www.hoymercedes.com.ar\/principal\/wp-json\/wp\/v2\/types\/post"}],"author":[{"embeddable":true,"href":"https:\/\/www.hoymercedes.com.ar\/principal\/wp-json\/wp\/v2\/users\/1"}],"replies":[{"embeddable":true,"href":"https:\/\/www.hoymercedes.com.ar\/principal\/wp-json\/wp\/v2\/comments?post=9271"}],"version-history":[{"count":0,"href":"https:\/\/www.hoymercedes.com.ar\/principal\/wp-json\/wp\/v2\/posts\/9271\/revisions"}],"wp:attachment":[{"href":"https:\/\/www.hoymercedes.com.ar\/principal\/wp-json\/wp\/v2\/media?parent=9271"}],"wp:term":[{"taxonomy":"category","embeddable":true,"href":"https:\/\/www.hoymercedes.com.ar\/principal\/wp-json\/wp\/v2\/categories?post=9271"},{"taxonomy":"post_tag","embeddable":true,"href":"https:\/\/www.hoymercedes.com.ar\/principal\/wp-json\/wp\/v2\/tags?post=9271"}],"curies":[{"name":"wp","href":"https:\/\/api.w.org\/{rel}","templated":true}]}}