{"id":92739,"date":"2019-05-11T09:23:52","date_gmt":"2019-05-11T12:23:52","guid":{"rendered":"http:\/\/www.hoymercedes.com.ar\/principal\/?p=92739"},"modified":"2019-05-10T21:18:15","modified_gmt":"2019-05-11T00:18:15","slug":"entregan-microcreditos-a-emprendedores-locales","status":"publish","type":"post","link":"https:\/\/www.hoymercedes.com.ar\/principal\/2019\/05\/11\/entregan-microcreditos-a-emprendedores-locales\/","title":{"rendered":"Entregan microcr\u00e9ditos a emprendedores locales"},"content":{"rendered":"\n<p>El Intendente Municipal Juan Ignacio Ustarroz junto al Director de Producci\u00f3n, Marcelo Den\u00e1pole, realiz\u00f3 una nueva entrega de microcr\u00e9ditos para peque\u00f1os emprendedores. <\/p>\n\n\n\n<figure class=\"wp-block-image\"><img loading=\"lazy\" decoding=\"async\" width=\"750\" height=\"500\" data-attachment-id=\"92740\" data-permalink=\"https:\/\/www.hoymercedes.com.ar\/principal\/2019\/05\/11\/entregan-microcreditos-a-emprendedores-locales\/11-microcreditos\/#main\" data-orig-file=\"https:\/\/www.hoymercedes.com.ar\/principal\/wp-content\/uploads\/2019\/05\/11-Microcreditos.jpg\" data-orig-size=\"750,500\" data-comments-opened=\"0\" data-image-meta=\"{&quot;aperture&quot;:&quot;0&quot;,&quot;credit&quot;:&quot;&quot;,&quot;camera&quot;:&quot;&quot;,&quot;caption&quot;:&quot;&quot;,&quot;created_timestamp&quot;:&quot;0&quot;,&quot;copyright&quot;:&quot;&quot;,&quot;focal_length&quot;:&quot;0&quot;,&quot;iso&quot;:&quot;0&quot;,&quot;shutter_speed&quot;:&quot;0&quot;,&quot;title&quot;:&quot;&quot;,&quot;orientation&quot;:&quot;0&quot;}\" data-image-title=\"11 Microcreditos\" data-image-description=\"\" data-image-caption=\"\" data-large-file=\"https:\/\/www.hoymercedes.com.ar\/principal\/wp-content\/uploads\/2019\/05\/11-Microcreditos.jpg\" src=\"https:\/\/www.hoymercedes.com.ar\/principal\/wp-content\/uploads\/2019\/05\/11-Microcreditos.jpg\" alt=\"\" class=\"wp-image-92740\" srcset=\"https:\/\/www.hoymercedes.com.ar\/principal\/wp-content\/uploads\/2019\/05\/11-Microcreditos.jpg 750w, https:\/\/www.hoymercedes.com.ar\/principal\/wp-content\/uploads\/2019\/05\/11-Microcreditos-150x100.jpg 150w, https:\/\/www.hoymercedes.com.ar\/principal\/wp-content\/uploads\/2019\/05\/11-Microcreditos-630x420.jpg 630w, https:\/\/www.hoymercedes.com.ar\/principal\/wp-content\/uploads\/2019\/05\/11-Microcreditos-720x480.jpg 720w, https:\/\/www.hoymercedes.com.ar\/principal\/wp-content\/uploads\/2019\/05\/11-Microcreditos-360x240.jpg 360w\" sizes=\"auto, (max-width: 750px) 100vw, 750px\" \/><\/figure>\n\n\n\n<p>El intendente valor\u00f3 el esfuerzo y el compromiso de los beneficiarios que cumplen y mantienen una morosidad cero \u201cen un contexto econ\u00f3mico de clara crisis, son nuestros emprendedores que a trav\u00e9s del trabajo buscan salir adelante, teniendo un gran sentido de responsabilidad\u201d.<\/p>\n\n\n\n<p>\u00abEste es un gran trabajo del municipio hacia el sector, como as\u00ed tambi\u00e9n, del sector hacia el municipio, lo cual es muy positivo\u201d y subray\u00f3 \u201cesta apuesta al trabajo, el empleo y la producci\u00f3n a trav\u00e9s de estos microcr\u00e9ditos, intenta impulsar y dar vida a un sector que viene siendo castigado\u201d, acot\u00f3 el Jefe Comunal.<\/p>\n\n\n\n<p>Se busca que los proyectos seleccionados sean sustentables en el tiempo y con objetivos de crecimiento. Adem\u00e1s&nbsp;&nbsp;de contar con apoyos y capacitaciones que les servir\u00e1n a los adjudicatarios para sacar el mayor provecho posible a sus emprendimientos.&nbsp;&nbsp;&nbsp;&nbsp;<\/p>\n\n\n\n<p>Por su parte, el Director de Producci\u00f3n, Marcelo Den\u00e1pole explic\u00f3 que era la segunda entrega de microcr\u00e9ditos. \u00abLos que entregamos previamente tienen morosidad cero. Demuestra que todos los beneficiados vienen trabajando y han asumido un gran compromiso y responsabilidad sobre estas ayudas recibidas\u201d.<\/p>\n","protected":false},"excerpt":{"rendered":"<p>El Intendente Municipal Juan Ignacio Ustarroz junto al Director de Producci\u00f3n, Marcelo Den\u00e1pole, realiz\u00f3 una nueva entrega de microcr\u00e9ditos para &#8230; <a title=\"Entregan microcr\u00e9ditos a emprendedores locales\" class=\"read-more\" href=\"https:\/\/www.hoymercedes.com.ar\/principal\/2019\/05\/11\/entregan-microcreditos-a-emprendedores-locales\/\" aria-label=\"Leer m\u00e1s sobre Entregan microcr\u00e9ditos a emprendedores locales\">Leer m\u00e1s<\/a><\/p>\n","protected":false},"author":1,"featured_media":92740,"comment_status":"closed","ping_status":"open","sticky":false,"template":"","format":"standard","meta":{"_monsterinsights_skip_tracking":false,"_monsterinsights_sitenote_active":false,"_monsterinsights_sitenote_note":"","_monsterinsights_sitenote_category":0,"jetpack_post_was_ever_published":false,"_jetpack_newsletter_access":"","_jetpack_dont_email_post_to_subs":false,"_jetpack_newsletter_tier_id":0,"_jetpack_memberships_contains_paywalled_content":false,"_jetpack_memberships_contains_paid_content":false,"footnotes":"","jetpack_publicize_message":"","jetpack_publicize_feature_enabled":true,"jetpack_social_post_already_shared":true,"jetpack_social_options":{"image_generator_settings":{"template":"highway","default_image_id":0,"font":"","enabled":false},"version":2},"_wpas_customize_per_network":false},"categories":[30],"tags":[4939,13615,244],"class_list":["post-92739","post","type-post","status-publish","format-standard","has-post-thumbnail","hentry","category-municipio","tag-direccion-de-produccion","tag-microcreditos","tag-municipio-2","generate-columns","tablet-grid-50","mobile-grid-100","grid-parent","grid-50"],"jetpack_publicize_connections":[],"jetpack_featured_media_url":"https:\/\/www.hoymercedes.com.ar\/principal\/wp-content\/uploads\/2019\/05\/11-Microcreditos.jpg","wps_subtitle":"","jetpack_sharing_enabled":true,"_links":{"self":[{"href":"https:\/\/www.hoymercedes.com.ar\/principal\/wp-json\/wp\/v2\/posts\/92739","targetHints":{"allow":["GET"]}}],"collection":[{"href":"https:\/\/www.hoymercedes.com.ar\/principal\/wp-json\/wp\/v2\/posts"}],"about":[{"href":"https:\/\/www.hoymercedes.com.ar\/principal\/wp-json\/wp\/v2\/types\/post"}],"author":[{"embeddable":true,"href":"https:\/\/www.hoymercedes.com.ar\/principal\/wp-json\/wp\/v2\/users\/1"}],"replies":[{"embeddable":true,"href":"https:\/\/www.hoymercedes.com.ar\/principal\/wp-json\/wp\/v2\/comments?post=92739"}],"version-history":[{"count":0,"href":"https:\/\/www.hoymercedes.com.ar\/principal\/wp-json\/wp\/v2\/posts\/92739\/revisions"}],"wp:featuredmedia":[{"embeddable":true,"href":"https:\/\/www.hoymercedes.com.ar\/principal\/wp-json\/wp\/v2\/media\/92740"}],"wp:attachment":[{"href":"https:\/\/www.hoymercedes.com.ar\/principal\/wp-json\/wp\/v2\/media?parent=92739"}],"wp:term":[{"taxonomy":"category","embeddable":true,"href":"https:\/\/www.hoymercedes.com.ar\/principal\/wp-json\/wp\/v2\/categories?post=92739"},{"taxonomy":"post_tag","embeddable":true,"href":"https:\/\/www.hoymercedes.com.ar\/principal\/wp-json\/wp\/v2\/tags?post=92739"}],"curies":[{"name":"wp","href":"https:\/\/api.w.org\/{rel}","templated":true}]}}