{"id":92759,"date":"2019-05-11T13:53:36","date_gmt":"2019-05-11T16:53:36","guid":{"rendered":"http:\/\/www.hoymercedes.com.ar\/principal\/?p=92759"},"modified":"2019-05-11T15:17:17","modified_gmt":"2019-05-11T18:17:17","slug":"ampliacion-en-el-caps-del-barrio-hipolito-yrigoyen","status":"publish","type":"post","link":"https:\/\/www.hoymercedes.com.ar\/principal\/2019\/05\/11\/ampliacion-en-el-caps-del-barrio-hipolito-yrigoyen\/","title":{"rendered":"Ampliaci\u00f3n en el CAPS del Barrio Hip\u00f3lito Yrigoyen"},"content":{"rendered":"\n<p>En el marco de las mejoras en las infraestructura de los Centro de Atenci\u00f3n Primaria a la Salud, la comuna est\u00e1 ampliando el CAPS del Barrio Hip\u00f3lito Yrigoyen, sumando as\u00ed a las obras que se realizan en los CAPS de los barrios Los Robles, San Mart\u00edn y San Francisco y en la localidad rural Agote. <\/p>\n\n\n\n<figure class=\"wp-block-image\"><img loading=\"lazy\" decoding=\"async\" width=\"750\" height=\"500\" data-attachment-id=\"92760\" data-permalink=\"https:\/\/www.hoymercedes.com.ar\/principal\/2019\/05\/11\/ampliacion-en-el-caps-del-barrio-hipolito-yrigoyen\/11-caps-yrigoyen\/#main\" data-orig-file=\"https:\/\/www.hoymercedes.com.ar\/principal\/wp-content\/uploads\/2019\/05\/11-caps-yrigoyen.jpg\" data-orig-size=\"750,500\" data-comments-opened=\"0\" data-image-meta=\"{&quot;aperture&quot;:&quot;0&quot;,&quot;credit&quot;:&quot;&quot;,&quot;camera&quot;:&quot;&quot;,&quot;caption&quot;:&quot;&quot;,&quot;created_timestamp&quot;:&quot;0&quot;,&quot;copyright&quot;:&quot;&quot;,&quot;focal_length&quot;:&quot;0&quot;,&quot;iso&quot;:&quot;0&quot;,&quot;shutter_speed&quot;:&quot;0&quot;,&quot;title&quot;:&quot;&quot;,&quot;orientation&quot;:&quot;0&quot;}\" data-image-title=\"11 caps yrigoyen\" data-image-description=\"\" data-image-caption=\"\" data-large-file=\"https:\/\/www.hoymercedes.com.ar\/principal\/wp-content\/uploads\/2019\/05\/11-caps-yrigoyen.jpg\" src=\"https:\/\/www.hoymercedes.com.ar\/principal\/wp-content\/uploads\/2019\/05\/11-caps-yrigoyen.jpg\" alt=\"\" class=\"wp-image-92760\" srcset=\"https:\/\/www.hoymercedes.com.ar\/principal\/wp-content\/uploads\/2019\/05\/11-caps-yrigoyen.jpg 750w, https:\/\/www.hoymercedes.com.ar\/principal\/wp-content\/uploads\/2019\/05\/11-caps-yrigoyen-150x100.jpg 150w, https:\/\/www.hoymercedes.com.ar\/principal\/wp-content\/uploads\/2019\/05\/11-caps-yrigoyen-630x420.jpg 630w, https:\/\/www.hoymercedes.com.ar\/principal\/wp-content\/uploads\/2019\/05\/11-caps-yrigoyen-720x480.jpg 720w, https:\/\/www.hoymercedes.com.ar\/principal\/wp-content\/uploads\/2019\/05\/11-caps-yrigoyen-360x240.jpg 360w\" sizes=\"auto, (max-width: 750px) 100vw, 750px\" \/><\/figure>\n\n\n\n<p>\u201cEs un plan integral que tenemos de mejoras en infraestructura en salud\u201d coment\u00f3 Ustarroz y dijo \u201csabemos que si los trabajadores y profesionales est\u00e1n mejor eso redunda en beneficio de los vecinos que se atienden en los Centros de Salud, adem\u00e1s que son inversiones que quedan, que trascienden y mejoran la calidad de vida de los mercedinos\u201d, coment\u00f3<\/p>\n\n\n\n<p>Por su parte, para Cassiani, esto \u201cmuestra la clara decisi\u00f3n del intendente de seguir desarrollando una red integral de cuidado a la salud, desde los caps ya inaugurados como Marchetti, Lomas del Pac\u00edfico, Trocha, Altamira, al futuro hospital odontol\u00f3gico universitario municipal, primeros mil d\u00edas, los consultorios odontol\u00f3gicos, el oftalmol\u00f3gico, y as\u00ed podr\u00eda estar mucho tiempo dando cuenta de una planificaci\u00f3n e intervenci\u00f3n que act\u00faa en distintos momentos y necesidades de los vecinos que son cubiertos con fondos municipales\u201d, dijo el funcionario encargado de la cartera de salud.<\/p>\n","protected":false},"excerpt":{"rendered":"<p>En el marco de las mejoras en las infraestructura de los Centro de Atenci\u00f3n Primaria a la Salud, la comuna &#8230; <a title=\"Ampliaci\u00f3n en el CAPS del Barrio Hip\u00f3lito Yrigoyen\" class=\"read-more\" href=\"https:\/\/www.hoymercedes.com.ar\/principal\/2019\/05\/11\/ampliacion-en-el-caps-del-barrio-hipolito-yrigoyen\/\" aria-label=\"Leer m\u00e1s sobre Ampliaci\u00f3n en el CAPS del Barrio Hip\u00f3lito Yrigoyen\">Leer m\u00e1s<\/a><\/p>\n","protected":false},"author":1,"featured_media":92760,"comment_status":"closed","ping_status":"open","sticky":false,"template":"","format":"standard","meta":{"_monsterinsights_skip_tracking":false,"_monsterinsights_sitenote_active":false,"_monsterinsights_sitenote_note":"","_monsterinsights_sitenote_category":0,"jetpack_post_was_ever_published":false,"_jetpack_newsletter_access":"","_jetpack_dont_email_post_to_subs":false,"_jetpack_newsletter_tier_id":0,"_jetpack_memberships_contains_paywalled_content":false,"_jetpack_memberships_contains_paid_content":false,"footnotes":"","jetpack_publicize_message":"","jetpack_publicize_feature_enabled":true,"jetpack_social_post_already_shared":true,"jetpack_social_options":{"image_generator_settings":{"template":"highway","default_image_id":0,"font":"","enabled":false},"version":2},"_wpas_customize_per_network":false},"categories":[30],"tags":[13431,1078,244,134],"class_list":["post-92759","post","type-post","status-publish","format-standard","has-post-thumbnail","hentry","category-municipio","tag-ampliacion","tag-caps","tag-municipio-2","tag-salud","generate-columns","tablet-grid-50","mobile-grid-100","grid-parent","grid-50"],"jetpack_publicize_connections":[],"jetpack_featured_media_url":"https:\/\/www.hoymercedes.com.ar\/principal\/wp-content\/uploads\/2019\/05\/11-caps-yrigoyen.jpg","wps_subtitle":"","jetpack_sharing_enabled":true,"_links":{"self":[{"href":"https:\/\/www.hoymercedes.com.ar\/principal\/wp-json\/wp\/v2\/posts\/92759","targetHints":{"allow":["GET"]}}],"collection":[{"href":"https:\/\/www.hoymercedes.com.ar\/principal\/wp-json\/wp\/v2\/posts"}],"about":[{"href":"https:\/\/www.hoymercedes.com.ar\/principal\/wp-json\/wp\/v2\/types\/post"}],"author":[{"embeddable":true,"href":"https:\/\/www.hoymercedes.com.ar\/principal\/wp-json\/wp\/v2\/users\/1"}],"replies":[{"embeddable":true,"href":"https:\/\/www.hoymercedes.com.ar\/principal\/wp-json\/wp\/v2\/comments?post=92759"}],"version-history":[{"count":0,"href":"https:\/\/www.hoymercedes.com.ar\/principal\/wp-json\/wp\/v2\/posts\/92759\/revisions"}],"wp:featuredmedia":[{"embeddable":true,"href":"https:\/\/www.hoymercedes.com.ar\/principal\/wp-json\/wp\/v2\/media\/92760"}],"wp:attachment":[{"href":"https:\/\/www.hoymercedes.com.ar\/principal\/wp-json\/wp\/v2\/media?parent=92759"}],"wp:term":[{"taxonomy":"category","embeddable":true,"href":"https:\/\/www.hoymercedes.com.ar\/principal\/wp-json\/wp\/v2\/categories?post=92759"},{"taxonomy":"post_tag","embeddable":true,"href":"https:\/\/www.hoymercedes.com.ar\/principal\/wp-json\/wp\/v2\/tags?post=92759"}],"curies":[{"name":"wp","href":"https:\/\/api.w.org\/{rel}","templated":true}]}}