{"id":92773,"date":"2019-05-12T12:11:35","date_gmt":"2019-05-12T15:11:35","guid":{"rendered":"http:\/\/www.hoymercedes.com.ar\/principal\/?p=92773"},"modified":"2019-05-12T16:45:05","modified_gmt":"2019-05-12T19:45:05","slug":"continua-jornada-recreativa-en-la-trocha","status":"publish","type":"post","link":"https:\/\/www.hoymercedes.com.ar\/principal\/2019\/05\/12\/continua-jornada-recreativa-en-la-trocha\/","title":{"rendered":"Contin\u00faa jornada recreativa en La Trocha"},"content":{"rendered":"\n<p>La primera jornada de la \u201cS\u00faper Expo Familiar\u201d en La Trocha convoc\u00f3 a cientos de vecinos y visitantes en una nueva jornada de cultura, entretenimiento y encuentro familiar. <\/p>\n\n\n\n<p>En el predio se puede disfrutar del patio cervecero, gastronom\u00eda, Expo Green, artesanos, feriantes, shows en vivo, inflables gigantes, espect\u00e1culos circenses, kermesse, talleres y charlas y mucho m\u00e1s en un predio que tiene propuestas para todos los gustos siendo libres y gratuitas.<\/p>\n\n\n\n<figure class=\"wp-block-image\"><img loading=\"lazy\" decoding=\"async\" width=\"750\" height=\"499\" data-attachment-id=\"92774\" data-permalink=\"https:\/\/www.hoymercedes.com.ar\/principal\/2019\/05\/12\/continua-jornada-recreativa-en-la-trocha\/12-muni-expo-familiar\/#main\" data-orig-file=\"https:\/\/www.hoymercedes.com.ar\/principal\/wp-content\/uploads\/2019\/05\/12-muni-expo-familiar.jpg\" data-orig-size=\"750,499\" data-comments-opened=\"0\" data-image-meta=\"{&quot;aperture&quot;:&quot;0&quot;,&quot;credit&quot;:&quot;&quot;,&quot;camera&quot;:&quot;&quot;,&quot;caption&quot;:&quot;????????????????????????????????????&quot;,&quot;created_timestamp&quot;:&quot;0&quot;,&quot;copyright&quot;:&quot;&quot;,&quot;focal_length&quot;:&quot;0&quot;,&quot;iso&quot;:&quot;0&quot;,&quot;shutter_speed&quot;:&quot;0&quot;,&quot;title&quot;:&quot;&quot;,&quot;orientation&quot;:&quot;0&quot;}\" data-image-title=\"12 muni expo familiar\" data-image-description=\"\" data-image-caption=\"&lt;p&gt;????????????????????????????????????&lt;\/p&gt;\n\" data-large-file=\"https:\/\/www.hoymercedes.com.ar\/principal\/wp-content\/uploads\/2019\/05\/12-muni-expo-familiar.jpg\" src=\"https:\/\/www.hoymercedes.com.ar\/principal\/wp-content\/uploads\/2019\/05\/12-muni-expo-familiar.jpg\" alt=\"\" class=\"wp-image-92774\" srcset=\"https:\/\/www.hoymercedes.com.ar\/principal\/wp-content\/uploads\/2019\/05\/12-muni-expo-familiar.jpg 750w, https:\/\/www.hoymercedes.com.ar\/principal\/wp-content\/uploads\/2019\/05\/12-muni-expo-familiar-150x100.jpg 150w, https:\/\/www.hoymercedes.com.ar\/principal\/wp-content\/uploads\/2019\/05\/12-muni-expo-familiar-630x419.jpg 630w, https:\/\/www.hoymercedes.com.ar\/principal\/wp-content\/uploads\/2019\/05\/12-muni-expo-familiar-720x480.jpg 720w, https:\/\/www.hoymercedes.com.ar\/principal\/wp-content\/uploads\/2019\/05\/12-muni-expo-familiar-360x240.jpg 360w\" sizes=\"auto, (max-width: 750px) 100vw, 750px\" \/><\/figure>\n\n\n\n<p>El jefe comunal, Juan Ignacio Ustarroz, coment\u00f3 que \u201cestamos muy felices de ver este s\u00e1bado con tantas familias reunidas, tantos ni\u00f1os y ni\u00f1as jugando y disfrutando las actividades pensadas para ellos\u201d y remarc\u00f3 que \u201ceste predio lo recuperamos para que sea lo que hoy es, un centro de actividades para todos\u201d sin olvidar que \u201cestas actividades, libres y gratuitas, son muy importantes, potencian el trabajo local, dan puntos de encuentro y uni\u00f3n a familias y amigos y fomentan el turismo\u201d. <\/p>\n\n\n\n<p>Las actividades se reanudan este domingo, con muchas propuestas, como as\u00ed tambi\u00e9n circo y m\u00fasica adem\u00e1s de un novedoso desfile canino. Es libre y gratuito.<\/p>\n","protected":false},"excerpt":{"rendered":"<p>La primera jornada de la \u201cS\u00faper Expo Familiar\u201d en La Trocha convoc\u00f3 a cientos de vecinos y visitantes en una &#8230; <a title=\"Contin\u00faa jornada recreativa en La Trocha\" class=\"read-more\" href=\"https:\/\/www.hoymercedes.com.ar\/principal\/2019\/05\/12\/continua-jornada-recreativa-en-la-trocha\/\" aria-label=\"Leer m\u00e1s sobre Contin\u00faa jornada recreativa en La Trocha\">Leer m\u00e1s<\/a><\/p>\n","protected":false},"author":1,"featured_media":92774,"comment_status":"closed","ping_status":"open","sticky":false,"template":"","format":"standard","meta":{"_monsterinsights_skip_tracking":false,"_monsterinsights_sitenote_active":false,"_monsterinsights_sitenote_note":"","_monsterinsights_sitenote_category":0,"jetpack_post_was_ever_published":false,"_jetpack_newsletter_access":"","_jetpack_dont_email_post_to_subs":false,"_jetpack_newsletter_tier_id":0,"_jetpack_memberships_contains_paywalled_content":false,"_jetpack_memberships_contains_paid_content":false,"footnotes":"","jetpack_publicize_message":"","jetpack_publicize_feature_enabled":true,"jetpack_social_post_already_shared":true,"jetpack_social_options":{"image_generator_settings":{"template":"highway","default_image_id":0,"font":"","enabled":false},"version":2},"_wpas_customize_per_network":false},"categories":[30],"tags":[15055,3959,244],"class_list":["post-92773","post","type-post","status-publish","format-standard","has-post-thumbnail","hentry","category-municipio","tag-jornada-familiar","tag-la-trocha","tag-municipio-2","generate-columns","tablet-grid-50","mobile-grid-100","grid-parent","grid-50"],"jetpack_publicize_connections":[],"jetpack_featured_media_url":"https:\/\/www.hoymercedes.com.ar\/principal\/wp-content\/uploads\/2019\/05\/12-muni-expo-familiar.jpg","wps_subtitle":"","jetpack_sharing_enabled":true,"_links":{"self":[{"href":"https:\/\/www.hoymercedes.com.ar\/principal\/wp-json\/wp\/v2\/posts\/92773","targetHints":{"allow":["GET"]}}],"collection":[{"href":"https:\/\/www.hoymercedes.com.ar\/principal\/wp-json\/wp\/v2\/posts"}],"about":[{"href":"https:\/\/www.hoymercedes.com.ar\/principal\/wp-json\/wp\/v2\/types\/post"}],"author":[{"embeddable":true,"href":"https:\/\/www.hoymercedes.com.ar\/principal\/wp-json\/wp\/v2\/users\/1"}],"replies":[{"embeddable":true,"href":"https:\/\/www.hoymercedes.com.ar\/principal\/wp-json\/wp\/v2\/comments?post=92773"}],"version-history":[{"count":0,"href":"https:\/\/www.hoymercedes.com.ar\/principal\/wp-json\/wp\/v2\/posts\/92773\/revisions"}],"wp:featuredmedia":[{"embeddable":true,"href":"https:\/\/www.hoymercedes.com.ar\/principal\/wp-json\/wp\/v2\/media\/92774"}],"wp:attachment":[{"href":"https:\/\/www.hoymercedes.com.ar\/principal\/wp-json\/wp\/v2\/media?parent=92773"}],"wp:term":[{"taxonomy":"category","embeddable":true,"href":"https:\/\/www.hoymercedes.com.ar\/principal\/wp-json\/wp\/v2\/categories?post=92773"},{"taxonomy":"post_tag","embeddable":true,"href":"https:\/\/www.hoymercedes.com.ar\/principal\/wp-json\/wp\/v2\/tags?post=92773"}],"curies":[{"name":"wp","href":"https:\/\/api.w.org\/{rel}","templated":true}]}}