{"id":92782,"date":"2019-05-12T19:17:51","date_gmt":"2019-05-12T22:17:51","guid":{"rendered":"http:\/\/www.hoymercedes.com.ar\/principal\/?p=92782"},"modified":"2019-05-12T19:21:36","modified_gmt":"2019-05-12T22:21:36","slug":"un-detenido-por-tenencia-de-drogas","status":"publish","type":"post","link":"https:\/\/www.hoymercedes.com.ar\/principal\/2019\/05\/12\/un-detenido-por-tenencia-de-drogas\/","title":{"rendered":"Un detenido por tenencia de drogas"},"content":{"rendered":"\n<p>El s\u00e1bado 11 de mayo, alrededor de la 1:50 horas en el marco de un operativo de control vehicular en la Autov\u00eda Nacional N\u00b0 5, a la altura del kil\u00f3metro 87, a cargo de personal policial de la Delegaci\u00f3n local de la Polic\u00eda Federal Argentina se logr\u00f3 la aprehensi\u00f3n de un sujeto mayor de edad, oriundo de la ciudad de Mercedes, con estupefacientes.<\/p>\n\n\n\n<p>Los uniformados\ndetuvieron la marcha de un Fiat Siena en el cual circulaban dos sujetos, siendo\nque uno de ellos entre sus prendas ten\u00eda dos envoltorios de nylon con una\nsustancia compacta color blanco polvorienta similar al clorhidrato de coca\u00edna;\ntel\u00e9fonos celulares y una importante suma de dinero en efectivo.<\/p>\n\n\n\n<p>Fueron aprehendidos y trasladados a la seccional preventora. Ante el test de orientaci\u00f3n y pesaje se determin\u00f3 que se trataba de 21,38 gramos de clorhidrato de coca\u00edna. <\/p>\n\n\n\n<p>Se dio la intervenci\u00f3n a la UFIJ N\u00b0 6, a cargo del doctor Luis Carcagno, quien tras tomar declaraci\u00f3n al individuo que ten\u00eda en su poder estos elementos por el delito de \u201cTenencia simple de estupefacientes\u201d, solicit\u00f3 la conversi\u00f3n de la aprehensi\u00f3n en detenci\u00f3n habida cuenta de los antecedentes penales que pose\u00eda. El restante recuper\u00f3 la libertad.<\/p>\n\n\n\n<p>Fuente: Ministerio P\u00fablico Fiscal provincia de Buenos Aires<\/p>\n","protected":false},"excerpt":{"rendered":"<p>El s\u00e1bado 11 de mayo, alrededor de la 1:50 horas en el marco de un operativo de control vehicular en &#8230; <a title=\"Un detenido por tenencia de drogas\" class=\"read-more\" href=\"https:\/\/www.hoymercedes.com.ar\/principal\/2019\/05\/12\/un-detenido-por-tenencia-de-drogas\/\" aria-label=\"Leer m\u00e1s sobre Un detenido por tenencia de drogas\">Leer m\u00e1s<\/a><\/p>\n","protected":false},"author":1,"featured_media":73586,"comment_status":"closed","ping_status":"open","sticky":false,"template":"","format":"standard","meta":{"_monsterinsights_skip_tracking":false,"_monsterinsights_sitenote_active":false,"_monsterinsights_sitenote_note":"","_monsterinsights_sitenote_category":0,"jetpack_post_was_ever_published":false,"_jetpack_newsletter_access":"","_jetpack_dont_email_post_to_subs":false,"_jetpack_newsletter_tier_id":0,"_jetpack_memberships_contains_paywalled_content":false,"_jetpack_memberships_contains_paid_content":false,"footnotes":"","jetpack_publicize_message":"","jetpack_publicize_feature_enabled":true,"jetpack_social_post_already_shared":true,"jetpack_social_options":{"image_generator_settings":{"template":"highway","default_image_id":0,"font":"","enabled":false},"version":2},"_wpas_customize_per_network":false},"categories":[85],"tags":[215,12968,10581,96],"class_list":["post-92782","post","type-post","status-publish","format-standard","has-post-thumbnail","hentry","category-policial","tag-detenciones","tag-estupefacientes","tag-fiscalia","tag-policial-2","generate-columns","tablet-grid-50","mobile-grid-100","grid-parent","grid-50"],"jetpack_publicize_connections":[],"jetpack_featured_media_url":"https:\/\/www.hoymercedes.com.ar\/principal\/wp-content\/uploads\/2018\/03\/policia-patrullero.jpg","wps_subtitle":"","jetpack_sharing_enabled":true,"_links":{"self":[{"href":"https:\/\/www.hoymercedes.com.ar\/principal\/wp-json\/wp\/v2\/posts\/92782","targetHints":{"allow":["GET"]}}],"collection":[{"href":"https:\/\/www.hoymercedes.com.ar\/principal\/wp-json\/wp\/v2\/posts"}],"about":[{"href":"https:\/\/www.hoymercedes.com.ar\/principal\/wp-json\/wp\/v2\/types\/post"}],"author":[{"embeddable":true,"href":"https:\/\/www.hoymercedes.com.ar\/principal\/wp-json\/wp\/v2\/users\/1"}],"replies":[{"embeddable":true,"href":"https:\/\/www.hoymercedes.com.ar\/principal\/wp-json\/wp\/v2\/comments?post=92782"}],"version-history":[{"count":0,"href":"https:\/\/www.hoymercedes.com.ar\/principal\/wp-json\/wp\/v2\/posts\/92782\/revisions"}],"wp:featuredmedia":[{"embeddable":true,"href":"https:\/\/www.hoymercedes.com.ar\/principal\/wp-json\/wp\/v2\/media\/73586"}],"wp:attachment":[{"href":"https:\/\/www.hoymercedes.com.ar\/principal\/wp-json\/wp\/v2\/media?parent=92782"}],"wp:term":[{"taxonomy":"category","embeddable":true,"href":"https:\/\/www.hoymercedes.com.ar\/principal\/wp-json\/wp\/v2\/categories?post=92782"},{"taxonomy":"post_tag","embeddable":true,"href":"https:\/\/www.hoymercedes.com.ar\/principal\/wp-json\/wp\/v2\/tags?post=92782"}],"curies":[{"name":"wp","href":"https:\/\/api.w.org\/{rel}","templated":true}]}}