{"id":92787,"date":"2019-05-13T08:10:49","date_gmt":"2019-05-13T11:10:49","guid":{"rendered":"http:\/\/www.hoymercedes.com.ar\/principal\/?p=92787"},"modified":"2019-05-13T08:10:56","modified_gmt":"2019-05-13T11:10:56","slug":"el-sueno-de-el-fronton-se-termino-en-chivilcoy","status":"publish","type":"post","link":"https:\/\/www.hoymercedes.com.ar\/principal\/2019\/05\/13\/el-sueno-de-el-fronton-se-termino-en-chivilcoy\/","title":{"rendered":"El sue\u00f1o de El Front\u00f3n se termin\u00f3 en Chivilcoy"},"content":{"rendered":"\n<p><strong>ZonaDeportivaWeb.<\/strong> Desde el arranque mismo Independiente sali\u00f3 a buscar el partido y a los 30\u2033 tuvo la primera llegada, tras centro de Pacheco y el cabezazo de Slimens que da en el travesa\u00f1o. A los 6\u2032 un centro desde la izquierda de Barrientos que cabece\u00f3 Gonz\u00e1lez llovido cay\u00f3 en el techo del arco de Depote. Sobre los 15\u2032 un buen centro de Rold\u00e1n cabece\u00f3 Paolacci pero al medio donde estaba Depote. A los 26\u2032 una gran jugada de Pacheco que asisti\u00f3 a Tisera centro desde la derecha en el \u00e1rea ante la salida de Caputo para la entrada de Gallo que le dio de derecha y desvi\u00f3 el remate desde una posici\u00f3n inmejorable. A los 34\u2032 la bajo Gonz\u00e1lez en el \u00e1rea para la entrada de Gussoni que no le dio bien de lleno y la pelota se fue por arriba. A los 40\u2032 Caputo se luci\u00f3 tras sacar por arriba del travesa\u00f1o un tiro de Tisera. As\u00ed se iban al descanso, Independiente merec\u00eda m\u00e1s y El Front\u00f3n resist\u00eda los embates del local.<\/p>\n\n\n\n<figure class=\"wp-block-image\"><img loading=\"lazy\" decoding=\"async\" width=\"768\" height=\"576\" data-attachment-id=\"92788\" data-permalink=\"https:\/\/www.hoymercedes.com.ar\/principal\/2019\/05\/13\/el-sueno-de-el-fronton-se-termino-en-chivilcoy\/el-fronton-0-independiente-0\/#main\" data-orig-file=\"https:\/\/www.hoymercedes.com.ar\/principal\/wp-content\/uploads\/2019\/05\/El-Fronton-0-Independiente-0.jpg\" data-orig-size=\"768,576\" data-comments-opened=\"0\" data-image-meta=\"{&quot;aperture&quot;:&quot;0&quot;,&quot;credit&quot;:&quot;&quot;,&quot;camera&quot;:&quot;&quot;,&quot;caption&quot;:&quot;&quot;,&quot;created_timestamp&quot;:&quot;0&quot;,&quot;copyright&quot;:&quot;&quot;,&quot;focal_length&quot;:&quot;0&quot;,&quot;iso&quot;:&quot;0&quot;,&quot;shutter_speed&quot;:&quot;0&quot;,&quot;title&quot;:&quot;&quot;,&quot;orientation&quot;:&quot;0&quot;}\" data-image-title=\"El-Fronton-0-Independiente-0\" data-image-description=\"\" data-image-caption=\"\" data-large-file=\"https:\/\/www.hoymercedes.com.ar\/principal\/wp-content\/uploads\/2019\/05\/El-Fronton-0-Independiente-0.jpg\" src=\"https:\/\/www.hoymercedes.com.ar\/principal\/wp-content\/uploads\/2019\/05\/El-Fronton-0-Independiente-0.jpg\" alt=\"\" class=\"wp-image-92788\" srcset=\"https:\/\/www.hoymercedes.com.ar\/principal\/wp-content\/uploads\/2019\/05\/El-Fronton-0-Independiente-0.jpg 768w, https:\/\/www.hoymercedes.com.ar\/principal\/wp-content\/uploads\/2019\/05\/El-Fronton-0-Independiente-0-150x113.jpg 150w, https:\/\/www.hoymercedes.com.ar\/principal\/wp-content\/uploads\/2019\/05\/El-Fronton-0-Independiente-0-630x473.jpg 630w, https:\/\/www.hoymercedes.com.ar\/principal\/wp-content\/uploads\/2019\/05\/El-Fronton-0-Independiente-0-320x240.jpg 320w, https:\/\/www.hoymercedes.com.ar\/principal\/wp-content\/uploads\/2019\/05\/El-Fronton-0-Independiente-0-100x75.jpg 100w\" sizes=\"auto, (max-width: 768px) 100vw, 768px\" \/><\/figure>\n\n\n\n<p>La segunda etapa se jug\u00f3 pr\u00e1cticamente casi todo el tiempo en el campo de El Front\u00f3n. A los 2\u2032 centro de la derecha de Slimens cabzazo de Tisera y Caputo nuevamente la saca por arriba. Reci\u00e9n a los 18\u2032 tuvo una oportunidad el equipo de Giles, captur\u00f3 la pelota Zapata por derecha, cedi\u00f3 para Paolacci centro para la aparici\u00f3n de Blas Tallarico que ingres\u00f3 por Gonz\u00e1lez (lesionado) pero no le pudo dar bien y la pelota se fue afuera. Independiente iba con todo, pero no pod\u00eda perforar la defensa de El Front\u00f3n y la gran tarde de Caputo. A los 36\u2032 tuvo una clara el equipo gilense, Mansilla combin\u00f3 con Tallarico y \u00e9ste lo dej\u00f3 s\u00f3lo por la izquierda a Mansilla que le dio de zurda pero Depote le tap\u00f3 el gol, de todos modos, la jugada fue invalidada por el l\u00ednea que cobr\u00f3 offside del tanque. A los 44\u2032 tras una serie de rebotes en el \u00e1rea, la pelota le qued\u00f3 a Quintulen en el borde del \u00e1rea chica, fusil\u00f3 a Caputo que con muchos reflejos la sac\u00f3 por encima del travesa\u00f1o al c\u00f3rner forzando a la definici\u00f3n por tiros penales.<\/p>\n\n\n\n<p>En tiempo de descuento, Stopiello mand\u00f3 a la cancha a Mateo Valli en lugar de Caputo para atajar la serie de penales. Pol\u00e9mico porque Caputo hizo un partido perfecto, pero sabemos que Valli ha atajado muchos penales. No fue esta tarde, Mateo no pudo atajar ninguno, solo Aciar err\u00f3 y del otro lado Depote le contuvo a Gussoni y a Randazzo para quedarse con el triunfo.<\/p>\n\n\n\n<p>S\u00cdNTESIS: INDEPENDIENTE (0) (4): Alan Depote; Facundo Tumbesi, Alan Aciar, Marcos Ben\u00edtez y Mart\u00edn Gallo; Jonathan Pacheco, H\u00e9ctor Olmedo, Franco Tissera y Lucas Chiaparo; Nicol\u00e1s Slimens y Rodrigo Freites.<\/p>\n\n\n\n<p>DT: Alberto Salvaggio.<\/p>\n\n\n\n<p>Suplentes: Diego Pe\u00f1alba, Manuel Conti, Jorge Pereyra, Ezequiel Bassi y Hugo Tumbessi.<\/p>\n\n\n\n<p>EL FRONT\u00d3N (0) (3): Mat\u00edas Caputo; Nicol\u00e1s Rold\u00e1n, Nicol\u00e1s Randazzo, Ezequiel T\u00e1mparo y Gabriel Barrientos; Osca Zapata, Federico Grosso, Aldo Pissinis y Marcelo Gonz\u00e1lez; Mat\u00edas Paolacci y Pedro Gussoni.<\/p>\n\n\n\n<p>DT: Germ\u00e1n Stopiello.<\/p>\n\n\n\n<p>Suplentes: Pablo D\u00edaz, Daniel Busca, Francisco Tallarico y Santiago Crosetti.<\/p>\n\n\n\n<p>\u00c1RBITRO: Diego Gil.<\/p>\n\n\n\n<p>CAMBIOS: Alexis Quintulen y Federico Giacone por Rodrigo Freites y Lucas Chiaparo (I). Blas Tallarico, Jos\u00e9 Mansilla y Mateo Valli por Marcelo Gonz\u00e1lez, Mat\u00edas Paolacci y Mat\u00edas Caputo (EF).<\/p>\n\n\n\n<p>DEFINICI\u00d3N POR PENALES: Convirtieron Pacheco, Slimens, Benitez y Olmedo. Aciar estrell\u00f3 el remate en el travesa\u00f1o (I) Convirtieron Grosso, Pissinis y Rold\u00e1n. Depote le ataj\u00f3 a Gussoni y Randazzo (EF).<\/p>\n","protected":false},"excerpt":{"rendered":"<p>ZonaDeportivaWeb. Desde el arranque mismo Independiente sali\u00f3 a buscar el partido y a los 30\u2033 tuvo la primera llegada, tras &#8230; <a title=\"El sue\u00f1o de El Front\u00f3n se termin\u00f3 en Chivilcoy\" class=\"read-more\" href=\"https:\/\/www.hoymercedes.com.ar\/principal\/2019\/05\/13\/el-sueno-de-el-fronton-se-termino-en-chivilcoy\/\" aria-label=\"Leer m\u00e1s sobre El sue\u00f1o de El Front\u00f3n se termin\u00f3 en Chivilcoy\">Leer m\u00e1s<\/a><\/p>\n","protected":false},"author":1,"featured_media":92788,"comment_status":"closed","ping_status":"open","sticky":false,"template":"","format":"standard","meta":{"_monsterinsights_skip_tracking":false,"_monsterinsights_sitenote_active":false,"_monsterinsights_sitenote_note":"","_monsterinsights_sitenote_category":0,"jetpack_post_was_ever_published":false,"_jetpack_newsletter_access":"","_jetpack_dont_email_post_to_subs":false,"_jetpack_newsletter_tier_id":0,"_jetpack_memberships_contains_paywalled_content":false,"_jetpack_memberships_contains_paid_content":false,"footnotes":"","jetpack_publicize_message":"","jetpack_publicize_feature_enabled":true,"jetpack_social_post_already_shared":true,"jetpack_social_options":{"image_generator_settings":{"template":"highway","default_image_id":0,"font":"","enabled":false},"version":2},"_wpas_customize_per_network":false},"categories":[21],"tags":[14571,9672,14255],"class_list":["post-92787","post","type-post","status-publish","format-standard","has-post-thumbnail","hentry","category-deportes","tag-el-fronton-san-andres-de-giles","tag-independiente-chivilcoy","tag-regional-amateur","generate-columns","tablet-grid-50","mobile-grid-100","grid-parent","grid-50"],"jetpack_publicize_connections":[],"jetpack_featured_media_url":"https:\/\/www.hoymercedes.com.ar\/principal\/wp-content\/uploads\/2019\/05\/El-Fronton-0-Independiente-0.jpg","wps_subtitle":"Regional Amateur","jetpack_sharing_enabled":true,"_links":{"self":[{"href":"https:\/\/www.hoymercedes.com.ar\/principal\/wp-json\/wp\/v2\/posts\/92787","targetHints":{"allow":["GET"]}}],"collection":[{"href":"https:\/\/www.hoymercedes.com.ar\/principal\/wp-json\/wp\/v2\/posts"}],"about":[{"href":"https:\/\/www.hoymercedes.com.ar\/principal\/wp-json\/wp\/v2\/types\/post"}],"author":[{"embeddable":true,"href":"https:\/\/www.hoymercedes.com.ar\/principal\/wp-json\/wp\/v2\/users\/1"}],"replies":[{"embeddable":true,"href":"https:\/\/www.hoymercedes.com.ar\/principal\/wp-json\/wp\/v2\/comments?post=92787"}],"version-history":[{"count":0,"href":"https:\/\/www.hoymercedes.com.ar\/principal\/wp-json\/wp\/v2\/posts\/92787\/revisions"}],"wp:featuredmedia":[{"embeddable":true,"href":"https:\/\/www.hoymercedes.com.ar\/principal\/wp-json\/wp\/v2\/media\/92788"}],"wp:attachment":[{"href":"https:\/\/www.hoymercedes.com.ar\/principal\/wp-json\/wp\/v2\/media?parent=92787"}],"wp:term":[{"taxonomy":"category","embeddable":true,"href":"https:\/\/www.hoymercedes.com.ar\/principal\/wp-json\/wp\/v2\/categories?post=92787"},{"taxonomy":"post_tag","embeddable":true,"href":"https:\/\/www.hoymercedes.com.ar\/principal\/wp-json\/wp\/v2\/tags?post=92787"}],"curies":[{"name":"wp","href":"https:\/\/api.w.org\/{rel}","templated":true}]}}