{"id":92791,"date":"2019-05-13T09:27:41","date_gmt":"2019-05-13T12:27:41","guid":{"rendered":"http:\/\/www.hoymercedes.com.ar\/principal\/?p=92791"},"modified":"2019-05-13T09:45:00","modified_gmt":"2019-05-13T12:45:00","slug":"derrota-de-club-mercedes-para-que-trocha-quede-como-el-unico-invicto-del-torneo","status":"publish","type":"post","link":"https:\/\/www.hoymercedes.com.ar\/principal\/2019\/05\/13\/derrota-de-club-mercedes-para-que-trocha-quede-como-el-unico-invicto-del-torneo\/","title":{"rendered":"Derrota de Club Mercedes para que Trocha quede como el \u00fanico invicto del torneo"},"content":{"rendered":"\n<p>En forma casi total se jug\u00f3 la d\u00e9cima fecha del torneo de Primera Divisi\u00f3n de la Liga Mercedina de F\u00fatbol, ya que s\u00f3lo qued\u00f3 para el mi\u00e9rcoles el encuentro entre Quilmes y El Front\u00f3n, dada la participaci\u00f3n del cuadro de San Andr\u00e9s de Giles en el Regional Amateur.<\/p>\n\n\n\n<p>Fue una fecha en la que cay\u00f3 el invicto de Club Mercedes ante un Atl\u00e9tico Marcos Paz que hab\u00eda comenzado mal la temporada y los \u00faltimos triunfos lo sacaron del \u00faltimo puesto de lo que seguramente ser\u00e1 el grupo de la muerte, el \u00fanico que tiene a todos sus competidores con m\u00e1s de diez puntos obtenidos. En esta misma zona esta Trocha, que es el \u00fanico invicto del certamen, que derrot\u00f3 a Ateneo, quien no pudo volver a ser el l\u00edderl del grupo.<\/p>\n\n\n\n<p>En la Zona A tambi\u00e9n cambi\u00f3 la punta, porque Pabell\u00f3n gole\u00f3 a Uni\u00f3n y ya le rest\u00f3 un punto de ventaja a Estudiantes, teniendo tres partidos pendientes todav\u00eda. El Pincha, que es el que m\u00e1s partidos empat\u00f3 en el torneo, no pudo superar a La Diego Armando, que volvi\u00f3 a sumar tras cinco derrotas al hilo.<\/p>\n\n\n\n<p>En la Zona C el \u00fanico encuentro que se llev\u00f3 a cabo fue el de la victoria de Defensores ante Talleres, haciendo que el celeste saque una buena ventaja de casi tres partidos sobre los de De Biase para asegurarse el cuarto lugar de cara a la clasificaci\u00f3n de la Liguilla.<\/p>\n\n\n\n<p>Hubo duelo de l\u00edderes en la Zona D. Juventud fue m\u00e1s que Palometas y esto fue aprovechado por V\u00e9lez, que super\u00f3 a Barrio San Mart\u00edn y ahora qued\u00f3 en la segunda colocaci\u00f3n. Adem\u00e1s, El Tim\u00f3n dio un gran paso al vencer a Costa Brava, que a pesar de tener un nuevo cuerpo t\u00e9cnico en esta temporada, sigue con su mala racha de no poder hacerse amigo del triunfo.<\/p>\n\n\n\n<p>Ya sin equipos de la Liga en Regionales, a partir de ahora las fechas se podr\u00e1n jugar en forma completa, sin necesidad de postergar encuentros. Al ser torneo anual, el calendario permite que se puedan ir recuperando de a poco los partidos que se adeudan, la mayor\u00eda de ellos son los de Pabell\u00f3n y El Front\u00f3n, por lo que a partir de la semana que viene, los asteriscos empezar\u00e1n a ir mermando en la tabla de las dos categor\u00edas m\u00e1ximas.<\/p>\n\n\n\n<p><strong>Ateneo 0:<\/strong>&nbsp;Agust\u00edn Ramos, Joaqu\u00edn Mendiola, Daniel Conenna, Santiago Chen, Manuel Bigongiari, Enzo Medina, Lautaro Torre, Nicol\u00e1s Ram\u00edrez, Enzo Spoturno, Mariano D\u00edaz y Adam Chaparro.&nbsp;<strong>DT:<\/strong>&nbsp;Mario Morales.&nbsp;<strong>Suplentes:<\/strong>&nbsp;Manuel Mendiola, Juli\u00e1n G\u00f3mez y Facundo Torres.<br><strong>Trocha 2:<\/strong>&nbsp;Agust\u00edn Rodr\u00edguez, Iv\u00e1n Portillo, Ignacio Brazuna, Emanuel Gonz\u00e1lez, Maximiliano Becerra, Agust\u00edn Uviz, Lucas Gallo, Sebasti\u00e1n Biaggini, Santiago Yasky, Gonzalo Jaime y Jonathan Niz.&nbsp;<strong>DT:<\/strong>&nbsp;Juan Ignacio Men\u00e9ndez. Suplentes: Sebasti\u00e1n Curima y Juli\u00e1n Padula.<br><strong>Goles<\/strong> Lucas Gallo y Gonzalo Jaime para Trocha.<br><strong>Cambios:<\/strong>&nbsp;Lucio Ojeda por Lautaro Torre, Maximiliano Arzani por Daniel Conenna y Mauro Filippini por Manuel Bigongiari en Ateneo. Emanuel Vel\u00e1zquez por Santiago Yasky, Ricardo Ojeda por Lucas Gallo y Marcelo Aguirre por Jonathan Niz en Trocha.<br><strong>Arbitro:<\/strong>&nbsp;Eduardo Aguirre (AAM).<br><strong>Expulsado:<\/strong> Agust\u00edn Uviz en Trocha.<br><strong>Incidencia:<\/strong> Lucas Gallo err\u00f3 un penal.<\/p>\n\n\n\n<p><strong>Palometas 1:<\/strong>&nbsp;Jos\u00e9 Ventura, Nazareno Egu\u00eda, Tom\u00e1s Sosa, Maximiliano Castro Segura,&nbsp; Mart\u00edn Pastor, Miguel Lobos, Luciano Apariente, Nicol\u00e1s M\u00e9ndez, David Bertera, Deivy Gonz\u00e1lez y Facundo Pinto.&nbsp;<strong>DT:<\/strong>&nbsp;Juan Amed.&nbsp;<strong>Suplentes:<\/strong>&nbsp;Mat\u00edas Fern\u00e1ndez, Marcos Sierocki, Francisco Delvento y Agust\u00edn P\u00f3rfido.<br><strong>Juventud 3:<\/strong>&nbsp;Joaqu\u00edn Su\u00e1rez, Mart\u00edn Carretto, Juan Messia, Esteban Garc\u00eda, Sim\u00f3n Lawler, Federico Clarac, Felipe Tabossi, Nicol\u00e1s Minetti, Luis Lawler, Mauro Correa y Mat\u00edas Correa.&nbsp;<strong>DT:<\/strong>&nbsp;I\u00f1aki Darritchon.&nbsp;<strong>Suplentes:<\/strong>&nbsp;Nahuel Gich\u00f3n, Alejo Messia, Juan Mullen y Joaqu\u00edn J\u00e1uregui.<br><strong>Goles:<\/strong> Deivy Gonz\u00e1lez para Palometas. Luis Lawler (2) y Mart\u00edn Carreto para Juventud.<br><strong>Cambios:<\/strong>&nbsp;Maximiliano Scheitler por Miguel Lobos, Axel Forti por Facundo Pinto y Ren\u00e9 Zoni por Nicol\u00e1s M\u00e9ndez en Palometas. Alexis Stillisano por Felipe Tabossi, Vicente Bernal por Mauro Correa y Bladimir Gonz\u00e1lez por Nicol\u00e1s Minetti en Juventud.<br><strong>Arbitro:<\/strong>&nbsp;Luis L\u00f3pez (AAM).<br><strong>Expulsado:<\/strong>&nbsp;A los 12\u2019 del PT Sim\u00f3n Lawler en Juventud.<\/p>\n\n\n\n<div class=\"wp-block-image\"><figure class=\"aligncenter\"><a href=\"https:\/\/bottacampos.com.ar\/\" target=\"_blank\" rel=\"noopener\"><img decoding=\"async\" src=\"https:\/\/noticiasmercedinas.com\/site\/wp-content\/uploads\/2019\/04\/publi_grande_640.gif\" alt=\"\" class=\"wp-image-17800\"\/><\/a><\/figure><\/div>\n\n\n\n<p><strong>La Diego Armando 2:<\/strong>&nbsp;V\u00edctor Clavero, Gonzalo Duberti, Walter Chaparro, Gustavo Vargas, Federico Del Bianco, Juan Acenso, Daniel Becerra, Cristian Contreras, Ramiro Radrizzani, Lucas Atampi y Cristian Piedrabuena.&nbsp;<strong>DT:<\/strong>&nbsp;Maximiliano Can\u00e9.&nbsp;<strong>Suplentes:<\/strong>&nbsp;Juan Ravera, Axel Cechetto, Franco Mainelli, Nazareno Clavero y Sebasti\u00e1n Rodr\u00edguez.<br><strong>Estudiantes 2:<\/strong>&nbsp;Tom\u00e1s Borrasca, Bruno Maldonado, Juan Lombardo, Agust\u00edn Vivas, Pablo Giacoy, Jer\u00f3nimo Luna, Paulo Lescano, Alejandro Cousse, Axel Reyne, Francisco Basualdo y Mat\u00edas L\u00f3pez.&nbsp;<strong>DT:<\/strong>&nbsp;Gabriel Lima.&nbsp;<strong>Suplentes:<\/strong>&nbsp;Jorge Bartolomeo, Rodrigo Carrere, Leandro Vignau y Agust\u00edn Luna.<br><strong>Goles en el PT:<\/strong>&nbsp;A los 7\u2019 Daniel Becerra para Diego Armando y a los 9\u2019 Paulo Lescano para Estudiantes.<br><strong>Gol en el ST:<\/strong>&nbsp;A los 15\u2019 Mat\u00edas L\u00f3pez para Estudiantes y a los 35\u2019 Pablo Gorocito para Diego Armando.<br><strong>Cambios:<\/strong>&nbsp;Mart\u00edn Echeverry por Alejandro Cousse, Diego Ludue\u00f1a por Axel Reyne y Juan Montero por Francisco Basualdo en Estudiantes. Maximiliano Guzm\u00e1n por Cristian Conteras, Pablo Gorocito por&nbsp; Lucas Atampi en Diego Armando.<br><strong>Arbitro:<\/strong>&nbsp;Germ\u00e1n Gauna (AAM).<br><strong>Expulsado:<\/strong>&nbsp;A los 30\u2019 ST Daniel Becerra en Diego Armando.<\/p>\n\n\n\n<p><strong>Uni\u00f3n 0:<\/strong>&nbsp;Fabrizio L\u00f3pez, Pablo Bojorge, Francisco Vitale, Leandro Ortiz, Franco Ramallo, Juan Bondanza, Maximiliano Arzani, Fernando Tapia, Federico Barcos, Erik Tust y Carlos Peralta.&nbsp;<strong>DT:<\/strong>&nbsp;Mauricio L\u00f3pez.&nbsp;<strong>Suplentes:<\/strong>&nbsp;Jos\u00e9 Giovagnoli, Adri\u00e1n P\u00e9rez, Alberto Gauna, Gregorio Russi y C\u00e9sar Rudkovich.<br><strong>Pabell\u00f3n Argentino 4:<\/strong>&nbsp;C\u00e9sar Gionto, Juli\u00e1n Olveira, Ezequiel Lacroutz, Maximiliano Romero Cahu\u00e9, Gonzalo Castelano, Franco Delpiero, Mauro Vigliarolo, Nahuel Romero,&nbsp; Luciano Gallardo, Bautista Olgiati y Leandro Pascual.&nbsp;<strong>DT:<\/strong>&nbsp;Juan Achucarro.&nbsp;<strong>Suplente:<\/strong>C\u00e9sar Jurado.<br><strong>Goles en el PT:<\/strong>&nbsp;A los 12\u2019 y 20\u2019 Luciano Gallardo, 45\u2019 Nahuel Romero para Pabell\u00f3n.<br><strong>Goles en el ST:<\/strong>&nbsp;A los 24\u2019 Luciano Gallardo para Pabell\u00f3n.<br><strong>Cambios:<\/strong>&nbsp;Ezequiel Godoy por Leandro Ortiz y Joaqu\u00edn Monz\u00f3n por Franco Ramallo en Uni\u00f3n. Nicol\u00e1s Guarnieri por Leandro Pascual, Leonel An\u00edbal por Franco Delpiero y Juan Castelano por Nahuel Romero en Pabell\u00f3n.<br><strong>Arbitro:<\/strong>&nbsp;Franco Prieto (SADRA).<br><strong>Expulsado:<\/strong>&nbsp;a los 42\u2019 ST Federico Barcos en Uni\u00f3n.<\/p>\n\n\n\n<p><strong>Atl\u00e9tico Marcos Paz 1:<\/strong>&nbsp;Juan Rojas, Santiago Aquino, Fabi\u00e1n Albornoz, Tom\u00e1s Gallo, Mauro Cristaldo, Nahuel Fern\u00e1ndez, Sebasti\u00e1n Avalos, Diego Correa, Gonzalo Ruiz, Facundo Heredia y Bruno Giordano.&nbsp;<strong>DT:<\/strong>&nbsp;Javier Flores.<strong>&nbsp;Suplentes:<\/strong>&nbsp;Diego Casco, Wilson N\u00fa\u00f1ez, Claudio Montenegro, Iv\u00e1n Arias y Leandro Rojas.<br><strong>Club Mercedes 0:<\/strong>&nbsp;Juan Bidone, Sebasti\u00e1n Cabral, Bautista Bidone, Facundo Ferros, Cristian Barrientos, Lucas Picone, Franco Gatti, Franco P\u00e9rez, Leandro Filippini, Francisco Bomaggio y Agust\u00edn Juanicotena.&nbsp;<strong>DT:<\/strong>&nbsp;Walter D\u00edaz.&nbsp;<strong>Suplentes:<\/strong>&nbsp;Germ\u00e1n Puliti, Valent\u00edn Batonia, Franco Mart\u00ednez y Ignacio Vacareza.<br><strong>Gol:<\/strong>&nbsp;Bruno Giordano para Atl\u00e9tico Marcos Paz.<br><strong>Expulsados:<\/strong>&nbsp;Lucas Picone y Francisco Bomaggio en Club Mercedes. Wilson N\u00fa\u00f1ez en Atl\u00e9tico Marcos Paz.<br><strong>Talleres Payr\u00f3 1:<\/strong>&nbsp;Leandro Vidal, Mario Acosta, Narciso Rivero, Nicol\u00e1s Cardozo, Juan Masschiodi, Lucas Islas, Jonathan Salce, Alexander Achucarro, Rodrigo Gonz\u00e1lez, Yoel Kucharki y Franco Ibaldi.&nbsp;<strong>DT:<\/strong>&nbsp;Javier Debiase.&nbsp;<strong>Suplentes:<\/strong>&nbsp;Fabricio Roth y Franco Gim\u00e9nez.<br><strong>Defensores Juniors 2:<\/strong>&nbsp;Gustavo Leiva, Ariel Mamani, Jos\u00e9 Rodr\u00edguez, Diego Avenda\u00f1o, Bernardo Cantero, Mart\u00edn Ag\u00fcero, Maximiliano Alcaraz, Maximiliano G\u00f3mez, Leandro Rottari, Jonathan Cuello y Ezequiel Roda.&nbsp;<strong>DT:<\/strong>&nbsp;Oscar Altuna.&nbsp;<strong>Suplentes:<\/strong>&nbsp;Mario Robledo, Santiago Gonz\u00e1lez, Gabriel Tabares y Santiago Arias.<br><strong>Goles:<\/strong>&nbsp;Ezequiel Roda y Santiago Gonz\u00e1lez para Defensores. Franco Gim\u00e9nez para Talleres.<br><strong>Arbitro:<\/strong>&nbsp;Franco Prieto (SADRA).<\/p>\n\n\n\n<p><strong>V\u00e9lez Sarsfield 3:<\/strong>&nbsp;Mat\u00edas Ram\u00edrez, Lucas Alfonso, Miguel Maldonado, Daniel Jara, Daniel Mu\u00f1oz, Jonathan Torres, Federico Alderete, Santiago Gonz\u00e1lez, Ariel Mu\u00f1oz, Dante D\u00edaz y Gabriel Maldonado.&nbsp;<strong>DT:<\/strong>&nbsp;Ernesto Ballesteros.<br><strong>AMEFIP San Mart\u00edn 1:<\/strong>&nbsp;Diego Benedetti, Lucas Blanco, Juli\u00e1n Galardo, Ezequiel Ramos, Lucas Falcone, Christian Salvatierra, Enzo Mendoza, Walter Paj\u00f3n, Marcos Camargo, Enzo Cobuccio y Claudio Risso.&nbsp;<strong>DT:<\/strong>&nbsp;Nicol\u00e1s Serebrisky.&nbsp;<strong>Suplentes:<\/strong>&nbsp;Maximiliano Gim\u00e9nez, Joaqu\u00edn Ram\u00edrez y Leandro Ram\u00edrez.<br><strong>Goles:<\/strong>&nbsp;Lucas Alfonso, Federico Alderete y Ariel Mu\u00f1oz para V\u00e9lez. Marcos Camargo para AEFIP San Mart\u00edn.<br><strong>Cambios:<\/strong>&nbsp;Ariel Acevedo por Dante D\u00edaz, Nicol\u00e1s Bartolomeo por Gabriel Maldonado y Maximiliano Lettieri por Ariel Mu\u00f1oz en V\u00e9lez. Juli\u00e1n Cano por Walter Paj\u00f3n, Agust\u00edn Torres por Juli\u00e1n Galardo en AMEFIP San Mart\u00edn.<br><strong>Arbitro:<\/strong>&nbsp;Ernesto Callegari (SADRA).<br><strong>Expulsados:<\/strong>&nbsp;Federico Alderete y Ariel Acevedo en V\u00e9lez.<\/p>\n\n\n\n<p><strong>El Tim\u00f3n 3:<\/strong>&nbsp;Juan Rolandelli 2 y Sebasti\u00e1n Sala.<br><strong>Costa Brava 0<\/strong>.<br><strong>Arbitro:<\/strong>&nbsp;Sergio Monz\u00f3n (SADRA).<\/p>\n\n\n\n<p><strong>Mi\u00e9rcoles 15 de mayo<br>Cancha:&nbsp;<\/strong>Liga Mercedina.<br>A las 19.30 Holanda vs. Trocha (fecha 2)<br>A las 21.30 Quilmes vs. El Front\u00f3n (fecha 10)<\/p>\n\n\n\n<figure class=\"wp-block-image\"><img loading=\"lazy\" decoding=\"async\" width=\"645\" height=\"793\" data-attachment-id=\"92798\" data-permalink=\"https:\/\/www.hoymercedes.com.ar\/principal\/2019\/05\/13\/derrota-de-club-mercedes-para-que-trocha-quede-como-el-unico-invicto-del-torneo\/primera-liga-pos-5-2\/#main\" data-orig-file=\"https:\/\/www.hoymercedes.com.ar\/principal\/wp-content\/uploads\/2019\/05\/PRIMERA-LIGA-POS-5.png\" data-orig-size=\"645,793\" data-comments-opened=\"0\" data-image-meta=\"{&quot;aperture&quot;:&quot;0&quot;,&quot;credit&quot;:&quot;&quot;,&quot;camera&quot;:&quot;&quot;,&quot;caption&quot;:&quot;&quot;,&quot;created_timestamp&quot;:&quot;0&quot;,&quot;copyright&quot;:&quot;&quot;,&quot;focal_length&quot;:&quot;0&quot;,&quot;iso&quot;:&quot;0&quot;,&quot;shutter_speed&quot;:&quot;0&quot;,&quot;title&quot;:&quot;&quot;,&quot;orientation&quot;:&quot;0&quot;}\" data-image-title=\"PRIMERA-LIGA-POS-5\" data-image-description=\"\" data-image-caption=\"\" data-large-file=\"https:\/\/www.hoymercedes.com.ar\/principal\/wp-content\/uploads\/2019\/05\/PRIMERA-LIGA-POS-5.png\" src=\"https:\/\/www.hoymercedes.com.ar\/principal\/wp-content\/uploads\/2019\/05\/PRIMERA-LIGA-POS-5.png\" alt=\"\" class=\"wp-image-92798\" srcset=\"https:\/\/www.hoymercedes.com.ar\/principal\/wp-content\/uploads\/2019\/05\/PRIMERA-LIGA-POS-5.png 645w, https:\/\/www.hoymercedes.com.ar\/principal\/wp-content\/uploads\/2019\/05\/PRIMERA-LIGA-POS-5-122x150.png 122w, https:\/\/www.hoymercedes.com.ar\/principal\/wp-content\/uploads\/2019\/05\/PRIMERA-LIGA-POS-5-504x620.png 504w\" sizes=\"auto, (max-width: 645px) 100vw, 645px\" \/><\/figure>\n\n\n\n<figure class=\"wp-block-image\"><img loading=\"lazy\" decoding=\"async\" width=\"324\" height=\"666\" data-attachment-id=\"92793\" data-permalink=\"https:\/\/www.hoymercedes.com.ar\/principal\/2019\/05\/13\/derrota-de-club-mercedes-para-que-trocha-quede-como-el-unico-invicto-del-torneo\/goles-liga-pri-2-2\/#main\" data-orig-file=\"https:\/\/www.hoymercedes.com.ar\/principal\/wp-content\/uploads\/2019\/05\/Goles-LIGA-PRI-2.png\" data-orig-size=\"324,666\" data-comments-opened=\"0\" data-image-meta=\"{&quot;aperture&quot;:&quot;0&quot;,&quot;credit&quot;:&quot;&quot;,&quot;camera&quot;:&quot;&quot;,&quot;caption&quot;:&quot;&quot;,&quot;created_timestamp&quot;:&quot;0&quot;,&quot;copyright&quot;:&quot;&quot;,&quot;focal_length&quot;:&quot;0&quot;,&quot;iso&quot;:&quot;0&quot;,&quot;shutter_speed&quot;:&quot;0&quot;,&quot;title&quot;:&quot;&quot;,&quot;orientation&quot;:&quot;0&quot;}\" data-image-title=\"Goles-LIGA-PRI-2\" data-image-description=\"\" data-image-caption=\"\" data-large-file=\"https:\/\/www.hoymercedes.com.ar\/principal\/wp-content\/uploads\/2019\/05\/Goles-LIGA-PRI-2.png\" src=\"https:\/\/www.hoymercedes.com.ar\/principal\/wp-content\/uploads\/2019\/05\/Goles-LIGA-PRI-2.png\" alt=\"\" class=\"wp-image-92793\" srcset=\"https:\/\/www.hoymercedes.com.ar\/principal\/wp-content\/uploads\/2019\/05\/Goles-LIGA-PRI-2.png 324w, https:\/\/www.hoymercedes.com.ar\/principal\/wp-content\/uploads\/2019\/05\/Goles-LIGA-PRI-2-73x150.png 73w, https:\/\/www.hoymercedes.com.ar\/principal\/wp-content\/uploads\/2019\/05\/Goles-LIGA-PRI-2-302x620.png 302w\" sizes=\"auto, (max-width: 324px) 100vw, 324px\" \/><\/figure>\n","protected":false},"excerpt":{"rendered":"<p>En forma casi total se jug\u00f3 la d\u00e9cima fecha del torneo de Primera Divisi\u00f3n de la Liga Mercedina de F\u00fatbol, &#8230; <a title=\"Derrota de Club Mercedes para que Trocha quede como el \u00fanico invicto del torneo\" class=\"read-more\" href=\"https:\/\/www.hoymercedes.com.ar\/principal\/2019\/05\/13\/derrota-de-club-mercedes-para-que-trocha-quede-como-el-unico-invicto-del-torneo\/\" aria-label=\"Leer m\u00e1s sobre Derrota de Club Mercedes para que Trocha quede como el \u00fanico invicto del torneo\">Leer m\u00e1s<\/a><\/p>\n","protected":false},"author":1,"featured_media":92792,"comment_status":"closed","ping_status":"open","sticky":false,"template":"","format":"standard","meta":{"_monsterinsights_skip_tracking":false,"_monsterinsights_sitenote_active":false,"_monsterinsights_sitenote_note":"","_monsterinsights_sitenote_category":0,"jetpack_post_was_ever_published":false,"_jetpack_newsletter_access":"","_jetpack_dont_email_post_to_subs":false,"_jetpack_newsletter_tier_id":0,"_jetpack_memberships_contains_paywalled_content":false,"_jetpack_memberships_contains_paid_content":false,"footnotes":"","jetpack_publicize_message":"","jetpack_publicize_feature_enabled":true,"jetpack_social_post_already_shared":true,"jetpack_social_options":{"image_generator_settings":{"template":"highway","default_image_id":0,"font":"","enabled":false},"version":2},"_wpas_customize_per_network":false},"categories":[21],"tags":[1379],"class_list":["post-92791","post","type-post","status-publish","format-standard","has-post-thumbnail","hentry","category-deportes","tag-trocha","generate-columns","tablet-grid-50","mobile-grid-100","grid-parent","grid-50"],"jetpack_publicize_connections":[],"jetpack_featured_media_url":"https:\/\/www.hoymercedes.com.ar\/principal\/wp-content\/uploads\/2019\/05\/PRIMERA-LIGA-POS-4.png","wps_subtitle":"Liga Mercedina","jetpack_sharing_enabled":true,"_links":{"self":[{"href":"https:\/\/www.hoymercedes.com.ar\/principal\/wp-json\/wp\/v2\/posts\/92791","targetHints":{"allow":["GET"]}}],"collection":[{"href":"https:\/\/www.hoymercedes.com.ar\/principal\/wp-json\/wp\/v2\/posts"}],"about":[{"href":"https:\/\/www.hoymercedes.com.ar\/principal\/wp-json\/wp\/v2\/types\/post"}],"author":[{"embeddable":true,"href":"https:\/\/www.hoymercedes.com.ar\/principal\/wp-json\/wp\/v2\/users\/1"}],"replies":[{"embeddable":true,"href":"https:\/\/www.hoymercedes.com.ar\/principal\/wp-json\/wp\/v2\/comments?post=92791"}],"version-history":[{"count":0,"href":"https:\/\/www.hoymercedes.com.ar\/principal\/wp-json\/wp\/v2\/posts\/92791\/revisions"}],"wp:featuredmedia":[{"embeddable":true,"href":"https:\/\/www.hoymercedes.com.ar\/principal\/wp-json\/wp\/v2\/media\/92792"}],"wp:attachment":[{"href":"https:\/\/www.hoymercedes.com.ar\/principal\/wp-json\/wp\/v2\/media?parent=92791"}],"wp:term":[{"taxonomy":"category","embeddable":true,"href":"https:\/\/www.hoymercedes.com.ar\/principal\/wp-json\/wp\/v2\/categories?post=92791"},{"taxonomy":"post_tag","embeddable":true,"href":"https:\/\/www.hoymercedes.com.ar\/principal\/wp-json\/wp\/v2\/tags?post=92791"}],"curies":[{"name":"wp","href":"https:\/\/api.w.org\/{rel}","templated":true}]}}