{"id":92796,"date":"2019-05-13T09:55:50","date_gmt":"2019-05-13T12:55:50","guid":{"rendered":"http:\/\/www.hoymercedes.com.ar\/principal\/?p=92796"},"modified":"2019-05-13T09:57:57","modified_gmt":"2019-05-13T12:57:57","slug":"toda-la-estadistica-tras-la-decima-fecha-del-torneo-de-reserva","status":"publish","type":"post","link":"https:\/\/www.hoymercedes.com.ar\/principal\/2019\/05\/13\/toda-la-estadistica-tras-la-decima-fecha-del-torneo-de-reserva\/","title":{"rendered":"Toda la estad\u00edstica tras la d\u00e9cima fecha del torneo de Reserva"},"content":{"rendered":"\n<p>En forma completa se llev\u00f3 adelante la d\u00e9cima fecha del torneo de Reserva de la Liga Mercedina, ya que el encuentro de Quilmes y El Front\u00f3n se llev\u00f3 adelante, a diferencia del de Primera, que se jugar\u00e1 el mi\u00e9rcoles. Ateneo super\u00f3 a Trocha y volvi\u00f3 a ser l\u00edder de la Zona B, mientras que Juventud hizo lo propio ante Palometas y sigue mandando en la D. Adem\u00e1s, con la victoria, el Cervecero se escap\u00f3 en la C,  mientras que en la A, Pabell\u00f3n se le acerc\u00f3 a Holanda, que sigue puntero a pesar de haber quedado libre.<\/p>\n\n\n\n<p><strong>V\u00e9lez 1:<\/strong>&nbsp;Nicol\u00e1s Bartolomeo.<br><strong>AMEFIP San Mart\u00edn 0<\/strong>.<\/p>\n\n\n\n<p><strong>Talleres 1:<\/strong>&nbsp;Lautaro Rodr\u00edguez.<br><strong>Defensores 1:<\/strong>&nbsp;Eric Sosa.<\/p>\n\n\n\n<p><strong>Quilmes 2:<\/strong>&nbsp;Joaqu\u00edn Dabove y Nicol\u00e1s Paniagua.<br><strong>El Front\u00f3n 0<\/strong>.<\/p>\n\n\n\n<p><strong>Ateneo 2:<\/strong>&nbsp;Maximiliano Arzani y Enzo Medina.<br><strong>Trocha 1:<\/strong>&nbsp;Joaqu\u00edn Colicigno.<br><strong>Arbitro:<\/strong>&nbsp;Sergio Monz\u00f3n (SADRA).<\/p>\n\n\n\n<p><strong>La Diego Armando 1:<\/strong>&nbsp;Rodrigo Montenegro.<br><strong>Estudiantes 0.<br>Arbitro:<\/strong>&nbsp;Sergio Monz\u00f3n (SADRA).<\/p>\n\n\n\n<p><strong>El Tim\u00f3n 1:<\/strong>&nbsp;Francisco Schilof.<br><strong>Costa Brava 1:<\/strong>&nbsp;Nahuel Quiroga.<br><strong>Arbitro:<\/strong>&nbsp;Sergio Monz\u00f3n (SADRA).<\/p>\n\n\n\n<p><strong>Uni\u00f3n 0.<br>Pabell\u00f3n Argentino 5:<\/strong>&nbsp;Mat\u00edas Mandaradoni 2, Mariano Irondo 2 y Juan Castelano.<\/p>\n\n\n\n<p><strong>Palometas 0.<br>Juventud de Suipacha 3:<\/strong>&nbsp;Facundo Lobos, Hern\u00e1n Carreto y Edgardo Su\u00e1rez.<\/p>\n\n\n\n<p><strong>Atl\u00e9tico Marcos Paz 2:<\/strong>\u00a0Gabriel Ram\u00edrez y Gast\u00f3n Fern\u00e1ndez.<br><strong>Club Mercedes 2:<\/strong>\u00a0Juli\u00e1n Lussello y Franco Mart\u00ednez.<\/p>\n\n\n\n<figure class=\"wp-block-image\"><img loading=\"lazy\" decoding=\"async\" width=\"645\" height=\"768\" data-attachment-id=\"92802\" data-permalink=\"https:\/\/www.hoymercedes.com.ar\/principal\/2019\/05\/13\/toda-la-estadistica-tras-la-decima-fecha-del-torneo-de-reserva\/reserva-liga-pos-3-2\/#main\" data-orig-file=\"https:\/\/www.hoymercedes.com.ar\/principal\/wp-content\/uploads\/2019\/05\/RESERVA-LIGA-POS-3.png\" data-orig-size=\"645,768\" data-comments-opened=\"0\" data-image-meta=\"{&quot;aperture&quot;:&quot;0&quot;,&quot;credit&quot;:&quot;&quot;,&quot;camera&quot;:&quot;&quot;,&quot;caption&quot;:&quot;&quot;,&quot;created_timestamp&quot;:&quot;0&quot;,&quot;copyright&quot;:&quot;&quot;,&quot;focal_length&quot;:&quot;0&quot;,&quot;iso&quot;:&quot;0&quot;,&quot;shutter_speed&quot;:&quot;0&quot;,&quot;title&quot;:&quot;&quot;,&quot;orientation&quot;:&quot;0&quot;}\" data-image-title=\"RESERVA-LIGA-POS-3\" data-image-description=\"\" data-image-caption=\"\" data-large-file=\"https:\/\/www.hoymercedes.com.ar\/principal\/wp-content\/uploads\/2019\/05\/RESERVA-LIGA-POS-3.png\" src=\"https:\/\/www.hoymercedes.com.ar\/principal\/wp-content\/uploads\/2019\/05\/RESERVA-LIGA-POS-3.png\" alt=\"\" class=\"wp-image-92802\" srcset=\"https:\/\/www.hoymercedes.com.ar\/principal\/wp-content\/uploads\/2019\/05\/RESERVA-LIGA-POS-3.png 645w, https:\/\/www.hoymercedes.com.ar\/principal\/wp-content\/uploads\/2019\/05\/RESERVA-LIGA-POS-3-126x150.png 126w, https:\/\/www.hoymercedes.com.ar\/principal\/wp-content\/uploads\/2019\/05\/RESERVA-LIGA-POS-3-521x620.png 521w\" sizes=\"auto, (max-width: 645px) 100vw, 645px\" \/><\/figure>\n\n\n\n<div class=\"wp-block-image\"><figure class=\"aligncenter\"><img loading=\"lazy\" decoding=\"async\" width=\"332\" height=\"388\" data-attachment-id=\"92803\" data-permalink=\"https:\/\/www.hoymercedes.com.ar\/principal\/2019\/05\/13\/toda-la-estadistica-tras-la-decima-fecha-del-torneo-de-reserva\/goles-liga-res-2-2\/#main\" data-orig-file=\"https:\/\/www.hoymercedes.com.ar\/principal\/wp-content\/uploads\/2019\/05\/GOLES-LIGA-RES-2.png\" data-orig-size=\"332,388\" data-comments-opened=\"0\" data-image-meta=\"{&quot;aperture&quot;:&quot;0&quot;,&quot;credit&quot;:&quot;&quot;,&quot;camera&quot;:&quot;&quot;,&quot;caption&quot;:&quot;&quot;,&quot;created_timestamp&quot;:&quot;0&quot;,&quot;copyright&quot;:&quot;&quot;,&quot;focal_length&quot;:&quot;0&quot;,&quot;iso&quot;:&quot;0&quot;,&quot;shutter_speed&quot;:&quot;0&quot;,&quot;title&quot;:&quot;&quot;,&quot;orientation&quot;:&quot;0&quot;}\" data-image-title=\"GOLES-LIGA-RES-2\" data-image-description=\"\" data-image-caption=\"\" data-large-file=\"https:\/\/www.hoymercedes.com.ar\/principal\/wp-content\/uploads\/2019\/05\/GOLES-LIGA-RES-2.png\" src=\"https:\/\/www.hoymercedes.com.ar\/principal\/wp-content\/uploads\/2019\/05\/GOLES-LIGA-RES-2.png\" alt=\"\" class=\"wp-image-92803\" srcset=\"https:\/\/www.hoymercedes.com.ar\/principal\/wp-content\/uploads\/2019\/05\/GOLES-LIGA-RES-2.png 332w, https:\/\/www.hoymercedes.com.ar\/principal\/wp-content\/uploads\/2019\/05\/GOLES-LIGA-RES-2-128x150.png 128w\" sizes=\"auto, (max-width: 332px) 100vw, 332px\" \/><\/figure><\/div>\n","protected":false},"excerpt":{"rendered":"<p>En forma completa se llev\u00f3 adelante la d\u00e9cima fecha del torneo de Reserva de la Liga Mercedina, ya que el &#8230; <a title=\"Toda la estad\u00edstica tras la d\u00e9cima fecha del torneo de Reserva\" class=\"read-more\" href=\"https:\/\/www.hoymercedes.com.ar\/principal\/2019\/05\/13\/toda-la-estadistica-tras-la-decima-fecha-del-torneo-de-reserva\/\" aria-label=\"Leer m\u00e1s sobre Toda la estad\u00edstica tras la d\u00e9cima fecha del torneo de Reserva\">Leer m\u00e1s<\/a><\/p>\n","protected":false},"author":1,"featured_media":92802,"comment_status":"closed","ping_status":"open","sticky":false,"template":"","format":"standard","meta":{"_monsterinsights_skip_tracking":false,"_monsterinsights_sitenote_active":false,"_monsterinsights_sitenote_note":"","_monsterinsights_sitenote_category":0,"jetpack_post_was_ever_published":false,"_jetpack_newsletter_access":"","_jetpack_dont_email_post_to_subs":false,"_jetpack_newsletter_tier_id":0,"_jetpack_memberships_contains_paywalled_content":false,"_jetpack_memberships_contains_paid_content":false,"footnotes":"","jetpack_publicize_message":"","jetpack_publicize_feature_enabled":true,"jetpack_social_post_already_shared":true,"jetpack_social_options":{"image_generator_settings":{"template":"highway","default_image_id":0,"font":"","enabled":false},"version":2},"_wpas_customize_per_network":false},"categories":[21],"tags":[1003,1901],"class_list":["post-92796","post","type-post","status-publish","format-standard","has-post-thumbnail","hentry","category-deportes","tag-futbol","tag-liga-mercedina","generate-columns","tablet-grid-50","mobile-grid-100","grid-parent","grid-50"],"jetpack_publicize_connections":[],"jetpack_featured_media_url":"https:\/\/www.hoymercedes.com.ar\/principal\/wp-content\/uploads\/2019\/05\/RESERVA-LIGA-POS-3.png","wps_subtitle":"Liga Mercedina","jetpack_sharing_enabled":true,"_links":{"self":[{"href":"https:\/\/www.hoymercedes.com.ar\/principal\/wp-json\/wp\/v2\/posts\/92796","targetHints":{"allow":["GET"]}}],"collection":[{"href":"https:\/\/www.hoymercedes.com.ar\/principal\/wp-json\/wp\/v2\/posts"}],"about":[{"href":"https:\/\/www.hoymercedes.com.ar\/principal\/wp-json\/wp\/v2\/types\/post"}],"author":[{"embeddable":true,"href":"https:\/\/www.hoymercedes.com.ar\/principal\/wp-json\/wp\/v2\/users\/1"}],"replies":[{"embeddable":true,"href":"https:\/\/www.hoymercedes.com.ar\/principal\/wp-json\/wp\/v2\/comments?post=92796"}],"version-history":[{"count":0,"href":"https:\/\/www.hoymercedes.com.ar\/principal\/wp-json\/wp\/v2\/posts\/92796\/revisions"}],"wp:featuredmedia":[{"embeddable":true,"href":"https:\/\/www.hoymercedes.com.ar\/principal\/wp-json\/wp\/v2\/media\/92802"}],"wp:attachment":[{"href":"https:\/\/www.hoymercedes.com.ar\/principal\/wp-json\/wp\/v2\/media?parent=92796"}],"wp:term":[{"taxonomy":"category","embeddable":true,"href":"https:\/\/www.hoymercedes.com.ar\/principal\/wp-json\/wp\/v2\/categories?post=92796"},{"taxonomy":"post_tag","embeddable":true,"href":"https:\/\/www.hoymercedes.com.ar\/principal\/wp-json\/wp\/v2\/tags?post=92796"}],"curies":[{"name":"wp","href":"https:\/\/api.w.org\/{rel}","templated":true}]}}