{"id":92807,"date":"2019-05-13T10:07:28","date_gmt":"2019-05-13T13:07:28","guid":{"rendered":"http:\/\/www.hoymercedes.com.ar\/principal\/?p=92807"},"modified":"2019-05-13T10:24:15","modified_gmt":"2019-05-13T13:24:15","slug":"hcd-postergan-sesion-para-el-miercoles-15-de-mayo","status":"publish","type":"post","link":"https:\/\/www.hoymercedes.com.ar\/principal\/2019\/05\/13\/hcd-postergan-sesion-para-el-miercoles-15-de-mayo\/","title":{"rendered":"HCD: Postergan sesi\u00f3n para el mi\u00e9rcoles 15 de mayo"},"content":{"rendered":"\n<p>En la ma\u00f1ana de este lunes, las autoridades del Concejo Deliberante de Mercedes anunciaron que postergan la sesi\u00f3n ordinaria prevista para el 13 de mayo a ra\u00edz del duelo nacional por la muerte del Diputados H\u00e9ctor Olivares tras haber sufrido ataque en la Plaza de los Dos Congreso la semana pasada. La sesi\u00f3n ser\u00e1 el mi\u00e9rcoles 15, 19 horas. <\/p>\n\n\n\n<p>No obstante, el orden del d\u00eda permanecer\u00e1 siendo el previsto y anunciado por el Departamento Legislativo con 37 proyectos presentados para trabajar en la sesi\u00f3n y cinco expedientes con despachos un\u00e1nimes que se aprobar\u00edan en la sesi\u00f3n:  <\/p>\n\n\n\n<p><strong>Despachos aprobaci\u00f3n por unanimidad: <\/strong><br>&#8211; Exp. N\u00b052\/2019-HCD: Proyecto de Ordenanza (FC), sobre estacionamiento, pintado de cordones y se\u00f1alizaci\u00f3n en calles 22 entre 15 y 17; 15 entre 22 y 24 y otros.\u00a0<br>&#8211; Exp. N\u00b079\/2019-HCD: Proyecto de Ordenanza (FMPV-PJ), Creaci\u00f3n del Programa de Fortalecimiento de Centros y Espacios Culturales Independientes.<br>&#8211; Exp. N\u00b083\/2019-HCD: Proyecto de Ordenanza (FC), Programa Provincial de Fomento de Centros Comerciales Abiertos <br>&#8211; Exp. N\u00b0100\/2019-HCD: Proyecto de Resoluci\u00f3n \u00a0(FC), Acceso gratuito abogados para ni\u00f1os. <br>&#8211; Exp. N\u00b0108\/2019-HCD: Proyecto de Resoluci\u00f3n\u00a0 (FC), sobre problem\u00e1tica en cava \u00a0Partida 71 \u2013 Mercedes\u00a0<\/p>\n\n\n\n<p><strong>Proyectos Presentados:<\/strong> <br>&#8211; Exp. N\u00b0118\/19-HCD, Proy,. De Resoluci\u00f3n\u00a0 (FC-FMPV-PJ; PJFR; PJ-Mercedes) Convocatoria a mujeres choferes. <br>&#8211; Exp. N\u00b0121\/19-HCD, Proy,. De Resoluci\u00f3n\u00a0 (FC-FMPV-PJ; PJFR; PJ-Mercedes) tratamiento de Proyectos sobre el llamado \u201c\u201dImpuesto Rosa\u201d. <br>&#8211; Exp. N\u00b0123\/19-HCD, Proy,. De Decreto (FC) repudio a acciones antidemocr\u00e1ticas a\u00a0 exiliados venezolanos frente a la Embajada en Bs. As. .<br>&#8211; Exp. N\u00b0124\/19-HCD, Proy,. De Resoluci\u00f3n \u00a0(FC) Trabajos varios en plaza de calle 24 y 5.<br>&#8211; Exp. N\u00b0125\/19-HCD, Proy,. De Resoluci\u00f3n \u00a0(FC) Trabajos varios en plaza de calle 13 y 112.<br>&#8211; Exp. N\u00b0126\/19-HCD, Proy,. De Resoluci\u00f3n \u00a0(PJ-M) Pronta respuesta a Exp. N\u00ba 41\/19-HCD, colectora Ruta N\u00ba 5 \u2013Mercedes \u2013 Lujan.<br>&#8211; Exp. N\u00b0127\/19-HCD, Proy,. De Resoluci\u00f3n \u00a0(PJ-M) informe sobre estado actual de la red cloacal en la ciudad.<br>&#8211; Exp. N\u00b0128\/19-HCD, Proy,. De Resoluci\u00f3n \u00a0(FMPV-PJ) ampliaci\u00f3n de plazos de inclusi\u00f3n jubilatoria.<br>&#8211; Exp. N\u00b0129\/19-HCD, Proy,. De Resoluci\u00f3n \u00a0(FC) actualizaci\u00f3n de datos en p\u00e1gina Web.<br>&#8211; Exp. N\u00b0130\/19-HCD, Proy,. De Comunicaci\u00f3n \u00a0\u00a0(FC) controles de seguridad en predio de Mart\u00edn Rodr\u00edguez en horarios de actividad f\u00edsica.<br>&#8211; Exp. N\u00b0131\/19-HCD, Proy,. De Comunicaci\u00f3n \u00a0(FC) excesos de velocidad en Barrio San Francisco.<br>&#8211; Exp. N\u00b0132\/19-HCD, Proy,. De Comunicaci\u00f3n \u00a0(FC) Se instale bancos para pescadores en rivera del Rio Lujan.<br>&#8211; Exp. N\u00b0133\/19-HCD, Proy,. De Comunicaci\u00f3n \u00a0(FC) licitaci\u00f3n p\u00fablica en construcci\u00f3n de red de agua corriente en Agote y Gowland.<br>&#8211; Exp. N\u00b0134\/19-HCD, Proy,. De Comunicaci\u00f3n \u00a0(FC): empedrado en calle 9 entre 6 y 8.<br>&#8211; Exp. N\u00b0135\/19-HCD, Proy,. De Resoluci\u00f3n\u00a0 \u00a0(FMPV-PJ) gestiones para no dejar sin transporte publico tramo Lujan &#8211; Mercedes.<br>&#8211; Exp. N\u00b0136\/19-HCD, Proy,. De Comunicaci\u00f3n \u00a0(FC) relevamiento construcci\u00f3n de sendas en Esc. T\u00e9cnica\u00a0 n\u00ba 2 de Gowland.<br>&#8211; Exp. N\u00b0137\/19-HCD, Proy,. De Comunicaci\u00f3n \u00a0(FC) reparaci\u00f3n de sendas en calle 17 entre 10 y 6.<br>&#8211; Exp. N\u00b0138\/19-HCD, Proy,. De Resoluci\u00f3n \u00a0(FC) solicitando informes varios al Ministerio de Seguridad.<br>&#8211; Exp. N\u00b0139\/19-HCD, Proy,. De Comunicaci\u00f3n \u00a0(FR) retiro de escombros en vereda calle 16 esquina 29.<br>&#8211; Exp. N\u00b0140\/19-HCD, Proy,. De Comunicaci\u00f3n \u00a0(FR) reparaci\u00f3n perdida de agua en calle 13 entre 32 y 34 \u2013 altura N\u00ba 760.<br>&#8211; Exp. N\u00b0141\/19-HCD, Proy,. De Comunicaci\u00f3n \u00a0(FR) trabajos varios en Plaza de calle 13, esquina 112.<br>&#8211; Exp. N\u00b0142\/19-HCD, Proy,. De Comunicaci\u00f3n \u00a0(FR) relevamiento sobre luminarias en Barrio Esperanza.<br>&#8211; Exp. N\u00b0143\/19-HCD, Proy,. De Comunicaci\u00f3n \u00a0(FR) intimaci\u00f3n a propietario de inmueble de calle 114 entre 15 y 19 vereda lado Norte.<br>&#8211; Exp. N\u00b05708\/16-DE, Proy,. De Ordenanza\u00a0 (DE) reserva estacionamiento por discapacidad en calle 22 N\u00ba 815.<br>&#8211; Exp. N\u00b07931\/18-DE, Proy,. De Ordenanza\u00a0 (DE) reserva estacionamiento por discapacidad en calle 20 N\u00ba 922.<br>&#8211; Exp. N\u00b08301\/18-DE, Proy,. De Ordenanza\u00a0 (DE) Venta de partida inmobiliaria N\u00ba 34.834.<br>&#8211; Exp. N\u00b08840\/18-DE, Proy,. De Ordenanza\u00a0 (DE) reductores de velocidad en calle 55 (Escuela 30).<br>&#8211; Exp. N\u00b0579\/19-DE, Proy,. De Ordenanza\u00a0 (DE) re funcionalizaci\u00f3n acceso a terminal de \u00f3mnibus.<br>&#8211; Exp. N\u00b0586\/19-DE, Proy,. De Ordenanza\u00a0 (DE) reserva estacionamiento discapacidad en calle 344 N\u00ba 232.<br>&#8211; Exp. N\u00b01079\/19-DE, Proy,. De Ordenanza\u00a0 (DE) Ordenamiento vial en Avenida 17 entre 10 y 16<br>&#8211; Exp. N\u00b01314\/19-DE, Proy,. De Ordenanza\u00a0 (DE) extensi\u00f3n de red cloacal en calle 40 bis entre 127 y 129.<br>&#8211; Exp. N\u00b01393\/19-DE, Proy,. De Ordenanza\u00a0 (DE) reserva estacionamiento para discapacidad en calle 26 N\u00ba 576.<br>&#8211; Exp. N\u00b02045\/19-DE, Proy,. De Ordenanza\u00a0 (DE) Aprobaci\u00f3n remisera \u201cla Cooperativa\u201d en calle 35 entre 12 y 14.<br>&#8211; Exp. N\u00b02068\/19-DE, Proy,. De Ordenanza\u00a0 (DE) habilitaci\u00f3n remisera en Gowland <br>&#8211; Exp. N\u00b02136\/19-DE, Proy,. De Ordenanza\u00a0 (DE) Nombre a nuevas plazas: 511 entre 504 y 506-Prof. Juli\u00e1n Insaugarat; calle 36 y 49 \u2013 Fernando Fabi\u00e1n Pasos \u201cComitas\u201d y calle 116 y 45 \u2013La Nueva Austral. <br>&#8211; Exp. N\u00b02261\/19-DE, Proy,. De Ordenanza\u00a0 (DE) reductores de velocidad en calle 55 entre 10 y 16.<br>&#8211; Exp. N\u00b02350\/19-DE, Proy,. De Ordenanza\u00a0 (DE) Plaza Barrio Calvillo \u201cPresupuesto Participativo\u201d <\/p>\n\n\n\n<p><strong>Peticiones particulares giradas a comisi\u00f3n: <\/strong><br>1.- Exp. N\u00ba113\/19-HCD, Colegio de Abogados (P.P): Declarando de Inter\u00e9s Municipal \u201cD\u00eda de los \u00d3rganos\u00a0 de la Colegiaci\u00f3n\u201d.- (Com. De Legislaci\u00f3n) <br>2.- Exp. N\u00ba114\/19-HCD, Se\u00f1or Colao (P.P): Fundamentaci\u00f3n sobre franquicias destinadas\u00a0 al ejercicio de Profesi\u00f3n liberal (Colegio de Martilleros).- (Com. De Legislaci\u00f3n)<br>3.- Exp. N\u00ba117\/19-HCD, Se\u00f1or \u00a0Facciolo (P.P): sobre problem\u00e1tica de terrenos en\u00a0 Gowland.- (Com. De Legislaci\u00f3n)<br>4.-Exp. N\u00ba119\/19-HCD, Se\u00f1ora \u00a0Ravera (P.P): sobre de inmueble en Agote.- (Com. De Legislaci\u00f3n).-<br>\u00a05.-Exp. N\u00ba120\/19-HCD, Se\u00f1or\u00a0 Espeso (P.P): Alumbrado p\u00fablico en calle 524 desde diagonal Agote hasta 479.- (Com. De Obras P\u00fablicas)<br>6.- Exp. N\u00ba122\/19-HCD, Se\u00f1or\u00a0 Zapico (P.P): Condonaci\u00f3n de Deuda.- ( Com. Hacienda)<\/p>\n","protected":false},"excerpt":{"rendered":"<p>En la ma\u00f1ana de este lunes, las autoridades del Concejo Deliberante de Mercedes anunciaron que postergan la sesi\u00f3n ordinaria prevista &#8230; <a title=\"HCD: Postergan sesi\u00f3n para el mi\u00e9rcoles 15 de mayo\" class=\"read-more\" href=\"https:\/\/www.hoymercedes.com.ar\/principal\/2019\/05\/13\/hcd-postergan-sesion-para-el-miercoles-15-de-mayo\/\" aria-label=\"Leer m\u00e1s sobre HCD: Postergan sesi\u00f3n para el mi\u00e9rcoles 15 de mayo\">Leer m\u00e1s<\/a><\/p>\n","protected":false},"author":1,"featured_media":83088,"comment_status":"closed","ping_status":"open","sticky":false,"template":"","format":"standard","meta":{"_monsterinsights_skip_tracking":false,"_monsterinsights_sitenote_active":false,"_monsterinsights_sitenote_note":"","_monsterinsights_sitenote_category":0,"jetpack_post_was_ever_published":false,"_jetpack_newsletter_access":"","_jetpack_dont_email_post_to_subs":false,"_jetpack_newsletter_tier_id":0,"_jetpack_memberships_contains_paywalled_content":false,"_jetpack_memberships_contains_paid_content":false,"footnotes":"","jetpack_publicize_message":"","jetpack_publicize_feature_enabled":true,"jetpack_social_post_already_shared":true,"jetpack_social_options":{"image_generator_settings":{"template":"highway","default_image_id":0,"font":"","enabled":false},"version":2},"_wpas_customize_per_network":false},"categories":[11],"tags":[236,15,6468,5319,9095],"class_list":["post-92807","post","type-post","status-publish","format-standard","has-post-thumbnail","hentry","category-ciudad","tag-concejo-deliberante","tag-hcd","tag-orden-del-dia","tag-politica-2","tag-sesion","generate-columns","tablet-grid-50","mobile-grid-100","grid-parent","grid-50"],"jetpack_publicize_connections":[],"jetpack_featured_media_url":"https:\/\/www.hoymercedes.com.ar\/principal\/wp-content\/uploads\/2018\/10\/26-recinto-HCD.jpg","wps_subtitle":"Por el duelo nacional","jetpack_sharing_enabled":true,"_links":{"self":[{"href":"https:\/\/www.hoymercedes.com.ar\/principal\/wp-json\/wp\/v2\/posts\/92807","targetHints":{"allow":["GET"]}}],"collection":[{"href":"https:\/\/www.hoymercedes.com.ar\/principal\/wp-json\/wp\/v2\/posts"}],"about":[{"href":"https:\/\/www.hoymercedes.com.ar\/principal\/wp-json\/wp\/v2\/types\/post"}],"author":[{"embeddable":true,"href":"https:\/\/www.hoymercedes.com.ar\/principal\/wp-json\/wp\/v2\/users\/1"}],"replies":[{"embeddable":true,"href":"https:\/\/www.hoymercedes.com.ar\/principal\/wp-json\/wp\/v2\/comments?post=92807"}],"version-history":[{"count":0,"href":"https:\/\/www.hoymercedes.com.ar\/principal\/wp-json\/wp\/v2\/posts\/92807\/revisions"}],"wp:featuredmedia":[{"embeddable":true,"href":"https:\/\/www.hoymercedes.com.ar\/principal\/wp-json\/wp\/v2\/media\/83088"}],"wp:attachment":[{"href":"https:\/\/www.hoymercedes.com.ar\/principal\/wp-json\/wp\/v2\/media?parent=92807"}],"wp:term":[{"taxonomy":"category","embeddable":true,"href":"https:\/\/www.hoymercedes.com.ar\/principal\/wp-json\/wp\/v2\/categories?post=92807"},{"taxonomy":"post_tag","embeddable":true,"href":"https:\/\/www.hoymercedes.com.ar\/principal\/wp-json\/wp\/v2\/tags?post=92807"}],"curies":[{"name":"wp","href":"https:\/\/api.w.org\/{rel}","templated":true}]}}