{"id":92894,"date":"2019-05-15T11:28:19","date_gmt":"2019-05-15T14:28:19","guid":{"rendered":"http:\/\/www.hoymercedes.com.ar\/principal\/?p=92894"},"modified":"2019-05-13T20:46:50","modified_gmt":"2019-05-13T23:46:50","slug":"nicolas-dematei-busca-otro-ascenso-a-primera-ahora-con-independiente-rivadavia-de-mendoza","status":"publish","type":"post","link":"https:\/\/www.hoymercedes.com.ar\/principal\/2019\/05\/15\/nicolas-dematei-busca-otro-ascenso-a-primera-ahora-con-independiente-rivadavia-de-mendoza\/","title":{"rendered":"Nicol\u00e1s Dematei busca otro ascenso a Primera, ahora con Independiente Rivadavia de Mendoza"},"content":{"rendered":"\n<p>Independiente Rivadavia de Mendoza avanz\u00f3 a semifinales del reducido de la B Nacional por el segundo ascenso a la Superliga, tras empatar con Nueva Chicago 2 a 2 en Mataderos y redondear un c\u00f3modo marcador global de 6-3 en su favor.<\/p>\n\n\n\n<figure class=\"wp-block-image\"><img loading=\"lazy\" decoding=\"async\" width=\"720\" height=\"403\" data-attachment-id=\"92895\" data-permalink=\"https:\/\/www.hoymercedes.com.ar\/principal\/2019\/05\/15\/nicolas-dematei-busca-otro-ascenso-a-primera-ahora-con-independiente-rivadavia-de-mendoza\/nicolas-dematei-independiente-rivadavia\/#main\" data-orig-file=\"https:\/\/www.hoymercedes.com.ar\/principal\/wp-content\/uploads\/2019\/05\/Nicol\u00e1s-Dematei-Independiente-Rivadavia.jpg\" data-orig-size=\"720,403\" data-comments-opened=\"0\" data-image-meta=\"{&quot;aperture&quot;:&quot;0&quot;,&quot;credit&quot;:&quot;&quot;,&quot;camera&quot;:&quot;&quot;,&quot;caption&quot;:&quot;&quot;,&quot;created_timestamp&quot;:&quot;0&quot;,&quot;copyright&quot;:&quot;&quot;,&quot;focal_length&quot;:&quot;0&quot;,&quot;iso&quot;:&quot;0&quot;,&quot;shutter_speed&quot;:&quot;0&quot;,&quot;title&quot;:&quot;&quot;,&quot;orientation&quot;:&quot;0&quot;}\" data-image-title=\"Nicol\u00e1s-Dematei-Independiente-Rivadavia\" data-image-description=\"\" data-image-caption=\"\" data-large-file=\"https:\/\/www.hoymercedes.com.ar\/principal\/wp-content\/uploads\/2019\/05\/Nicol\u00e1s-Dematei-Independiente-Rivadavia.jpg\" src=\"https:\/\/www.hoymercedes.com.ar\/principal\/wp-content\/uploads\/2019\/05\/Nicol\u00e1s-Dematei-Independiente-Rivadavia.jpg\" alt=\"\" class=\"wp-image-92895\" srcset=\"https:\/\/www.hoymercedes.com.ar\/principal\/wp-content\/uploads\/2019\/05\/Nicol\u00e1s-Dematei-Independiente-Rivadavia.jpg 720w, https:\/\/www.hoymercedes.com.ar\/principal\/wp-content\/uploads\/2019\/05\/Nicol\u00e1s-Dematei-Independiente-Rivadavia-150x84.jpg 150w, https:\/\/www.hoymercedes.com.ar\/principal\/wp-content\/uploads\/2019\/05\/Nicol\u00e1s-Dematei-Independiente-Rivadavia-630x353.jpg 630w\" sizes=\"auto, (max-width: 720px) 100vw, 720px\" \/><\/figure>\n\n\n\n<p>El equipo cuyano, favorito por el 4-1 alcanzado como local, control\u00f3 toda reacci\u00f3n de Chicago, que s\u00f3lo se sinti\u00f3 cerca de la haza\u00f1a cuando Nicol\u00e1s Franco abri\u00f3 el marcador a los 14 minutos de la primera parte.<\/p>\n\n\n\n<p>Apenas 10 minutos m\u00e1s tarde, Independiente Rivadavia estableci\u00f3 la igualdad transitoria con un contraataque perfecto que administr\u00f3 Pablo Palacio y factur\u00f3 Federico Castro (exSantamarina) de volea dentro del \u00e1rea.<br>Chicago qued\u00f3 a\u00fan m\u00e1s complicado al sufrir la expulsi\u00f3n del defensor Gonzalo Vivas a los 29 minutos de la parte inicial y recibi\u00f3 el \u00faltimo mazazo con el segundo tanto mendocino, cobrado por Mauricio Asenjo de cabeza, a los 6m. de la parte final.<\/p>\n\n\n\n<p>Con la serie ya definida y tras el ingreso del hist\u00f3rico Christian \u201cGomito\u201d G\u00f3mez (43 a\u00f1os), el equipo de Mataderos lleg\u00f3 al consuelo del empate que otra vez fue obra de Franco con una definici\u00f3n en la boca del arco.<\/p>\n\n\n\n<p>S\u00cdNTESIS<\/p>\n\n\n\n<p>NUEVA CHICAGO 2<\/p>\n\n\n\n<p>Agust\u00edn Silva; Gonzalo Vivas, Jonathan Fleita, David Achucarro, Diego Mart\u00ednez; Esteban Orfano, Gonzalo Miceli, Nicol\u00e1s Franco, Jorge Valdez Chamorro; Alejandro Melo y Juan I. S\u00e1nchez Sotelo. DT Walter Perazzo.<\/p>\n\n\n\n<p>INDEPENDIENTE RIVADAVIA 2<br>Cristian Aracena; Juli\u00e1n Navas, Yair Mar\u00edn, Jorge Zules Caicedo, Nicol\u00e1s Dematei; Luciano S\u00e1nchez, Santiago \u00dabeda, Daniel Imperiale, Pablo Palacio; Federico Castro y Mauricio Asenjo. DT Gabriel G\u00f3mez.<\/p>\n\n\n\n<p><strong>Cancha:<\/strong>&nbsp;Chicago.&nbsp;<strong>\u00c1rbitro:<\/strong>&nbsp;Dar\u00edo Herrera.&nbsp;<strong>Goles:<\/strong>&nbsp;PT: 14\u2032 Franco (Ch) y 24\u2032 Castro (IR). ST: 6\u2032 Asenjo (IR) y 29\u2032 Franco (NCh).&nbsp;<strong>Cambios:<\/strong>&nbsp;Ignacio Ira\u00f1eta por Palacio (IR), Facundo Mater por Valdez Chamorro (NCh), Mat\u00edas Tissera por Castro (IR), Federico Guerra por Asenjo (IR), Christian G\u00f3mez por S\u00e1nchez Sotelo (NCh) y Alexis V\u00e1zquez por Orfano (NCh).&nbsp;<strong>Incidencia:<\/strong>&nbsp;PT: 29\u2032 expulsado Vivas (NCh).<\/p>\n","protected":false},"excerpt":{"rendered":"<p>Independiente Rivadavia de Mendoza avanz\u00f3 a semifinales del reducido de la B Nacional por el segundo ascenso a la Superliga, &#8230; <a title=\"Nicol\u00e1s Dematei busca otro ascenso a Primera, ahora con Independiente Rivadavia de Mendoza\" class=\"read-more\" href=\"https:\/\/www.hoymercedes.com.ar\/principal\/2019\/05\/15\/nicolas-dematei-busca-otro-ascenso-a-primera-ahora-con-independiente-rivadavia-de-mendoza\/\" aria-label=\"Leer m\u00e1s sobre Nicol\u00e1s Dematei busca otro ascenso a Primera, ahora con Independiente Rivadavia de Mendoza\">Leer m\u00e1s<\/a><\/p>\n","protected":false},"author":1,"featured_media":92895,"comment_status":"closed","ping_status":"open","sticky":false,"template":"","format":"standard","meta":{"_monsterinsights_skip_tracking":false,"_monsterinsights_sitenote_active":false,"_monsterinsights_sitenote_note":"","_monsterinsights_sitenote_category":0,"jetpack_post_was_ever_published":false,"_jetpack_newsletter_access":"","_jetpack_dont_email_post_to_subs":false,"_jetpack_newsletter_tier_id":0,"_jetpack_memberships_contains_paywalled_content":false,"_jetpack_memberships_contains_paid_content":false,"footnotes":"","jetpack_publicize_message":"","jetpack_publicize_feature_enabled":true,"jetpack_social_post_already_shared":true,"jetpack_social_options":{"image_generator_settings":{"template":"highway","default_image_id":0,"font":"","enabled":false},"version":2},"_wpas_customize_per_network":false},"categories":[21],"tags":[15059,3530,3528],"class_list":["post-92894","post","type-post","status-publish","format-standard","has-post-thumbnail","hentry","category-deportes","tag-independiente-rivadavia-mendoza","tag-nacional-b","tag-nicolas-dematei","generate-columns","tablet-grid-50","mobile-grid-100","grid-parent","grid-50"],"jetpack_publicize_connections":[],"jetpack_featured_media_url":"https:\/\/www.hoymercedes.com.ar\/principal\/wp-content\/uploads\/2019\/05\/Nicol\u00e1s-Dematei-Independiente-Rivadavia.jpg","wps_subtitle":"La Legi\u00f3n","jetpack_sharing_enabled":true,"_links":{"self":[{"href":"https:\/\/www.hoymercedes.com.ar\/principal\/wp-json\/wp\/v2\/posts\/92894","targetHints":{"allow":["GET"]}}],"collection":[{"href":"https:\/\/www.hoymercedes.com.ar\/principal\/wp-json\/wp\/v2\/posts"}],"about":[{"href":"https:\/\/www.hoymercedes.com.ar\/principal\/wp-json\/wp\/v2\/types\/post"}],"author":[{"embeddable":true,"href":"https:\/\/www.hoymercedes.com.ar\/principal\/wp-json\/wp\/v2\/users\/1"}],"replies":[{"embeddable":true,"href":"https:\/\/www.hoymercedes.com.ar\/principal\/wp-json\/wp\/v2\/comments?post=92894"}],"version-history":[{"count":0,"href":"https:\/\/www.hoymercedes.com.ar\/principal\/wp-json\/wp\/v2\/posts\/92894\/revisions"}],"wp:featuredmedia":[{"embeddable":true,"href":"https:\/\/www.hoymercedes.com.ar\/principal\/wp-json\/wp\/v2\/media\/92895"}],"wp:attachment":[{"href":"https:\/\/www.hoymercedes.com.ar\/principal\/wp-json\/wp\/v2\/media?parent=92894"}],"wp:term":[{"taxonomy":"category","embeddable":true,"href":"https:\/\/www.hoymercedes.com.ar\/principal\/wp-json\/wp\/v2\/categories?post=92894"},{"taxonomy":"post_tag","embeddable":true,"href":"https:\/\/www.hoymercedes.com.ar\/principal\/wp-json\/wp\/v2\/tags?post=92894"}],"curies":[{"name":"wp","href":"https:\/\/api.w.org\/{rel}","templated":true}]}}