{"id":929,"date":"2010-12-06T23:35:31","date_gmt":"2010-12-06T23:35:31","guid":{"rendered":"http:\/\/www.hoymercedes.com.ar\/principal\/?p=929"},"modified":"2010-12-06T23:38:08","modified_gmt":"2010-12-06T23:38:08","slug":"presentacion-final-de-las-postulantes-a-reina-del-durazno-2010","status":"publish","type":"post","link":"https:\/\/www.hoymercedes.com.ar\/principal\/2010\/12\/06\/presentacion-final-de-las-postulantes-a-reina-del-durazno-2010\/","title":{"rendered":"Presentaci\u00f3n final de las postulantes a reina del durazno 2010"},"content":{"rendered":"<p style=\"text-align: justify;\">La municipalidad de Mercedes por medio de su servicio de prensa di\u00f3 a conocer dos fotos de las postulantes a reina del durazno 2010 que quedaron seleccionadas luego de la primera etapa comprendida por 22 postulantes.<\/p>\n<p style=\"text-align: justify;\">De la primera selecci\u00f3n quedaron estas 12 j\u00f3venes mercedinas que intentar\u00e1n cumplir su sue\u00f1o de ser la m\u00e1xima referente de la fiesta tradicional de nuestra ciudad y representarla en diversos puntos del pa\u00eds.<\/p>\n<p style=\"text-align: justify;\">Fotos: prensa municipal<\/p>\n<p style=\"text-align: justify;\"><a href=\"https:\/\/www.hoymercedes.com.ar\/principal\/wp-content\/uploads\/2010\/12\/postulantesreinaduraznoII.jpg\"><img loading=\"lazy\" decoding=\"async\" data-attachment-id=\"931\" data-permalink=\"https:\/\/www.hoymercedes.com.ar\/principal\/2010\/12\/06\/presentacion-final-de-las-postulantes-a-reina-del-durazno-2010\/postulantesreinaduraznoii\/#main\" data-orig-file=\"https:\/\/www.hoymercedes.com.ar\/principal\/wp-content\/uploads\/2010\/12\/postulantesreinaduraznoII.jpg\" data-orig-size=\"500,255\" data-comments-opened=\"1\" data-image-meta=\"{&quot;aperture&quot;:&quot;3.5&quot;,&quot;credit&quot;:&quot;Moreira Mario&quot;,&quot;camera&quot;:&quot;NIKON D300&quot;,&quot;caption&quot;:&quot;Fotos Moreira Mario&quot;,&quot;created_timestamp&quot;:&quot;1291151673&quot;,&quot;copyright&quot;:&quot;Moreira \/ Ferraro&quot;,&quot;focal_length&quot;:&quot;18&quot;,&quot;iso&quot;:&quot;1250&quot;,&quot;shutter_speed&quot;:&quot;0.0125&quot;,&quot;title&quot;:&quot;&quot;}\" data-image-title=\"postulantesreinaduraznoII\" data-image-description=\"&lt;p&gt;Fotos Moreira Mario&lt;\/p&gt;\n\" data-image-caption=\"\" data-large-file=\"https:\/\/www.hoymercedes.com.ar\/principal\/wp-content\/uploads\/2010\/12\/postulantesreinaduraznoII.jpg\" class=\"aligncenter size-full wp-image-931\" title=\"postulantesreinaduraznoII\" src=\"https:\/\/www.hoymercedes.com.ar\/principal\/wp-content\/uploads\/2010\/12\/postulantesreinaduraznoII.jpg\" alt=\"\" width=\"500\" height=\"255\" \/><\/a><\/p>\n<p style=\"text-align: justify;\"><a href=\"https:\/\/www.hoymercedes.com.ar\/principal\/wp-content\/uploads\/2010\/12\/postulantesreinaduraznoIjpg.jpg\"><img loading=\"lazy\" decoding=\"async\" data-attachment-id=\"932\" data-permalink=\"https:\/\/www.hoymercedes.com.ar\/principal\/2010\/12\/06\/presentacion-final-de-las-postulantes-a-reina-del-durazno-2010\/postulantesreinaduraznoijpg\/#main\" data-orig-file=\"https:\/\/www.hoymercedes.com.ar\/principal\/wp-content\/uploads\/2010\/12\/postulantesreinaduraznoIjpg.jpg\" data-orig-size=\"500,197\" data-comments-opened=\"1\" data-image-meta=\"{&quot;aperture&quot;:&quot;3.8&quot;,&quot;credit&quot;:&quot;Moreira Mario&quot;,&quot;camera&quot;:&quot;NIKON D300&quot;,&quot;caption&quot;:&quot;Fotos Moreira Mario&quot;,&quot;created_timestamp&quot;:&quot;1291151298&quot;,&quot;copyright&quot;:&quot;Moreira \/ Ferraro&quot;,&quot;focal_length&quot;:&quot;22&quot;,&quot;iso&quot;:&quot;1250&quot;,&quot;shutter_speed&quot;:&quot;0.0125&quot;,&quot;title&quot;:&quot;&quot;}\" data-image-title=\"postulantesreinaduraznoIjpg\" data-image-description=\"&lt;p&gt;Fotos Moreira Mario&lt;\/p&gt;\n\" data-image-caption=\"\" data-large-file=\"https:\/\/www.hoymercedes.com.ar\/principal\/wp-content\/uploads\/2010\/12\/postulantesreinaduraznoIjpg.jpg\" class=\"aligncenter size-full wp-image-932\" title=\"postulantesreinaduraznoIjpg\" src=\"https:\/\/www.hoymercedes.com.ar\/principal\/wp-content\/uploads\/2010\/12\/postulantesreinaduraznoIjpg.jpg\" alt=\"\" width=\"500\" height=\"197\" srcset=\"https:\/\/www.hoymercedes.com.ar\/principal\/wp-content\/uploads\/2010\/12\/postulantesreinaduraznoIjpg.jpg 500w, https:\/\/www.hoymercedes.com.ar\/principal\/wp-content\/uploads\/2010\/12\/postulantesreinaduraznoIjpg-300x118.jpg 300w\" sizes=\"auto, (max-width: 500px) 100vw, 500px\" \/><\/a><\/p>\n<p style=\"text-align: justify;\">\n","protected":false},"excerpt":{"rendered":"<p>La municipalidad de Mercedes por medio de su servicio de prensa di\u00f3 a conocer dos fotos de las postulantes a &#8230; <a title=\"Presentaci\u00f3n final de las postulantes a reina del durazno 2010\" class=\"read-more\" href=\"https:\/\/www.hoymercedes.com.ar\/principal\/2010\/12\/06\/presentacion-final-de-las-postulantes-a-reina-del-durazno-2010\/\" aria-label=\"Leer m\u00e1s sobre Presentaci\u00f3n final de las postulantes a reina del durazno 2010\">Leer m\u00e1s<\/a><\/p>\n","protected":false},"author":1,"featured_media":0,"comment_status":"open","ping_status":"open","sticky":false,"template":"","format":"standard","meta":{"_monsterinsights_skip_tracking":false,"_monsterinsights_sitenote_active":false,"_monsterinsights_sitenote_note":"","_monsterinsights_sitenote_category":0,"jetpack_post_was_ever_published":false,"_jetpack_newsletter_access":"","_jetpack_dont_email_post_to_subs":false,"_jetpack_newsletter_tier_id":0,"_jetpack_memberships_contains_paywalled_content":false,"_jetpack_memberships_contains_paid_content":false,"footnotes":"","jetpack_publicize_message":"","jetpack_publicize_feature_enabled":true,"jetpack_social_post_already_shared":false,"jetpack_social_options":{"image_generator_settings":{"template":"highway","default_image_id":0,"font":"","enabled":false},"version":2},"_wpas_customize_per_network":false},"categories":[30],"tags":[232,234,233],"class_list":["post-929","post","type-post","status-publish","format-standard","hentry","category-municipio","tag-fiesta-del-durazno-2010","tag-postulantes","tag-reina","generate-columns","tablet-grid-50","mobile-grid-100","grid-parent","grid-50"],"jetpack_publicize_connections":[],"jetpack_featured_media_url":"","wps_subtitle":"","jetpack_sharing_enabled":true,"_links":{"self":[{"href":"https:\/\/www.hoymercedes.com.ar\/principal\/wp-json\/wp\/v2\/posts\/929","targetHints":{"allow":["GET"]}}],"collection":[{"href":"https:\/\/www.hoymercedes.com.ar\/principal\/wp-json\/wp\/v2\/posts"}],"about":[{"href":"https:\/\/www.hoymercedes.com.ar\/principal\/wp-json\/wp\/v2\/types\/post"}],"author":[{"embeddable":true,"href":"https:\/\/www.hoymercedes.com.ar\/principal\/wp-json\/wp\/v2\/users\/1"}],"replies":[{"embeddable":true,"href":"https:\/\/www.hoymercedes.com.ar\/principal\/wp-json\/wp\/v2\/comments?post=929"}],"version-history":[{"count":0,"href":"https:\/\/www.hoymercedes.com.ar\/principal\/wp-json\/wp\/v2\/posts\/929\/revisions"}],"wp:attachment":[{"href":"https:\/\/www.hoymercedes.com.ar\/principal\/wp-json\/wp\/v2\/media?parent=929"}],"wp:term":[{"taxonomy":"category","embeddable":true,"href":"https:\/\/www.hoymercedes.com.ar\/principal\/wp-json\/wp\/v2\/categories?post=929"},{"taxonomy":"post_tag","embeddable":true,"href":"https:\/\/www.hoymercedes.com.ar\/principal\/wp-json\/wp\/v2\/tags?post=929"}],"curies":[{"name":"wp","href":"https:\/\/api.w.org\/{rel}","templated":true}]}}