{"id":92910,"date":"2019-05-13T16:00:54","date_gmt":"2019-05-13T19:00:54","guid":{"rendered":"http:\/\/www.hoymercedes.com.ar\/principal\/?p=92910"},"modified":"2019-05-13T15:30:43","modified_gmt":"2019-05-13T18:30:43","slug":"muestra-en-el-foyer-de-los-profesores-de-arte","status":"publish","type":"post","link":"https:\/\/www.hoymercedes.com.ar\/principal\/2019\/05\/13\/muestra-en-el-foyer-de-los-profesores-de-arte\/","title":{"rendered":"Muestra en el foyer de los profesores de arte"},"content":{"rendered":"\n<p>En la noche del domingo, los profesores de la Escuela de Arte \u00abFifo\u00bb Roggero inauguraron la muestra colectiva en el foyer (planta alta) del Dentro Cultural Teatro Argentino \u00abJulio C. Gioscio\u00bb, es la primera de este a\u00f1o en el espacio que la Direcci\u00f3n de Cultura mantiene donde se encuentran las oficinas administrativas del \u00e1rea municipal. <\/p>\n\n\n\n<figure class=\"wp-block-image\"><img loading=\"lazy\" decoding=\"async\" width=\"750\" height=\"498\" data-attachment-id=\"92912\" data-permalink=\"https:\/\/www.hoymercedes.com.ar\/principal\/2019\/05\/13\/muestra-en-el-foyer-de-los-profesores-de-arte\/13-escuela-de-arte-foyer2\/#main\" data-orig-file=\"https:\/\/www.hoymercedes.com.ar\/principal\/wp-content\/uploads\/2019\/05\/13-escuela-de-arte-foyer2.jpg\" data-orig-size=\"750,498\" data-comments-opened=\"0\" data-image-meta=\"{&quot;aperture&quot;:&quot;0&quot;,&quot;credit&quot;:&quot;&quot;,&quot;camera&quot;:&quot;&quot;,&quot;caption&quot;:&quot;&quot;,&quot;created_timestamp&quot;:&quot;0&quot;,&quot;copyright&quot;:&quot;&quot;,&quot;focal_length&quot;:&quot;0&quot;,&quot;iso&quot;:&quot;0&quot;,&quot;shutter_speed&quot;:&quot;0&quot;,&quot;title&quot;:&quot;&quot;,&quot;orientation&quot;:&quot;0&quot;}\" data-image-title=\"13 escuela de arte foyer2\" data-image-description=\"\" data-image-caption=\"\" data-large-file=\"https:\/\/www.hoymercedes.com.ar\/principal\/wp-content\/uploads\/2019\/05\/13-escuela-de-arte-foyer2.jpg\" src=\"https:\/\/www.hoymercedes.com.ar\/principal\/wp-content\/uploads\/2019\/05\/13-escuela-de-arte-foyer2.jpg\" alt=\"\" class=\"wp-image-92912\" srcset=\"https:\/\/www.hoymercedes.com.ar\/principal\/wp-content\/uploads\/2019\/05\/13-escuela-de-arte-foyer2.jpg 750w, https:\/\/www.hoymercedes.com.ar\/principal\/wp-content\/uploads\/2019\/05\/13-escuela-de-arte-foyer2-150x100.jpg 150w, https:\/\/www.hoymercedes.com.ar\/principal\/wp-content\/uploads\/2019\/05\/13-escuela-de-arte-foyer2-630x418.jpg 630w, https:\/\/www.hoymercedes.com.ar\/principal\/wp-content\/uploads\/2019\/05\/13-escuela-de-arte-foyer2-360x240.jpg 360w\" sizes=\"auto, (max-width: 750px) 100vw, 750px\" \/><\/figure>\n\n\n\n<p>Las palabras inaugurales estuvieron a cargo de Francisco Dinovca, a cargo de la Jefatura del teatro municipal, de la Directora de la Escuela de Arte Patricia Boffi y de un de los docentes expositores Axel Libenson. <\/p>\n\n\n\n<p>En sus distintas expresiones, los oradores dieron cuenta del espacio de exposiciones que fue remodelado hace varios a\u00f1os y en este 2019, los profesores de futuros profesores inician el ciclo de muestras que en el foyer estar\u00e1 a cargo de docentes, alumnos y ex alumnos de la Escuela de Arte \u00abFifo\u00bb Roggero. <\/p>\n\n\n\n<p>Los profesores de la Escuela de Arte que exponen son: Ver\u00f3nica Alzugaray, Diego Atampi, Melina Batall\u00e9, Mariano Blanco, Marcelo Evangelista, Laura Gianfrini, Axel Libenson, Laura Parras y Erven Vigan\u00f3. \u00a0<\/p>\n\n\n\n<p>La muestra puede visitarse de lunes a viernes de 8 a 20 horas, en el primer piso (foyer) del Centro Cultural Teatro Argentino \u00abJulio C. Gioscio\u00bb<\/p>\n\n\n\n<figure class=\"wp-block-image\"><img loading=\"lazy\" decoding=\"async\" width=\"750\" height=\"500\" data-attachment-id=\"92911\" data-permalink=\"https:\/\/www.hoymercedes.com.ar\/principal\/2019\/05\/13\/muestra-en-el-foyer-de-los-profesores-de-arte\/13-escuela-de-arte-foyer\/#main\" data-orig-file=\"https:\/\/www.hoymercedes.com.ar\/principal\/wp-content\/uploads\/2019\/05\/13-escuela-de-arte-foyer.jpg\" data-orig-size=\"750,500\" data-comments-opened=\"0\" data-image-meta=\"{&quot;aperture&quot;:&quot;0&quot;,&quot;credit&quot;:&quot;&quot;,&quot;camera&quot;:&quot;&quot;,&quot;caption&quot;:&quot;&quot;,&quot;created_timestamp&quot;:&quot;0&quot;,&quot;copyright&quot;:&quot;&quot;,&quot;focal_length&quot;:&quot;0&quot;,&quot;iso&quot;:&quot;0&quot;,&quot;shutter_speed&quot;:&quot;0&quot;,&quot;title&quot;:&quot;&quot;,&quot;orientation&quot;:&quot;0&quot;}\" data-image-title=\"13 escuela de arte foyer\" data-image-description=\"\" data-image-caption=\"\" data-large-file=\"https:\/\/www.hoymercedes.com.ar\/principal\/wp-content\/uploads\/2019\/05\/13-escuela-de-arte-foyer.jpg\" src=\"https:\/\/www.hoymercedes.com.ar\/principal\/wp-content\/uploads\/2019\/05\/13-escuela-de-arte-foyer.jpg\" alt=\"\" class=\"wp-image-92911\" srcset=\"https:\/\/www.hoymercedes.com.ar\/principal\/wp-content\/uploads\/2019\/05\/13-escuela-de-arte-foyer.jpg 750w, https:\/\/www.hoymercedes.com.ar\/principal\/wp-content\/uploads\/2019\/05\/13-escuela-de-arte-foyer-150x100.jpg 150w, https:\/\/www.hoymercedes.com.ar\/principal\/wp-content\/uploads\/2019\/05\/13-escuela-de-arte-foyer-630x420.jpg 630w, https:\/\/www.hoymercedes.com.ar\/principal\/wp-content\/uploads\/2019\/05\/13-escuela-de-arte-foyer-720x480.jpg 720w, https:\/\/www.hoymercedes.com.ar\/principal\/wp-content\/uploads\/2019\/05\/13-escuela-de-arte-foyer-360x240.jpg 360w\" sizes=\"auto, (max-width: 750px) 100vw, 750px\" \/><\/figure>\n","protected":false},"excerpt":{"rendered":"<p>En la noche del domingo, los profesores de la Escuela de Arte \u00abFifo\u00bb Roggero inauguraron la muestra colectiva en el &#8230; <a title=\"Muestra en el foyer de los profesores de arte\" class=\"read-more\" href=\"https:\/\/www.hoymercedes.com.ar\/principal\/2019\/05\/13\/muestra-en-el-foyer-de-los-profesores-de-arte\/\" aria-label=\"Leer m\u00e1s sobre Muestra en el foyer de los profesores de arte\">Leer m\u00e1s<\/a><\/p>\n","protected":false},"author":1,"featured_media":92911,"comment_status":"closed","ping_status":"open","sticky":false,"template":"","format":"standard","meta":{"_monsterinsights_skip_tracking":false,"_monsterinsights_sitenote_active":false,"_monsterinsights_sitenote_note":"","_monsterinsights_sitenote_category":0,"jetpack_post_was_ever_published":false,"_jetpack_newsletter_access":"","_jetpack_dont_email_post_to_subs":false,"_jetpack_newsletter_tier_id":0,"_jetpack_memberships_contains_paywalled_content":false,"_jetpack_memberships_contains_paid_content":false,"footnotes":"","jetpack_publicize_message":"","jetpack_publicize_feature_enabled":true,"jetpack_social_post_already_shared":true,"jetpack_social_options":{"image_generator_settings":{"template":"highway","default_image_id":0,"font":"","enabled":false},"version":2},"_wpas_customize_per_network":false},"categories":[104],"tags":[7805,15063,11434],"class_list":["post-92910","post","type-post","status-publish","format-standard","has-post-thumbnail","hentry","category-cultura","tag-cultura","tag-exposicion-en-el-foyer","tag-muestra-de-arte","generate-columns","tablet-grid-50","mobile-grid-100","grid-parent","grid-50"],"jetpack_publicize_connections":[],"jetpack_featured_media_url":"https:\/\/www.hoymercedes.com.ar\/principal\/wp-content\/uploads\/2019\/05\/13-escuela-de-arte-foyer.jpg","wps_subtitle":"Inaugur\u00f3 el domingo","jetpack_sharing_enabled":true,"_links":{"self":[{"href":"https:\/\/www.hoymercedes.com.ar\/principal\/wp-json\/wp\/v2\/posts\/92910","targetHints":{"allow":["GET"]}}],"collection":[{"href":"https:\/\/www.hoymercedes.com.ar\/principal\/wp-json\/wp\/v2\/posts"}],"about":[{"href":"https:\/\/www.hoymercedes.com.ar\/principal\/wp-json\/wp\/v2\/types\/post"}],"author":[{"embeddable":true,"href":"https:\/\/www.hoymercedes.com.ar\/principal\/wp-json\/wp\/v2\/users\/1"}],"replies":[{"embeddable":true,"href":"https:\/\/www.hoymercedes.com.ar\/principal\/wp-json\/wp\/v2\/comments?post=92910"}],"version-history":[{"count":0,"href":"https:\/\/www.hoymercedes.com.ar\/principal\/wp-json\/wp\/v2\/posts\/92910\/revisions"}],"wp:featuredmedia":[{"embeddable":true,"href":"https:\/\/www.hoymercedes.com.ar\/principal\/wp-json\/wp\/v2\/media\/92911"}],"wp:attachment":[{"href":"https:\/\/www.hoymercedes.com.ar\/principal\/wp-json\/wp\/v2\/media?parent=92910"}],"wp:term":[{"taxonomy":"category","embeddable":true,"href":"https:\/\/www.hoymercedes.com.ar\/principal\/wp-json\/wp\/v2\/categories?post=92910"},{"taxonomy":"post_tag","embeddable":true,"href":"https:\/\/www.hoymercedes.com.ar\/principal\/wp-json\/wp\/v2\/tags?post=92910"}],"curies":[{"name":"wp","href":"https:\/\/api.w.org\/{rel}","templated":true}]}}