{"id":92915,"date":"2019-05-13T17:58:18","date_gmt":"2019-05-13T20:58:18","guid":{"rendered":"http:\/\/www.hoymercedes.com.ar\/principal\/?p=92915"},"modified":"2019-05-13T20:20:59","modified_gmt":"2019-05-13T23:20:59","slug":"gran-concurrencia-a-las-activiades-familiares-en-la-trocha","status":"publish","type":"post","link":"https:\/\/www.hoymercedes.com.ar\/principal\/2019\/05\/13\/gran-concurrencia-a-las-activiades-familiares-en-la-trocha\/","title":{"rendered":"Gran concurrencia a las actividades familiares en La Trocha"},"content":{"rendered":"\n<figure class=\"wp-block-image\"><img loading=\"lazy\" decoding=\"async\" width=\"1024\" height=\"498\" data-attachment-id=\"92916\" data-permalink=\"https:\/\/www.hoymercedes.com.ar\/principal\/2019\/05\/13\/gran-concurrencia-a-las-activiades-familiares-en-la-trocha\/attachment\/113\/#main\" data-orig-file=\"https:\/\/www.hoymercedes.com.ar\/principal\/wp-content\/uploads\/2019\/05\/113.jpeg\" data-orig-size=\"1280,622\" data-comments-opened=\"0\" data-image-meta=\"{&quot;aperture&quot;:&quot;0&quot;,&quot;credit&quot;:&quot;&quot;,&quot;camera&quot;:&quot;&quot;,&quot;caption&quot;:&quot;&quot;,&quot;created_timestamp&quot;:&quot;0&quot;,&quot;copyright&quot;:&quot;&quot;,&quot;focal_length&quot;:&quot;0&quot;,&quot;iso&quot;:&quot;0&quot;,&quot;shutter_speed&quot;:&quot;0&quot;,&quot;title&quot;:&quot;&quot;,&quot;orientation&quot;:&quot;0&quot;}\" data-image-title=\"La Trocha\" data-image-description=\"\" data-image-caption=\"&lt;p&gt;Gran convocatoria en La Trocha&lt;\/p&gt;\n\" data-large-file=\"https:\/\/www.hoymercedes.com.ar\/principal\/wp-content\/uploads\/2019\/05\/113-1024x498.jpeg\" src=\"https:\/\/www.hoymercedes.com.ar\/principal\/wp-content\/uploads\/2019\/05\/113-1024x498.jpeg\" alt=\"\" class=\"wp-image-92916\" srcset=\"https:\/\/www.hoymercedes.com.ar\/principal\/wp-content\/uploads\/2019\/05\/113-1024x498.jpeg 1024w, https:\/\/www.hoymercedes.com.ar\/principal\/wp-content\/uploads\/2019\/05\/113-150x73.jpeg 150w, https:\/\/www.hoymercedes.com.ar\/principal\/wp-content\/uploads\/2019\/05\/113-630x306.jpeg 630w, https:\/\/www.hoymercedes.com.ar\/principal\/wp-content\/uploads\/2019\/05\/113.jpeg 1280w\" sizes=\"auto, (max-width: 1024px) 100vw, 1024px\" \/><figcaption>Gran convocatoria en La Trocha<\/figcaption><\/figure>\n\n\n\n<p>El fin de semana se volvi\u00f3 a vestir\nde fiesta en La Trocha con muchas actividades gratuitas para toda la familia.\nHubo cientos de vecinos y visitantes. \u201cEstamos muy felices de ver a las\nfamilias reunidas, los ni\u00f1os y ni\u00f1as jugando, y viendo como seguimos\npotenciando la cultura, el turismo y el trabajo para los mercedinos\u201d, dijo el\nintendente Ustarroz que remarc\u00f3 que \u201cen Mercedes siempre hay algo para\ndisfrutar, porque se trabaja mucho para llevar alegr\u00eda y aprovechar el hermoso\npredio que recuperamos para todos\u201d. <\/p>\n\n\n\n<figure class=\"wp-block-image\"><img loading=\"lazy\" decoding=\"async\" width=\"1024\" height=\"683\" data-attachment-id=\"92917\" data-permalink=\"https:\/\/www.hoymercedes.com.ar\/principal\/2019\/05\/13\/gran-concurrencia-a-las-activiades-familiares-en-la-trocha\/trocha-domingodsc_0151\/#main\" data-orig-file=\"https:\/\/www.hoymercedes.com.ar\/principal\/wp-content\/uploads\/2019\/05\/Trocha.DomingoDSC_0151.jpg\" data-orig-size=\"1200,800\" data-comments-opened=\"0\" data-image-meta=\"{&quot;aperture&quot;:&quot;8&quot;,&quot;credit&quot;:&quot;&quot;,&quot;camera&quot;:&quot;NIKON D5500&quot;,&quot;caption&quot;:&quot;&quot;,&quot;created_timestamp&quot;:&quot;1557683190&quot;,&quot;copyright&quot;:&quot;&quot;,&quot;focal_length&quot;:&quot;27&quot;,&quot;iso&quot;:&quot;400&quot;,&quot;shutter_speed&quot;:&quot;0.004&quot;,&quot;title&quot;:&quot;&quot;,&quot;orientation&quot;:&quot;0&quot;}\" data-image-title=\"Trocha.DomingoDSC_0151\" data-image-description=\"\" data-image-caption=\"\" data-large-file=\"https:\/\/www.hoymercedes.com.ar\/principal\/wp-content\/uploads\/2019\/05\/Trocha.DomingoDSC_0151-1024x683.jpg\" src=\"https:\/\/www.hoymercedes.com.ar\/principal\/wp-content\/uploads\/2019\/05\/Trocha.DomingoDSC_0151-1024x683.jpg\" alt=\"\" class=\"wp-image-92917\" srcset=\"https:\/\/www.hoymercedes.com.ar\/principal\/wp-content\/uploads\/2019\/05\/Trocha.DomingoDSC_0151-1024x683.jpg 1024w, https:\/\/www.hoymercedes.com.ar\/principal\/wp-content\/uploads\/2019\/05\/Trocha.DomingoDSC_0151-150x100.jpg 150w, https:\/\/www.hoymercedes.com.ar\/principal\/wp-content\/uploads\/2019\/05\/Trocha.DomingoDSC_0151-630x420.jpg 630w, https:\/\/www.hoymercedes.com.ar\/principal\/wp-content\/uploads\/2019\/05\/Trocha.DomingoDSC_0151-720x480.jpg 720w, https:\/\/www.hoymercedes.com.ar\/principal\/wp-content\/uploads\/2019\/05\/Trocha.DomingoDSC_0151-360x240.jpg 360w, https:\/\/www.hoymercedes.com.ar\/principal\/wp-content\/uploads\/2019\/05\/Trocha.DomingoDSC_0151.jpg 1200w\" sizes=\"auto, (max-width: 1024px) 100vw, 1024px\" \/><figcaption>Reconocimientos y donaciones <\/figcaption><\/figure>\n\n\n\n<p>La primera jornada de la \u201cS\u00faper\nExpo Familiar\u201d en La Trocha ya denotaba iba a ser un gran fin de semana. Mate,\ntorta frita, juegos al aire libre, talleres sobre plantas, kermesse, m\u00fasica,\narte circense, deporte, un coctel completo de actividades libres y gratuitas,\nsin olvidar el patio cervecero, la gastronom\u00eda, los artesanos y feriantes que\naportaron su granito de arena para que la oferta cultural sea completa. <\/p>\n\n\n\n<figure class=\"wp-block-image\"><img loading=\"lazy\" decoding=\"async\" width=\"1024\" height=\"683\" data-attachment-id=\"92918\" data-permalink=\"https:\/\/www.hoymercedes.com.ar\/principal\/2019\/05\/13\/gran-concurrencia-a-las-activiades-familiares-en-la-trocha\/trocha-domingodsc_0017\/#main\" data-orig-file=\"https:\/\/www.hoymercedes.com.ar\/principal\/wp-content\/uploads\/2019\/05\/Trocha.DomingoDSC_0017.jpg\" data-orig-size=\"1200,800\" data-comments-opened=\"0\" data-image-meta=\"{&quot;aperture&quot;:&quot;4&quot;,&quot;credit&quot;:&quot;&quot;,&quot;camera&quot;:&quot;NIKON D5500&quot;,&quot;caption&quot;:&quot;&quot;,&quot;created_timestamp&quot;:&quot;1557677308&quot;,&quot;copyright&quot;:&quot;&quot;,&quot;focal_length&quot;:&quot;24&quot;,&quot;iso&quot;:&quot;560&quot;,&quot;shutter_speed&quot;:&quot;0.016666666666667&quot;,&quot;title&quot;:&quot;&quot;,&quot;orientation&quot;:&quot;0&quot;}\" data-image-title=\"Trocha.DomingoDSC_0017\" data-image-description=\"\" data-image-caption=\"\" data-large-file=\"https:\/\/www.hoymercedes.com.ar\/principal\/wp-content\/uploads\/2019\/05\/Trocha.DomingoDSC_0017-1024x683.jpg\" src=\"https:\/\/www.hoymercedes.com.ar\/principal\/wp-content\/uploads\/2019\/05\/Trocha.DomingoDSC_0017-1024x683.jpg\" alt=\"\" class=\"wp-image-92918\" srcset=\"https:\/\/www.hoymercedes.com.ar\/principal\/wp-content\/uploads\/2019\/05\/Trocha.DomingoDSC_0017-1024x683.jpg 1024w, https:\/\/www.hoymercedes.com.ar\/principal\/wp-content\/uploads\/2019\/05\/Trocha.DomingoDSC_0017-150x100.jpg 150w, https:\/\/www.hoymercedes.com.ar\/principal\/wp-content\/uploads\/2019\/05\/Trocha.DomingoDSC_0017-630x420.jpg 630w, https:\/\/www.hoymercedes.com.ar\/principal\/wp-content\/uploads\/2019\/05\/Trocha.DomingoDSC_0017-720x480.jpg 720w, https:\/\/www.hoymercedes.com.ar\/principal\/wp-content\/uploads\/2019\/05\/Trocha.DomingoDSC_0017-360x240.jpg 360w, https:\/\/www.hoymercedes.com.ar\/principal\/wp-content\/uploads\/2019\/05\/Trocha.DomingoDSC_0017.jpg 1200w\" sizes=\"auto, (max-width: 1024px) 100vw, 1024px\" \/><figcaption>Buenos Aires Green <\/figcaption><\/figure>\n\n\n\n<p>El jefe comunal, Juan Ignacio\nUstarroz, coment\u00f3 que \u201cestamos muy felices de ver tantas familias reunidas,\ntantos ni\u00f1os y ni\u00f1as jugando y disfrutando las actividades pensadas para ellos\u201d\ny remarc\u00f3 que \u201ceste predio lo recuperamos para que sea lo que hoy es, un centro\nde actividades para todos\u201d sin olvidar que \u201cestas actividades, libres y\ngratuitas, son muy importantes, potencian el trabajo local, dan puntos de\nencuentro y uni\u00f3n a familias y amigos y fomentan el turismo\u201d, dijo entre otros\nconceptos sin olvidar que \u201cagradecemos a los trabajadores municipales, los\nemprendedores, a cada uno de los que hace esta fiesta posible\u201d<\/p>\n\n\n\n<figure class=\"wp-block-image\"><img loading=\"lazy\" decoding=\"async\" width=\"1024\" height=\"683\" data-attachment-id=\"92919\" data-permalink=\"https:\/\/www.hoymercedes.com.ar\/principal\/2019\/05\/13\/gran-concurrencia-a-las-activiades-familiares-en-la-trocha\/trocha-domingodsc_0007\/#main\" data-orig-file=\"https:\/\/www.hoymercedes.com.ar\/principal\/wp-content\/uploads\/2019\/05\/Trocha.DomingoDSC_0007.jpg\" data-orig-size=\"1200,800\" data-comments-opened=\"0\" data-image-meta=\"{&quot;aperture&quot;:&quot;5.6&quot;,&quot;credit&quot;:&quot;&quot;,&quot;camera&quot;:&quot;NIKON D5500&quot;,&quot;caption&quot;:&quot;&quot;,&quot;created_timestamp&quot;:&quot;1557677195&quot;,&quot;copyright&quot;:&quot;&quot;,&quot;focal_length&quot;:&quot;52&quot;,&quot;iso&quot;:&quot;400&quot;,&quot;shutter_speed&quot;:&quot;0.016666666666667&quot;,&quot;title&quot;:&quot;&quot;,&quot;orientation&quot;:&quot;0&quot;}\" data-image-title=\"Trocha.DomingoDSC_0007\" data-image-description=\"\" data-image-caption=\"\" data-large-file=\"https:\/\/www.hoymercedes.com.ar\/principal\/wp-content\/uploads\/2019\/05\/Trocha.DomingoDSC_0007-1024x683.jpg\" src=\"https:\/\/www.hoymercedes.com.ar\/principal\/wp-content\/uploads\/2019\/05\/Trocha.DomingoDSC_0007-1024x683.jpg\" alt=\"\" class=\"wp-image-92919\" srcset=\"https:\/\/www.hoymercedes.com.ar\/principal\/wp-content\/uploads\/2019\/05\/Trocha.DomingoDSC_0007-1024x683.jpg 1024w, https:\/\/www.hoymercedes.com.ar\/principal\/wp-content\/uploads\/2019\/05\/Trocha.DomingoDSC_0007-150x100.jpg 150w, https:\/\/www.hoymercedes.com.ar\/principal\/wp-content\/uploads\/2019\/05\/Trocha.DomingoDSC_0007-630x420.jpg 630w, https:\/\/www.hoymercedes.com.ar\/principal\/wp-content\/uploads\/2019\/05\/Trocha.DomingoDSC_0007-720x480.jpg 720w, https:\/\/www.hoymercedes.com.ar\/principal\/wp-content\/uploads\/2019\/05\/Trocha.DomingoDSC_0007-360x240.jpg 360w, https:\/\/www.hoymercedes.com.ar\/principal\/wp-content\/uploads\/2019\/05\/Trocha.DomingoDSC_0007.jpg 1200w\" sizes=\"auto, (max-width: 1024px) 100vw, 1024px\" \/><\/figure>\n\n\n\n<p>Durante las jornadas hubo\ntalleres de Cultivo de cactus, de Nativas jard\u00edn de mariposas y colibr\u00edes,\ncharla sobre Tendencia Responsable de mascolas, de Cultivo Crasas, taller de\nInjertos (Cactus), taller interactivo de asclepiadaceaea, taller de nativas\nentorno urbano y medioambiente, encuentro de mascotas en el Caninaton\nSolidario, Expo Green la kermess de Cultura, feriantes de La Trocha, maquillaje\nart\u00edstico, los inflables gigantes de Deportes, Rulo Godar y la Orquesta\nOrg\u00e1nica llevando m\u00fasica y alegr\u00eda, como as\u00ed tambi\u00e9n la compa\u00f1\u00eda de circo\nAlboroto y Circo al Pi\u00e9. Tambi\u00e9n se pudo se solidaria con el programa Mechas\nSolidarias promoviendo la donaci\u00f3n de mechones de pelo para la confecci\u00f3n de\npelucas que se donan a mujeres con problemas de salud. <\/p>\n\n\n\n<figure class=\"wp-block-image\"><img loading=\"lazy\" decoding=\"async\" width=\"1024\" height=\"683\" data-attachment-id=\"92920\" data-permalink=\"https:\/\/www.hoymercedes.com.ar\/principal\/2019\/05\/13\/gran-concurrencia-a-las-activiades-familiares-en-la-trocha\/trocha-domingodsc_0006\/#main\" data-orig-file=\"https:\/\/www.hoymercedes.com.ar\/principal\/wp-content\/uploads\/2019\/05\/Trocha.DomingoDSC_0006.jpg\" data-orig-size=\"1200,800\" data-comments-opened=\"0\" data-image-meta=\"{&quot;aperture&quot;:&quot;4&quot;,&quot;credit&quot;:&quot;&quot;,&quot;camera&quot;:&quot;NIKON D5500&quot;,&quot;caption&quot;:&quot;&quot;,&quot;created_timestamp&quot;:&quot;1557677172&quot;,&quot;copyright&quot;:&quot;&quot;,&quot;focal_length&quot;:&quot;18&quot;,&quot;iso&quot;:&quot;720&quot;,&quot;shutter_speed&quot;:&quot;0.016666666666667&quot;,&quot;title&quot;:&quot;&quot;,&quot;orientation&quot;:&quot;0&quot;}\" data-image-title=\"Trocha.DomingoDSC_0006\" data-image-description=\"\" data-image-caption=\"\" data-large-file=\"https:\/\/www.hoymercedes.com.ar\/principal\/wp-content\/uploads\/2019\/05\/Trocha.DomingoDSC_0006-1024x683.jpg\" src=\"https:\/\/www.hoymercedes.com.ar\/principal\/wp-content\/uploads\/2019\/05\/Trocha.DomingoDSC_0006-1024x683.jpg\" alt=\"\" class=\"wp-image-92920\" srcset=\"https:\/\/www.hoymercedes.com.ar\/principal\/wp-content\/uploads\/2019\/05\/Trocha.DomingoDSC_0006-1024x683.jpg 1024w, https:\/\/www.hoymercedes.com.ar\/principal\/wp-content\/uploads\/2019\/05\/Trocha.DomingoDSC_0006-150x100.jpg 150w, https:\/\/www.hoymercedes.com.ar\/principal\/wp-content\/uploads\/2019\/05\/Trocha.DomingoDSC_0006-630x420.jpg 630w, https:\/\/www.hoymercedes.com.ar\/principal\/wp-content\/uploads\/2019\/05\/Trocha.DomingoDSC_0006-720x480.jpg 720w, https:\/\/www.hoymercedes.com.ar\/principal\/wp-content\/uploads\/2019\/05\/Trocha.DomingoDSC_0006-360x240.jpg 360w, https:\/\/www.hoymercedes.com.ar\/principal\/wp-content\/uploads\/2019\/05\/Trocha.DomingoDSC_0006.jpg 1200w\" sizes=\"auto, (max-width: 1024px) 100vw, 1024px\" \/><\/figure>\n\n\n\n<p>Dentro de los atractivos, estuvo\nExpo Green, donde se ven plantas, flores, cactus y dan talleres. A esta muestra\nvinieron desde distintos lados, como Mariana Amoroso que cont\u00f3 que \u201cno conoc\u00eda\nMercedes. Me contaban que era linda la ciudad y que ten\u00edan muchas cosas. Ahora\nme voy enamorada. Tienen de todo\u201d dijo ante la c\u00e1mara de televisi\u00f3n y remarc\u00f3\nque \u201cme dieron una agenda, no puedo creer que tengan tantas cosas siempre.\nNosotros estamos cerca, somos de capital, as\u00ed que es r\u00e1pido, vamos a venir\nseguido. Nos van a tener que aguantar\u201d dijo risue\u00f1a. <\/p>\n\n\n\n<figure class=\"wp-block-image\"><img loading=\"lazy\" decoding=\"async\" width=\"1024\" height=\"683\" data-attachment-id=\"92921\" data-permalink=\"https:\/\/www.hoymercedes.com.ar\/principal\/2019\/05\/13\/gran-concurrencia-a-las-activiades-familiares-en-la-trocha\/trocha-domingodsc_0038\/#main\" data-orig-file=\"https:\/\/www.hoymercedes.com.ar\/principal\/wp-content\/uploads\/2019\/05\/Trocha.DomingoDSC_0038.jpg\" data-orig-size=\"1200,800\" data-comments-opened=\"0\" data-image-meta=\"{&quot;aperture&quot;:&quot;10&quot;,&quot;credit&quot;:&quot;&quot;,&quot;camera&quot;:&quot;NIKON D5500&quot;,&quot;caption&quot;:&quot;&quot;,&quot;created_timestamp&quot;:&quot;1557678537&quot;,&quot;copyright&quot;:&quot;&quot;,&quot;focal_length&quot;:&quot;32&quot;,&quot;iso&quot;:&quot;200&quot;,&quot;shutter_speed&quot;:&quot;0.0025&quot;,&quot;title&quot;:&quot;&quot;,&quot;orientation&quot;:&quot;0&quot;}\" data-image-title=\"Trocha.DomingoDSC_0038\" data-image-description=\"\" data-image-caption=\"\" data-large-file=\"https:\/\/www.hoymercedes.com.ar\/principal\/wp-content\/uploads\/2019\/05\/Trocha.DomingoDSC_0038-1024x683.jpg\" src=\"https:\/\/www.hoymercedes.com.ar\/principal\/wp-content\/uploads\/2019\/05\/Trocha.DomingoDSC_0038-1024x683.jpg\" alt=\"\" class=\"wp-image-92921\" srcset=\"https:\/\/www.hoymercedes.com.ar\/principal\/wp-content\/uploads\/2019\/05\/Trocha.DomingoDSC_0038-1024x683.jpg 1024w, https:\/\/www.hoymercedes.com.ar\/principal\/wp-content\/uploads\/2019\/05\/Trocha.DomingoDSC_0038-150x100.jpg 150w, https:\/\/www.hoymercedes.com.ar\/principal\/wp-content\/uploads\/2019\/05\/Trocha.DomingoDSC_0038-630x420.jpg 630w, https:\/\/www.hoymercedes.com.ar\/principal\/wp-content\/uploads\/2019\/05\/Trocha.DomingoDSC_0038-720x480.jpg 720w, https:\/\/www.hoymercedes.com.ar\/principal\/wp-content\/uploads\/2019\/05\/Trocha.DomingoDSC_0038-360x240.jpg 360w, https:\/\/www.hoymercedes.com.ar\/principal\/wp-content\/uploads\/2019\/05\/Trocha.DomingoDSC_0038.jpg 1200w\" sizes=\"auto, (max-width: 1024px) 100vw, 1024px\" \/><\/figure>\n\n\n\n<p>Para Luc\u00eda Capaccio, directora de\ncultura, \u201cno hay nada m\u00e1s lindo que ver este marco de alegr\u00eda, de encuentro.\nEstemos muy agradecidos a todos los que hicieron posible un nuevo fin de semana\nespectacular\u201d sostuvo entre otros conceptos.<\/p>\n\n\n\n<figure class=\"wp-block-image\"><img loading=\"lazy\" decoding=\"async\" width=\"1024\" height=\"683\" data-attachment-id=\"92922\" data-permalink=\"https:\/\/www.hoymercedes.com.ar\/principal\/2019\/05\/13\/gran-concurrencia-a-las-activiades-familiares-en-la-trocha\/trocha-domingodsc_0025\/#main\" data-orig-file=\"https:\/\/www.hoymercedes.com.ar\/principal\/wp-content\/uploads\/2019\/05\/Trocha.DomingoDSC_0025.jpg\" data-orig-size=\"1200,800\" data-comments-opened=\"0\" data-image-meta=\"{&quot;aperture&quot;:&quot;4.2&quot;,&quot;credit&quot;:&quot;&quot;,&quot;camera&quot;:&quot;NIKON D5500&quot;,&quot;caption&quot;:&quot;&quot;,&quot;created_timestamp&quot;:&quot;1557677699&quot;,&quot;copyright&quot;:&quot;&quot;,&quot;focal_length&quot;:&quot;30&quot;,&quot;iso&quot;:&quot;560&quot;,&quot;shutter_speed&quot;:&quot;0.016666666666667&quot;,&quot;title&quot;:&quot;&quot;,&quot;orientation&quot;:&quot;0&quot;}\" data-image-title=\"Trocha.DomingoDSC_0025\" data-image-description=\"\" data-image-caption=\"\" data-large-file=\"https:\/\/www.hoymercedes.com.ar\/principal\/wp-content\/uploads\/2019\/05\/Trocha.DomingoDSC_0025-1024x683.jpg\" src=\"https:\/\/www.hoymercedes.com.ar\/principal\/wp-content\/uploads\/2019\/05\/Trocha.DomingoDSC_0025-1024x683.jpg\" alt=\"\" class=\"wp-image-92922\" srcset=\"https:\/\/www.hoymercedes.com.ar\/principal\/wp-content\/uploads\/2019\/05\/Trocha.DomingoDSC_0025-1024x683.jpg 1024w, https:\/\/www.hoymercedes.com.ar\/principal\/wp-content\/uploads\/2019\/05\/Trocha.DomingoDSC_0025-150x100.jpg 150w, https:\/\/www.hoymercedes.com.ar\/principal\/wp-content\/uploads\/2019\/05\/Trocha.DomingoDSC_0025-630x420.jpg 630w, https:\/\/www.hoymercedes.com.ar\/principal\/wp-content\/uploads\/2019\/05\/Trocha.DomingoDSC_0025-720x480.jpg 720w, https:\/\/www.hoymercedes.com.ar\/principal\/wp-content\/uploads\/2019\/05\/Trocha.DomingoDSC_0025-360x240.jpg 360w, https:\/\/www.hoymercedes.com.ar\/principal\/wp-content\/uploads\/2019\/05\/Trocha.DomingoDSC_0025.jpg 1200w\" sizes=\"auto, (max-width: 1024px) 100vw, 1024px\" \/><\/figure>\n\n\n\n<p>Nora In\u00e9s Luna, a la hora de\ntomar la palabra, sostuvo que \u201cqueremos agradecer a todos, una gran\nconcurrencia familiar, con muchos chicos, disfrutando de este espacio que\nbrinda Mercedes, con el apoyo del municipio y al intendente que siempre nos\napoya con estos proyectos\u201d para luego contar que \u201cles contamos que las plantas\nque se usaron para ornamentaci\u00f3n y embellecimientos de espacios quedar\u00e1n de\nregalo para que el municipio las utilice y reforeste plazas o espacios p\u00fablicos\u201d,\nsostuvo en agradecimiento al apoyo recibido. Luego, ante ello, el jefe comunal\ncoment\u00f3 que \u201cser\u00e1n utilizadas en alguna de las plazas nuevas que estamos pronto\npro inaugurar\u201d, agradeciendo el gesto. <\/p>\n\n\n\n<p>Por su parte, Sol P\u00e9rez, desde\nMechas Solidarias, \u201cmuchas gracias a todos, a Juani, a la gente, especialmente\na ustedes por donar sus mechas, nos asombraron, es un gran gesto para la gente\nque lo necesita y tambi\u00e9n a Pachi, que es de Luj\u00e1n y all\u00e1 hay Mechas Solidarias\nMercedes tambi\u00e9n ah\u00ed\u201d, dijo la reconocida peluquera. <\/p>\n\n\n\n<figure class=\"wp-block-embed-youtube wp-block-embed is-type-video is-provider-youtube wp-embed-aspect-16-9 wp-has-aspect-ratio\"><div class=\"wp-block-embed__wrapper\">\n<span class=\"embed-youtube\" style=\"text-align:center; display: block;\"><iframe loading=\"lazy\" class=\"youtube-player\" width=\"1200\" height=\"675\" src=\"https:\/\/www.youtube.com\/embed\/vQAqqU-k2K4?version=3&#038;rel=1&#038;showsearch=0&#038;showinfo=1&#038;iv_load_policy=1&#038;fs=1&#038;hl=es-ES&#038;autohide=2&#038;wmode=transparent\" allowfullscreen=\"true\" style=\"border:0;\" sandbox=\"allow-scripts allow-same-origin allow-popups allow-presentation allow-popups-to-escape-sandbox\"><\/iframe><\/span>\n<\/div><\/figure>\n\n\n\n<p>Ambas jornadas desde el mediod\u00eda empezaron a recibir visitas extendi\u00e9ndose hasta casi las 20hs, siendo nuevamente una multitudinaria convocatoria, confirmando que La Trocha se convirti\u00f3, junto con el Parque Municipal, en uno de los principales puntos de referencias culturales, tur\u00edsticas y familiares de los mercedinos. <\/p>\n\n\n\n<p>Fuente: Dir. Cultura<\/p>\n","protected":false},"excerpt":{"rendered":"<p>El fin de semana se volvi\u00f3 a vestir de fiesta en La Trocha con muchas actividades gratuitas para toda la &#8230; <a title=\"Gran concurrencia a las actividades familiares en La Trocha\" class=\"read-more\" href=\"https:\/\/www.hoymercedes.com.ar\/principal\/2019\/05\/13\/gran-concurrencia-a-las-activiades-familiares-en-la-trocha\/\" aria-label=\"Leer m\u00e1s sobre Gran concurrencia a las actividades familiares en La Trocha\">Leer m\u00e1s<\/a><\/p>\n","protected":false},"author":1,"featured_media":92916,"comment_status":"closed","ping_status":"open","sticky":false,"template":"","format":"standard","meta":{"_monsterinsights_skip_tracking":false,"_monsterinsights_sitenote_active":false,"_monsterinsights_sitenote_note":"","_monsterinsights_sitenote_category":0,"jetpack_post_was_ever_published":false,"_jetpack_newsletter_access":"","_jetpack_dont_email_post_to_subs":false,"_jetpack_newsletter_tier_id":0,"_jetpack_memberships_contains_paywalled_content":false,"_jetpack_memberships_contains_paid_content":false,"footnotes":"","jetpack_publicize_message":"","jetpack_publicize_feature_enabled":true,"jetpack_social_post_already_shared":true,"jetpack_social_options":{"image_generator_settings":{"template":"highway","default_image_id":0,"font":"","enabled":false},"version":2},"_wpas_customize_per_network":false},"categories":[8],"tags":[424],"class_list":["post-92915","post","type-post","status-publish","format-standard","has-post-thumbnail","hentry","category-sociedad","tag-ustarroz","generate-columns","tablet-grid-50","mobile-grid-100","grid-parent","grid-50"],"jetpack_publicize_connections":[],"jetpack_featured_media_url":"https:\/\/www.hoymercedes.com.ar\/principal\/wp-content\/uploads\/2019\/05\/113.jpeg","wps_subtitle":"Fiestas Populares","jetpack_sharing_enabled":true,"_links":{"self":[{"href":"https:\/\/www.hoymercedes.com.ar\/principal\/wp-json\/wp\/v2\/posts\/92915","targetHints":{"allow":["GET"]}}],"collection":[{"href":"https:\/\/www.hoymercedes.com.ar\/principal\/wp-json\/wp\/v2\/posts"}],"about":[{"href":"https:\/\/www.hoymercedes.com.ar\/principal\/wp-json\/wp\/v2\/types\/post"}],"author":[{"embeddable":true,"href":"https:\/\/www.hoymercedes.com.ar\/principal\/wp-json\/wp\/v2\/users\/1"}],"replies":[{"embeddable":true,"href":"https:\/\/www.hoymercedes.com.ar\/principal\/wp-json\/wp\/v2\/comments?post=92915"}],"version-history":[{"count":0,"href":"https:\/\/www.hoymercedes.com.ar\/principal\/wp-json\/wp\/v2\/posts\/92915\/revisions"}],"wp:featuredmedia":[{"embeddable":true,"href":"https:\/\/www.hoymercedes.com.ar\/principal\/wp-json\/wp\/v2\/media\/92916"}],"wp:attachment":[{"href":"https:\/\/www.hoymercedes.com.ar\/principal\/wp-json\/wp\/v2\/media?parent=92915"}],"wp:term":[{"taxonomy":"category","embeddable":true,"href":"https:\/\/www.hoymercedes.com.ar\/principal\/wp-json\/wp\/v2\/categories?post=92915"},{"taxonomy":"post_tag","embeddable":true,"href":"https:\/\/www.hoymercedes.com.ar\/principal\/wp-json\/wp\/v2\/tags?post=92915"}],"curies":[{"name":"wp","href":"https:\/\/api.w.org\/{rel}","templated":true}]}}