{"id":9292,"date":"2011-11-23T02:31:16","date_gmt":"2011-11-23T02:31:16","guid":{"rendered":"http:\/\/www.hoymercedes.com.ar\/principal\/?p=9292"},"modified":"2011-11-23T02:41:45","modified_gmt":"2011-11-23T02:41:45","slug":"antenas-concejo-deliberante-pedira-informe-a-organismos-nacionales","status":"publish","type":"post","link":"https:\/\/www.hoymercedes.com.ar\/principal\/2011\/11\/23\/antenas-concejo-deliberante-pedira-informe-a-organismos-nacionales\/","title":{"rendered":"Antenas: Concejo Deliberante pedir\u00e1 informe a organismos nacionales"},"content":{"rendered":"<figure id=\"attachment_9296\" aria-describedby=\"caption-attachment-9296\" style=\"width: 290px\" class=\"wp-caption alignleft\"><a href=\"https:\/\/www.hoymercedes.com.ar\/principal\/wp-content\/uploads\/2011\/11\/antena.jpg\"><img loading=\"lazy\" decoding=\"async\" data-attachment-id=\"9296\" data-permalink=\"https:\/\/www.hoymercedes.com.ar\/principal\/2011\/11\/23\/antenas-concejo-deliberante-pedira-informe-a-organismos-nacionales\/antena-2\/#main\" data-orig-file=\"https:\/\/www.hoymercedes.com.ar\/principal\/wp-content\/uploads\/2011\/11\/antena.jpg\" data-orig-size=\"300,309\" data-comments-opened=\"1\" data-image-meta=\"{&quot;aperture&quot;:&quot;7.6&quot;,&quot;credit&quot;:&quot;&quot;,&quot;camera&quot;:&quot;COOLPIX L10&quot;,&quot;caption&quot;:&quot;&quot;,&quot;created_timestamp&quot;:&quot;1321782144&quot;,&quot;copyright&quot;:&quot;Copyright 2006&quot;,&quot;focal_length&quot;:&quot;10.7&quot;,&quot;iso&quot;:&quot;64&quot;,&quot;shutter_speed&quot;:&quot;0.0030845157310302&quot;,&quot;title&quot;:&quot;&quot;}\" data-image-title=\"antena\" data-image-description=\"\" data-image-caption=\"&lt;p&gt;Antenas y pol\u00e9mica en la ciudad&lt;\/p&gt;\n\" data-large-file=\"https:\/\/www.hoymercedes.com.ar\/principal\/wp-content\/uploads\/2011\/11\/antena.jpg\" class=\"size-full wp-image-9296\" title=\"antena\" src=\"https:\/\/www.hoymercedes.com.ar\/principal\/wp-content\/uploads\/2011\/11\/antena.jpg\" alt=\"\" width=\"300\" height=\"309\" \/><\/a><figcaption id=\"caption-attachment-9296\" class=\"wp-caption-text\">Antenas y pol\u00e9mica en la ciudad<\/figcaption><\/figure>\n<p>El concejal Jos\u00e9 Luis Ramos, integrante del GEN, hizo efectiva en las \u00faltimas horas la presentaci\u00f3n de un proyecto en la Secretar\u00eda del HCD para que el Cuerpo Deliberativo proceda a solicitar a los organismos nacionales que correspondan informes relacionados con las habituales mediciones que efect\u00faan en diferentes antenas de nuestra ciudad, tal como ocurriera la semana pasada, relacionadas con los valores de emisi\u00f3n, irradiaci\u00f3n de ondas<\/p>\n<p>Ramos record\u00f3 \u201ca lo largo de casi toda la semana que paso pudimos ver recorriendo las diferentes calles de la ciudad una camionera con la inscripci\u00f3n CNC, sigla con la que se identifica a la Comisi\u00f3n Nacional de Comunicaciones que es el organismo nacional encargado de efectuar las comprobaciones t\u00e9cnicas necesarias en el funcionamiento de antenas de irradien ondas para telefon\u00eda celular o cualquier otro sistema de comunicaciones.<\/p>\n<p>Desde hace tiempo los vecinos de Mercedes vienen solicitando a este Concejo que legislemos acerca de la instalaci\u00f3n de dichos elementos en zonas de alta densidad de poblaci\u00f3n teniendo en cuenta que nuestro Partido cuenta con amplios lugares sin habitantes en la zona rural que bien pueden ser utilizados para efectuar dichas instalaciones y no como ocurre en el caso de la manzana de calles 18, 29, 11 y 13 donde por fortuna fue el municipio quien r\u00e1pidamente al detectarse la anomal\u00eda ordeno la inmediata suspensi\u00f3n de las obras que se estaban llevando a cabo.<\/p>\n<p>M\u00e1s all\u00e1 de la r\u00e1pida manera en moverse puesta en evidencia por el Departamento Ejecutivo, en esta oportunidad no alcance para detener este verdadero fen\u00f3meno que se esta dando en todo el pa\u00eds, en nuestro caso no contamos todav\u00eda con ordenanzas lo suficientemente ordenadoras para ampliar el radio de prohibici\u00f3n que actualmente existe.<\/p>\n<p>Con esta propuesta que hemos presentando intentamos que desde los organismos de la naci\u00f3n nos hagan llegar los resultados de las mediciones que ellos efect\u00faan, especialmente las de la semana pasada en ya que estuvieron trabajando m\u00e1s de un d\u00eda not\u00e1ndose claramente como el acompa\u00f1ante de quinen manejaba la combi portaba en sus manos un instrumento que enfocaba a la parte m\u00e1s alta de cada torre, es decir en la que encuentran las diferentes antenas y as\u00ed poder contar con un elemento valorativo concreto con el cual entonces si poder comenzar a trabajar de manera mucho m\u00e1s seria porque como suele pasar en muchos casos la mitad de los libros dice una cosa, que contaminan; y la otra mitad manifiesta que no pasa nada.<\/p>\n<p>Entonces con os resultados a la vista de dicha mediciones la poblaci\u00f3n podr\u00e1 quedarse tranquila si es efectivamente que no genera ning\u00fan problema.<\/p>\n<p>De cualquier manera entiendo que debemos sentarnos a diagramar un nuevo proyecto de ordenanza que sea en primer lugar lo m\u00e1s amplia posible en el radio donde no se puedan instalar dichas antenas, incluso por una medida de seguridad al existir la posibilidad que por diferentes motivos la misma pueda desmoronarse.<\/p>\n<p>Tenemos que hacer un buen trabajo legislativo para que de esa forma desde el departamento Ejecutivo se tengan las herramientas necesarias para ejercer el verdadero poder de polic\u00eda sobre dicha cuesti\u00f3n<\/p>\n<p>Tambi\u00e9n deber\u00e1 contar con un art\u00edculo que fije claramente los espacios vacios en la zona rural para el emplazamiento de las mismas y que se hagan una protecci\u00f3n significativa en torno a ellas par evitar cualquier inconveniente si en determinado momento comienza la construcci\u00f3n de viviendas en las proximidades de la antena ya instalada\u201d.<\/p>\n","protected":false},"excerpt":{"rendered":"<p>El concejal Jos\u00e9 Luis Ramos, integrante del GEN, hizo efectiva en las \u00faltimas horas la presentaci\u00f3n de un proyecto en &#8230; <a title=\"Antenas: Concejo Deliberante pedir\u00e1 informe a organismos nacionales\" class=\"read-more\" href=\"https:\/\/www.hoymercedes.com.ar\/principal\/2011\/11\/23\/antenas-concejo-deliberante-pedira-informe-a-organismos-nacionales\/\" aria-label=\"Leer m\u00e1s sobre Antenas: Concejo Deliberante pedir\u00e1 informe a organismos nacionales\">Leer m\u00e1s<\/a><\/p>\n","protected":false},"author":1,"featured_media":0,"comment_status":"open","ping_status":"open","sticky":false,"template":"","format":"standard","meta":{"_monsterinsights_skip_tracking":false,"_monsterinsights_sitenote_active":false,"_monsterinsights_sitenote_note":"","_monsterinsights_sitenote_category":0,"jetpack_post_was_ever_published":false,"_jetpack_newsletter_access":"","_jetpack_dont_email_post_to_subs":false,"_jetpack_newsletter_tier_id":0,"_jetpack_memberships_contains_paywalled_content":false,"_jetpack_memberships_contains_paid_content":false,"footnotes":"","jetpack_publicize_message":"","jetpack_publicize_feature_enabled":true,"jetpack_social_post_already_shared":false,"jetpack_social_options":{"image_generator_settings":{"template":"highway","default_image_id":0,"font":"","enabled":false},"version":2},"_wpas_customize_per_network":false},"categories":[5],"tags":[45],"class_list":["post-9292","post","type-post","status-publish","format-standard","hentry","category-politica","tag-concejo-deliberante-mercedes","generate-columns","tablet-grid-50","mobile-grid-100","grid-parent","grid-50"],"jetpack_publicize_connections":[],"jetpack_featured_media_url":"","wps_subtitle":"","jetpack_sharing_enabled":true,"_links":{"self":[{"href":"https:\/\/www.hoymercedes.com.ar\/principal\/wp-json\/wp\/v2\/posts\/9292","targetHints":{"allow":["GET"]}}],"collection":[{"href":"https:\/\/www.hoymercedes.com.ar\/principal\/wp-json\/wp\/v2\/posts"}],"about":[{"href":"https:\/\/www.hoymercedes.com.ar\/principal\/wp-json\/wp\/v2\/types\/post"}],"author":[{"embeddable":true,"href":"https:\/\/www.hoymercedes.com.ar\/principal\/wp-json\/wp\/v2\/users\/1"}],"replies":[{"embeddable":true,"href":"https:\/\/www.hoymercedes.com.ar\/principal\/wp-json\/wp\/v2\/comments?post=9292"}],"version-history":[{"count":0,"href":"https:\/\/www.hoymercedes.com.ar\/principal\/wp-json\/wp\/v2\/posts\/9292\/revisions"}],"wp:attachment":[{"href":"https:\/\/www.hoymercedes.com.ar\/principal\/wp-json\/wp\/v2\/media?parent=9292"}],"wp:term":[{"taxonomy":"category","embeddable":true,"href":"https:\/\/www.hoymercedes.com.ar\/principal\/wp-json\/wp\/v2\/categories?post=9292"},{"taxonomy":"post_tag","embeddable":true,"href":"https:\/\/www.hoymercedes.com.ar\/principal\/wp-json\/wp\/v2\/tags?post=9292"}],"curies":[{"name":"wp","href":"https:\/\/api.w.org\/{rel}","templated":true}]}}