{"id":92943,"date":"2019-05-15T07:00:40","date_gmt":"2019-05-15T10:00:40","guid":{"rendered":"http:\/\/www.hoymercedes.com.ar\/principal\/?p=92943"},"modified":"2019-05-13T20:34:15","modified_gmt":"2019-05-13T23:34:15","slug":"alfa-sigue-liderando-en-primera-y-en-sub-16","status":"publish","type":"post","link":"https:\/\/www.hoymercedes.com.ar\/principal\/2019\/05\/15\/alfa-sigue-liderando-en-primera-y-en-sub-16\/","title":{"rendered":"ALFA sigue liderando en Primera y en Sub 16"},"content":{"rendered":"\n<p>Entre Olivera y San Andr\u00e9s de Giles se jugaron las dos categor\u00edas m\u00e1s grandes que tiene el F\u00fatbol Femenino de la Liga Mercedina. La Primera Divisi\u00f3n se llev\u00f3 a cabo en cancha de ALFA, en el partido de Luj\u00e1n, donde el local se sostuvo como l\u00edder al golear a Juventud por 6 a 0.<\/p>\n\n\n\n<p>Estudiantes, con su triunfo ante AMEFIP San Mart\u00edn lleg\u00f3 al segundo puesto, aprovechando el empate de Envi\u00f3n, al igual que El Front\u00f3n, que derrot\u00f3 a Club Mercedes.<\/p>\n\n\n\n<p>En cancha de El Front\u00f3n se llev\u00f3 adelante la Sub 16, en donde ALFA y La Loma ganaron. Estudiantes, con su triunfo, qued\u00f3 en el cuarto lugar.<\/p>\n\n\n\n<p><strong>Primera Divisi\u00f3n<br>AMEFIP San Mart\u00edn 0.<br>Estudiantes 2:<\/strong>&nbsp;Candela Arroyo y Ana Brea.<\/p>\n\n\n\n<p><strong>Alfa 6:<\/strong>\u00a0Patricia Barzola 2, Magdalena Ruiz 2, Yesica Nocetti y Ver\u00f3nica Ribero.<br><strong>Juventud 0<\/strong>.<\/p>\n\n\n\n<p><strong>Club Mercedes 0.<br>El Front\u00f3n 2:&nbsp;<\/strong>Mar\u00eda Funes y Andrea Pacheco.<\/p>\n\n\n\n<p><strong>Deportivo Gowland 2:<\/strong>&nbsp;Margarita Acu\u00f1a y Susana Ayala.<br><strong>Costa Brava 1:<\/strong>&nbsp;P\u00eda Zubeld\u00eda.<\/p>\n\n\n\n<p><strong>Envi\u00f3n 0.<br>Los Carteros 0.<\/strong><\/p>\n\n\n\n<div class=\"wp-block-image\"><figure class=\"aligncenter\"><img loading=\"lazy\" decoding=\"async\" width=\"432\" height=\"278\" data-attachment-id=\"92948\" data-permalink=\"https:\/\/www.hoymercedes.com.ar\/principal\/2019\/05\/15\/alfa-sigue-liderando-en-primera-y-en-sub-16\/pos-fem-pri-1\/#main\" data-orig-file=\"https:\/\/www.hoymercedes.com.ar\/principal\/wp-content\/uploads\/2019\/05\/POS-FEM-PRI-1.png\" data-orig-size=\"432,278\" data-comments-opened=\"0\" data-image-meta=\"{&quot;aperture&quot;:&quot;0&quot;,&quot;credit&quot;:&quot;&quot;,&quot;camera&quot;:&quot;&quot;,&quot;caption&quot;:&quot;&quot;,&quot;created_timestamp&quot;:&quot;0&quot;,&quot;copyright&quot;:&quot;&quot;,&quot;focal_length&quot;:&quot;0&quot;,&quot;iso&quot;:&quot;0&quot;,&quot;shutter_speed&quot;:&quot;0&quot;,&quot;title&quot;:&quot;&quot;,&quot;orientation&quot;:&quot;0&quot;}\" data-image-title=\"POS-FEM-PRI-1\" data-image-description=\"\" data-image-caption=\"\" data-large-file=\"https:\/\/www.hoymercedes.com.ar\/principal\/wp-content\/uploads\/2019\/05\/POS-FEM-PRI-1.png\" src=\"https:\/\/www.hoymercedes.com.ar\/principal\/wp-content\/uploads\/2019\/05\/POS-FEM-PRI-1.png\" alt=\"\" class=\"wp-image-92948\" srcset=\"https:\/\/www.hoymercedes.com.ar\/principal\/wp-content\/uploads\/2019\/05\/POS-FEM-PRI-1.png 432w, https:\/\/www.hoymercedes.com.ar\/principal\/wp-content\/uploads\/2019\/05\/POS-FEM-PRI-1-150x97.png 150w\" sizes=\"auto, (max-width: 432px) 100vw, 432px\" \/><\/figure><\/div>\n\n\n\n<p><strong>Sub 16<br>El Front\u00f3n 0.<br>Alfa 1:&nbsp;<\/strong>Kiara Balbuena.<\/p>\n\n\n\n<p><strong>Los Carteros 0.<br>Estudiantes 6:<\/strong>&nbsp;Gabriela L\u00f3pez, Delfina Odda, Katia Roda 2 y Nazarena Viola 2.<\/p>\n\n\n\n<p><strong>La Loma 2:<\/strong>\u00a0Sof\u00eda Sarubba y Aylen Savoy.<br><strong>Defensores Juniors 0<\/strong>.<\/p>\n\n\n\n<div class=\"wp-block-image\"><figure class=\"aligncenter\"><img loading=\"lazy\" decoding=\"async\" width=\"432\" height=\"364\" data-attachment-id=\"92949\" data-permalink=\"https:\/\/www.hoymercedes.com.ar\/principal\/2019\/05\/15\/alfa-sigue-liderando-en-primera-y-en-sub-16\/pos-fem-inf-4\/#main\" data-orig-file=\"https:\/\/www.hoymercedes.com.ar\/principal\/wp-content\/uploads\/2019\/05\/POS-FEM-INF.png\" data-orig-size=\"432,364\" data-comments-opened=\"0\" data-image-meta=\"{&quot;aperture&quot;:&quot;0&quot;,&quot;credit&quot;:&quot;&quot;,&quot;camera&quot;:&quot;&quot;,&quot;caption&quot;:&quot;&quot;,&quot;created_timestamp&quot;:&quot;0&quot;,&quot;copyright&quot;:&quot;&quot;,&quot;focal_length&quot;:&quot;0&quot;,&quot;iso&quot;:&quot;0&quot;,&quot;shutter_speed&quot;:&quot;0&quot;,&quot;title&quot;:&quot;&quot;,&quot;orientation&quot;:&quot;0&quot;}\" data-image-title=\"POS-FEM-INF\" data-image-description=\"\" data-image-caption=\"\" data-large-file=\"https:\/\/www.hoymercedes.com.ar\/principal\/wp-content\/uploads\/2019\/05\/POS-FEM-INF.png\" src=\"https:\/\/www.hoymercedes.com.ar\/principal\/wp-content\/uploads\/2019\/05\/POS-FEM-INF.png\" alt=\"\" class=\"wp-image-92949\" srcset=\"https:\/\/www.hoymercedes.com.ar\/principal\/wp-content\/uploads\/2019\/05\/POS-FEM-INF.png 432w, https:\/\/www.hoymercedes.com.ar\/principal\/wp-content\/uploads\/2019\/05\/POS-FEM-INF-150x126.png 150w\" sizes=\"auto, (max-width: 432px) 100vw, 432px\" \/><\/figure><\/div>\n\n\n\n<div class=\"wp-block-image\"><figure class=\"aligncenter\"><img loading=\"lazy\" decoding=\"async\" width=\"316\" height=\"427\" data-attachment-id=\"92950\" data-permalink=\"https:\/\/www.hoymercedes.com.ar\/principal\/2019\/05\/15\/alfa-sigue-liderando-en-primera-y-en-sub-16\/gol-fem-1\/#main\" data-orig-file=\"https:\/\/www.hoymercedes.com.ar\/principal\/wp-content\/uploads\/2019\/05\/GOL-FEM-1.png\" data-orig-size=\"316,427\" data-comments-opened=\"0\" data-image-meta=\"{&quot;aperture&quot;:&quot;0&quot;,&quot;credit&quot;:&quot;&quot;,&quot;camera&quot;:&quot;&quot;,&quot;caption&quot;:&quot;&quot;,&quot;created_timestamp&quot;:&quot;0&quot;,&quot;copyright&quot;:&quot;&quot;,&quot;focal_length&quot;:&quot;0&quot;,&quot;iso&quot;:&quot;0&quot;,&quot;shutter_speed&quot;:&quot;0&quot;,&quot;title&quot;:&quot;&quot;,&quot;orientation&quot;:&quot;0&quot;}\" data-image-title=\"GOL-FEM-1\" data-image-description=\"\" data-image-caption=\"\" data-large-file=\"https:\/\/www.hoymercedes.com.ar\/principal\/wp-content\/uploads\/2019\/05\/GOL-FEM-1.png\" src=\"https:\/\/www.hoymercedes.com.ar\/principal\/wp-content\/uploads\/2019\/05\/GOL-FEM-1.png\" alt=\"\" class=\"wp-image-92950\" srcset=\"https:\/\/www.hoymercedes.com.ar\/principal\/wp-content\/uploads\/2019\/05\/GOL-FEM-1.png 316w, https:\/\/www.hoymercedes.com.ar\/principal\/wp-content\/uploads\/2019\/05\/GOL-FEM-1-111x150.png 111w\" sizes=\"auto, (max-width: 316px) 100vw, 316px\" \/><\/figure><\/div>\n","protected":false},"excerpt":{"rendered":"<p>Entre Olivera y San Andr\u00e9s de Giles se jugaron las dos categor\u00edas m\u00e1s grandes que tiene el F\u00fatbol Femenino de &#8230; <a title=\"ALFA sigue liderando en Primera y en Sub 16\" class=\"read-more\" href=\"https:\/\/www.hoymercedes.com.ar\/principal\/2019\/05\/15\/alfa-sigue-liderando-en-primera-y-en-sub-16\/\" aria-label=\"Leer m\u00e1s sobre ALFA sigue liderando en Primera y en Sub 16\">Leer m\u00e1s<\/a><\/p>\n","protected":false},"author":1,"featured_media":92948,"comment_status":"closed","ping_status":"open","sticky":false,"template":"","format":"standard","meta":{"_monsterinsights_skip_tracking":false,"_monsterinsights_sitenote_active":false,"_monsterinsights_sitenote_note":"","_monsterinsights_sitenote_category":0,"jetpack_post_was_ever_published":false,"_jetpack_newsletter_access":"","_jetpack_dont_email_post_to_subs":false,"_jetpack_newsletter_tier_id":0,"_jetpack_memberships_contains_paywalled_content":false,"_jetpack_memberships_contains_paid_content":false,"footnotes":"","jetpack_publicize_message":"","jetpack_publicize_feature_enabled":true,"jetpack_social_post_already_shared":true,"jetpack_social_options":{"image_generator_settings":{"template":"highway","default_image_id":0,"font":"","enabled":false},"version":2},"_wpas_customize_per_network":false},"categories":[21],"tags":[895],"class_list":["post-92943","post","type-post","status-publish","format-standard","has-post-thumbnail","hentry","category-deportes","tag-futbol-femenino","generate-columns","tablet-grid-50","mobile-grid-100","grid-parent","grid-50"],"jetpack_publicize_connections":[],"jetpack_featured_media_url":"https:\/\/www.hoymercedes.com.ar\/principal\/wp-content\/uploads\/2019\/05\/POS-FEM-PRI-1.png","wps_subtitle":"F\u00fatbol Femenino","jetpack_sharing_enabled":true,"_links":{"self":[{"href":"https:\/\/www.hoymercedes.com.ar\/principal\/wp-json\/wp\/v2\/posts\/92943","targetHints":{"allow":["GET"]}}],"collection":[{"href":"https:\/\/www.hoymercedes.com.ar\/principal\/wp-json\/wp\/v2\/posts"}],"about":[{"href":"https:\/\/www.hoymercedes.com.ar\/principal\/wp-json\/wp\/v2\/types\/post"}],"author":[{"embeddable":true,"href":"https:\/\/www.hoymercedes.com.ar\/principal\/wp-json\/wp\/v2\/users\/1"}],"replies":[{"embeddable":true,"href":"https:\/\/www.hoymercedes.com.ar\/principal\/wp-json\/wp\/v2\/comments?post=92943"}],"version-history":[{"count":0,"href":"https:\/\/www.hoymercedes.com.ar\/principal\/wp-json\/wp\/v2\/posts\/92943\/revisions"}],"wp:featuredmedia":[{"embeddable":true,"href":"https:\/\/www.hoymercedes.com.ar\/principal\/wp-json\/wp\/v2\/media\/92948"}],"wp:attachment":[{"href":"https:\/\/www.hoymercedes.com.ar\/principal\/wp-json\/wp\/v2\/media?parent=92943"}],"wp:term":[{"taxonomy":"category","embeddable":true,"href":"https:\/\/www.hoymercedes.com.ar\/principal\/wp-json\/wp\/v2\/categories?post=92943"},{"taxonomy":"post_tag","embeddable":true,"href":"https:\/\/www.hoymercedes.com.ar\/principal\/wp-json\/wp\/v2\/tags?post=92943"}],"curies":[{"name":"wp","href":"https:\/\/api.w.org\/{rel}","templated":true}]}}