{"id":92953,"date":"2019-05-15T15:00:16","date_gmt":"2019-05-15T18:00:16","guid":{"rendered":"http:\/\/www.hoymercedes.com.ar\/principal\/?p=92953"},"modified":"2019-05-13T21:58:57","modified_gmt":"2019-05-14T00:58:57","slug":"la-escuela-municipal-de-futsal-volvio-al-triunfo-en-primera-ante-huracan","status":"publish","type":"post","link":"https:\/\/www.hoymercedes.com.ar\/principal\/2019\/05\/15\/la-escuela-municipal-de-futsal-volvio-al-triunfo-en-primera-ante-huracan\/","title":{"rendered":"La Escuela Municipal de Futsal volvi\u00f3 al triunfo en Primera, ante Hurac\u00e1n"},"content":{"rendered":"\n<p>Por Iv\u00e1n Alday (Todo el Deporte Est\u00e1 Ac\u00e1). En la tarde del s\u00e1bado 11 lleg\u00f3 el futsal a Mercedes con los equipos de Primera y Reserva de la Escuela Municipal, dirigidos por Oscar Ramos. En la oportunidad se enfrentaron a Hurac\u00e1n de Parque Patricios, con la direcci\u00f3n t\u00e9cnica de Marcelo Maradel, en dos tiempos de 25 minutos donde dividieron puntos en las categor\u00edas.<\/p>\n\n\n\n<figure class=\"wp-block-image\"><img loading=\"lazy\" decoding=\"async\" width=\"916\" height=\"541\" data-attachment-id=\"92955\" data-permalink=\"https:\/\/www.hoymercedes.com.ar\/principal\/2019\/05\/15\/la-escuela-municipal-de-futsal-volvio-al-triunfo-en-primera-ante-huracan\/escuela-futsal-primera-vs-huracan\/#main\" data-orig-file=\"https:\/\/www.hoymercedes.com.ar\/principal\/wp-content\/uploads\/2019\/05\/Escuela-Futsal-Primera-Vs-Huracan.jpg\" data-orig-size=\"916,541\" data-comments-opened=\"0\" data-image-meta=\"{&quot;aperture&quot;:&quot;0&quot;,&quot;credit&quot;:&quot;&quot;,&quot;camera&quot;:&quot;&quot;,&quot;caption&quot;:&quot;&quot;,&quot;created_timestamp&quot;:&quot;0&quot;,&quot;copyright&quot;:&quot;&quot;,&quot;focal_length&quot;:&quot;0&quot;,&quot;iso&quot;:&quot;0&quot;,&quot;shutter_speed&quot;:&quot;0&quot;,&quot;title&quot;:&quot;&quot;,&quot;orientation&quot;:&quot;0&quot;}\" data-image-title=\"Escuela-Futsal-Primera-Vs-Huracan\" data-image-description=\"\" data-image-caption=\"\" data-large-file=\"https:\/\/www.hoymercedes.com.ar\/principal\/wp-content\/uploads\/2019\/05\/Escuela-Futsal-Primera-Vs-Huracan.jpg\" src=\"https:\/\/www.hoymercedes.com.ar\/principal\/wp-content\/uploads\/2019\/05\/Escuela-Futsal-Primera-Vs-Huracan.jpg\" alt=\"\" class=\"wp-image-92955\" srcset=\"https:\/\/www.hoymercedes.com.ar\/principal\/wp-content\/uploads\/2019\/05\/Escuela-Futsal-Primera-Vs-Huracan.jpg 916w, https:\/\/www.hoymercedes.com.ar\/principal\/wp-content\/uploads\/2019\/05\/Escuela-Futsal-Primera-Vs-Huracan-150x89.jpg 150w, https:\/\/www.hoymercedes.com.ar\/principal\/wp-content\/uploads\/2019\/05\/Escuela-Futsal-Primera-Vs-Huracan-630x372.jpg 630w\" sizes=\"auto, (max-width: 916px) 100vw, 916px\" \/><\/figure>\n\n\n\n<p>El \u00abGlobo\u00bb se impuso 3-1 en el partido de primer t\u00e9rmino con el plantel de Reserva, en un match donde Hurac\u00e1n fue certero en las ocasiones que gener\u00f3 durante la primera mitad &nbsp;con los goles anotados por &nbsp;Diego Toconas, Mat\u00edas Ver\u00e1 e Iv\u00e1n Arce. El descuento mercedino lleg\u00f3 en el complemento de tiro penal &nbsp;a trav\u00e9s de Tom\u00e1s Zamb\u00f3n.<\/p>\n\n\n\n<figure class=\"wp-block-image\"><img loading=\"lazy\" decoding=\"async\" width=\"960\" height=\"720\" data-attachment-id=\"92956\" data-permalink=\"https:\/\/www.hoymercedes.com.ar\/principal\/2019\/05\/15\/la-escuela-municipal-de-futsal-volvio-al-triunfo-en-primera-ante-huracan\/escuela-futsal-primera-vs-huracan-2\/#main\" data-orig-file=\"https:\/\/www.hoymercedes.com.ar\/principal\/wp-content\/uploads\/2019\/05\/Escuela-Futsal-Primera-Vs-Huracan-2.jpg\" data-orig-size=\"960,720\" data-comments-opened=\"0\" data-image-meta=\"{&quot;aperture&quot;:&quot;0&quot;,&quot;credit&quot;:&quot;&quot;,&quot;camera&quot;:&quot;&quot;,&quot;caption&quot;:&quot;&quot;,&quot;created_timestamp&quot;:&quot;0&quot;,&quot;copyright&quot;:&quot;&quot;,&quot;focal_length&quot;:&quot;0&quot;,&quot;iso&quot;:&quot;0&quot;,&quot;shutter_speed&quot;:&quot;0&quot;,&quot;title&quot;:&quot;&quot;,&quot;orientation&quot;:&quot;0&quot;}\" data-image-title=\"Escuela-Futsal-Primera-Vs-Huracan-2\" data-image-description=\"\" data-image-caption=\"\" data-large-file=\"https:\/\/www.hoymercedes.com.ar\/principal\/wp-content\/uploads\/2019\/05\/Escuela-Futsal-Primera-Vs-Huracan-2.jpg\" src=\"https:\/\/www.hoymercedes.com.ar\/principal\/wp-content\/uploads\/2019\/05\/Escuela-Futsal-Primera-Vs-Huracan-2.jpg\" alt=\"\" class=\"wp-image-92956\" srcset=\"https:\/\/www.hoymercedes.com.ar\/principal\/wp-content\/uploads\/2019\/05\/Escuela-Futsal-Primera-Vs-Huracan-2.jpg 960w, https:\/\/www.hoymercedes.com.ar\/principal\/wp-content\/uploads\/2019\/05\/Escuela-Futsal-Primera-Vs-Huracan-2-150x113.jpg 150w, https:\/\/www.hoymercedes.com.ar\/principal\/wp-content\/uploads\/2019\/05\/Escuela-Futsal-Primera-Vs-Huracan-2-630x473.jpg 630w, https:\/\/www.hoymercedes.com.ar\/principal\/wp-content\/uploads\/2019\/05\/Escuela-Futsal-Primera-Vs-Huracan-2-320x240.jpg 320w, https:\/\/www.hoymercedes.com.ar\/principal\/wp-content\/uploads\/2019\/05\/Escuela-Futsal-Primera-Vs-Huracan-2-100x75.jpg 100w\" sizes=\"auto, (max-width: 960px) 100vw, 960px\" \/><\/figure>\n\n\n\n<p>Luego tuvo la oportunidad de achicar diferencias con otra ejecuci\u00f3n desde el mismo punto pero una buena respuesta del guardameta le priv\u00f3 entrar en partido. Mientras que en la categor\u00eda principal a la inversa de lo que suele pasar en el desarrollo del torneo, se impuso por 3-0 con tantos marcados por Hern\u00e1n Heredia por duplicado y Jorge Montenegro en la fr\u00eda tarde de s\u00e1bado &nbsp;en d\u00f3nde la disciplina que va en crecimiento se instal\u00f3 en la ciudad, esta vez fue en el Predio del Mart\u00edn Rodr\u00edguez.<\/p>\n","protected":false},"excerpt":{"rendered":"<p>Por Iv\u00e1n Alday (Todo el Deporte Est\u00e1 Ac\u00e1). En la tarde del s\u00e1bado 11 lleg\u00f3 el futsal a Mercedes con &#8230; <a title=\"La Escuela Municipal de Futsal volvi\u00f3 al triunfo en Primera, ante Hurac\u00e1n\" class=\"read-more\" href=\"https:\/\/www.hoymercedes.com.ar\/principal\/2019\/05\/15\/la-escuela-municipal-de-futsal-volvio-al-triunfo-en-primera-ante-huracan\/\" aria-label=\"Leer m\u00e1s sobre La Escuela Municipal de Futsal volvi\u00f3 al triunfo en Primera, ante Hurac\u00e1n\">Leer m\u00e1s<\/a><\/p>\n","protected":false},"author":1,"featured_media":92955,"comment_status":"closed","ping_status":"open","sticky":false,"template":"","format":"standard","meta":{"_monsterinsights_skip_tracking":false,"_monsterinsights_sitenote_active":false,"_monsterinsights_sitenote_note":"","_monsterinsights_sitenote_category":0,"jetpack_post_was_ever_published":false,"_jetpack_newsletter_access":"","_jetpack_dont_email_post_to_subs":false,"_jetpack_newsletter_tier_id":0,"_jetpack_memberships_contains_paywalled_content":false,"_jetpack_memberships_contains_paid_content":false,"footnotes":"","jetpack_publicize_message":"","jetpack_publicize_feature_enabled":true,"jetpack_social_post_already_shared":true,"jetpack_social_options":{"image_generator_settings":{"template":"highway","default_image_id":0,"font":"","enabled":false},"version":2},"_wpas_customize_per_network":false},"categories":[21],"tags":[13563,14841],"class_list":["post-92953","post","type-post","status-publish","format-standard","has-post-thumbnail","hentry","category-deportes","tag-futsal","tag-liga-bafi","generate-columns","tablet-grid-50","mobile-grid-100","grid-parent","grid-50"],"jetpack_publicize_connections":[],"jetpack_featured_media_url":"https:\/\/www.hoymercedes.com.ar\/principal\/wp-content\/uploads\/2019\/05\/Escuela-Futsal-Primera-Vs-Huracan.jpg","wps_subtitle":"Futsal","jetpack_sharing_enabled":true,"_links":{"self":[{"href":"https:\/\/www.hoymercedes.com.ar\/principal\/wp-json\/wp\/v2\/posts\/92953","targetHints":{"allow":["GET"]}}],"collection":[{"href":"https:\/\/www.hoymercedes.com.ar\/principal\/wp-json\/wp\/v2\/posts"}],"about":[{"href":"https:\/\/www.hoymercedes.com.ar\/principal\/wp-json\/wp\/v2\/types\/post"}],"author":[{"embeddable":true,"href":"https:\/\/www.hoymercedes.com.ar\/principal\/wp-json\/wp\/v2\/users\/1"}],"replies":[{"embeddable":true,"href":"https:\/\/www.hoymercedes.com.ar\/principal\/wp-json\/wp\/v2\/comments?post=92953"}],"version-history":[{"count":0,"href":"https:\/\/www.hoymercedes.com.ar\/principal\/wp-json\/wp\/v2\/posts\/92953\/revisions"}],"wp:featuredmedia":[{"embeddable":true,"href":"https:\/\/www.hoymercedes.com.ar\/principal\/wp-json\/wp\/v2\/media\/92955"}],"wp:attachment":[{"href":"https:\/\/www.hoymercedes.com.ar\/principal\/wp-json\/wp\/v2\/media?parent=92953"}],"wp:term":[{"taxonomy":"category","embeddable":true,"href":"https:\/\/www.hoymercedes.com.ar\/principal\/wp-json\/wp\/v2\/categories?post=92953"},{"taxonomy":"post_tag","embeddable":true,"href":"https:\/\/www.hoymercedes.com.ar\/principal\/wp-json\/wp\/v2\/tags?post=92953"}],"curies":[{"name":"wp","href":"https:\/\/api.w.org\/{rel}","templated":true}]}}