{"id":92974,"date":"2019-05-14T13:52:25","date_gmt":"2019-05-14T16:52:25","guid":{"rendered":"http:\/\/www.hoymercedes.com.ar\/principal\/?p=92974"},"modified":"2019-05-14T18:02:26","modified_gmt":"2019-05-14T21:02:26","slug":"atropellan-operario-oriundo-de-suipacha-mientras-cruzaba-ruta-7","status":"publish","type":"post","link":"https:\/\/www.hoymercedes.com.ar\/principal\/2019\/05\/14\/atropellan-operario-oriundo-de-suipacha-mientras-cruzaba-ruta-7\/","title":{"rendered":"Atropellan operario oriundo de Suipacha mientras cruzaba ruta 7"},"content":{"rendered":"\n<p>Cerca de las ocho de la ma\u00f1ana sucedi\u00f3 un siniestro vial en la Ruta Nacinal N\u00b0 7 a la altura del kil\u00f3metro 108 en San Andr\u00e9s de Giles. Un obrero de la empresa de construcciones civiles Castellone fue atropellado al cruzar la ruta. El joven de 28 a\u00f1os era oriundo de la ciudad de Suipacha<\/p>\n\n\n\n<p>El cuerpo de Bomberos Voluntarios de San Andr\u00e9s de Giles se dirigi\u00f3 al lugar de urgencia, aunque lamentablemente su accionar no pudo evitar la tragedia. Los bomberos se encontraron en el lugar, el cuerpo ya sin vida de un operario de la empresa Cartellone.<\/p>\n\n\n\n<p>Seg\u00fan destacaron fuentes oficiales, un Volkswagen Vento de color negro impact\u00f3 contra un trabajador joven de 28 a\u00f1os, oriundo de Suipacha, que se encontraba cruzando la cinta asf\u00e1ltica. El golpe, de importante dimensi\u00f3n, despidi\u00f3 al operario a unos 40 metros de donde se produjo el contacto.<\/p>\n\n\n\n<p>El automovilista circulaba en direcci\u00f3n Carmen \u2013 Giles, cuando impact\u00f3 con este joven maquinista. A bordo del veh\u00edculo iba una familia oriunda de Los Toldos que se dirig\u00eda a Aeroparque.<\/p>\n\n\n\n<p>Aparentemente, el trabajador hab\u00eda llegado hac\u00eda poco tiempo a la constructora que est\u00e1 realizando la AU. 7.\u00a0 Estacion\u00f3 su veh\u00edculo del otro lado de la calzada y cuando se dispuso a cruzarla, termin\u00f3 siendo arrollado.<\/p>\n\n\n\n<p>Fuente: FM Vall e Infociudadsag.com.ar<\/p>\n\n\n\n<figure class=\"wp-block-embed-facebook wp-block-embed\"><div class=\"wp-block-embed__wrapper\">\n<div class=\"fb-video\" data-allowfullscreen=\"true\" data-href=\"https:\/\/www.facebook.com\/fmvall\/videos\/657969461320594\/\" style=\"background-color: #fff; display: inline-block;\"><\/div>\n<\/div><\/figure>\n","protected":false},"excerpt":{"rendered":"<p>Cerca de las ocho de la ma\u00f1ana sucedi\u00f3 un siniestro vial en la Ruta Nacinal N\u00b0 7 a la altura &#8230; <a title=\"Atropellan operario oriundo de Suipacha mientras cruzaba ruta 7\" class=\"read-more\" href=\"https:\/\/www.hoymercedes.com.ar\/principal\/2019\/05\/14\/atropellan-operario-oriundo-de-suipacha-mientras-cruzaba-ruta-7\/\" aria-label=\"Leer m\u00e1s sobre Atropellan operario oriundo de Suipacha mientras cruzaba ruta 7\">Leer m\u00e1s<\/a><\/p>\n","protected":false},"author":1,"featured_media":92975,"comment_status":"closed","ping_status":"open","sticky":false,"template":"","format":"standard","meta":{"_monsterinsights_skip_tracking":false,"_monsterinsights_sitenote_active":false,"_monsterinsights_sitenote_note":"","_monsterinsights_sitenote_category":0,"jetpack_post_was_ever_published":false,"_jetpack_newsletter_access":"","_jetpack_dont_email_post_to_subs":false,"_jetpack_newsletter_tier_id":0,"_jetpack_memberships_contains_paywalled_content":false,"_jetpack_memberships_contains_paid_content":false,"footnotes":"","jetpack_publicize_message":"","jetpack_publicize_feature_enabled":true,"jetpack_social_post_already_shared":true,"jetpack_social_options":{"image_generator_settings":{"template":"highway","default_image_id":0,"font":"","enabled":false},"version":2},"_wpas_customize_per_network":false},"categories":[5501],"tags":[96,1057,10395],"class_list":["post-92974","post","type-post","status-publish","format-standard","has-post-thumbnail","hentry","category-region","tag-policial-2","tag-regional","tag-siniestro-vial","generate-columns","tablet-grid-50","mobile-grid-100","grid-parent","grid-50"],"jetpack_publicize_connections":[],"jetpack_featured_media_url":"https:\/\/www.hoymercedes.com.ar\/principal\/wp-content\/uploads\/2019\/05\/14-siniestro-ruta-7.jpg","wps_subtitle":"En la ma\u00f1ana de este martes","jetpack_sharing_enabled":true,"_links":{"self":[{"href":"https:\/\/www.hoymercedes.com.ar\/principal\/wp-json\/wp\/v2\/posts\/92974","targetHints":{"allow":["GET"]}}],"collection":[{"href":"https:\/\/www.hoymercedes.com.ar\/principal\/wp-json\/wp\/v2\/posts"}],"about":[{"href":"https:\/\/www.hoymercedes.com.ar\/principal\/wp-json\/wp\/v2\/types\/post"}],"author":[{"embeddable":true,"href":"https:\/\/www.hoymercedes.com.ar\/principal\/wp-json\/wp\/v2\/users\/1"}],"replies":[{"embeddable":true,"href":"https:\/\/www.hoymercedes.com.ar\/principal\/wp-json\/wp\/v2\/comments?post=92974"}],"version-history":[{"count":0,"href":"https:\/\/www.hoymercedes.com.ar\/principal\/wp-json\/wp\/v2\/posts\/92974\/revisions"}],"wp:featuredmedia":[{"embeddable":true,"href":"https:\/\/www.hoymercedes.com.ar\/principal\/wp-json\/wp\/v2\/media\/92975"}],"wp:attachment":[{"href":"https:\/\/www.hoymercedes.com.ar\/principal\/wp-json\/wp\/v2\/media?parent=92974"}],"wp:term":[{"taxonomy":"category","embeddable":true,"href":"https:\/\/www.hoymercedes.com.ar\/principal\/wp-json\/wp\/v2\/categories?post=92974"},{"taxonomy":"post_tag","embeddable":true,"href":"https:\/\/www.hoymercedes.com.ar\/principal\/wp-json\/wp\/v2\/tags?post=92974"}],"curies":[{"name":"wp","href":"https:\/\/api.w.org\/{rel}","templated":true}]}}