{"id":92978,"date":"2019-05-15T19:28:54","date_gmt":"2019-05-15T22:28:54","guid":{"rendered":"http:\/\/www.hoymercedes.com.ar\/principal\/?p=92978"},"modified":"2019-05-14T19:40:13","modified_gmt":"2019-05-14T22:40:13","slug":"las-victorias-de-all-boys-y-colegiales-dejaron-a-flandria-sin-chances-de-reducido","status":"publish","type":"post","link":"https:\/\/www.hoymercedes.com.ar\/principal\/2019\/05\/15\/las-victorias-de-all-boys-y-colegiales-dejaron-a-flandria-sin-chances-de-reducido\/","title":{"rendered":"Las victorias de All Boys y Colegiales dejaron a Flandria sin chances de Reducido"},"content":{"rendered":"\n<p>Luego de caer el domingo ante Almirante Brown en condici\u00f3n de visitante Flandria qued\u00f3 a la espera de resultados para saber si llegaba con chances a la clasificaci\u00f3n al Reducido en la \u00faltima fecha. Sin embargo, la victoria de All Boys por 2 a 1 ante Barracas Central el lunes, la de Colegiales por 2 a 0 ante Espa\u00f1ol y el empate entre UAI Urquiza y Sacachispas, dejaron sin posibilidades de ingresar al Reducido al Canario, en busca del \u00faltimo lugar de ascenso a la B Nacional.<\/p>\n\n\n\n<figure class=\"wp-block-image\"><img loading=\"lazy\" decoding=\"async\" width=\"1024\" height=\"503\" data-attachment-id=\"92979\" data-permalink=\"https:\/\/www.hoymercedes.com.ar\/principal\/2019\/05\/15\/las-victorias-de-all-boys-y-colegiales-dejaron-a-flandria-sin-chances-de-reducido\/flandria-2\/#main\" data-orig-file=\"https:\/\/www.hoymercedes.com.ar\/principal\/wp-content\/uploads\/2019\/05\/flandria.jpg\" data-orig-size=\"1256,617\" data-comments-opened=\"0\" data-image-meta=\"{&quot;aperture&quot;:&quot;0&quot;,&quot;credit&quot;:&quot;&quot;,&quot;camera&quot;:&quot;&quot;,&quot;caption&quot;:&quot;&quot;,&quot;created_timestamp&quot;:&quot;0&quot;,&quot;copyright&quot;:&quot;&quot;,&quot;focal_length&quot;:&quot;0&quot;,&quot;iso&quot;:&quot;0&quot;,&quot;shutter_speed&quot;:&quot;0&quot;,&quot;title&quot;:&quot;&quot;,&quot;orientation&quot;:&quot;0&quot;}\" data-image-title=\"flandria\" data-image-description=\"\" data-image-caption=\"\" data-large-file=\"https:\/\/www.hoymercedes.com.ar\/principal\/wp-content\/uploads\/2019\/05\/flandria-1024x503.jpg\" src=\"https:\/\/www.hoymercedes.com.ar\/principal\/wp-content\/uploads\/2019\/05\/flandria-1024x503.jpg\" alt=\"\" class=\"wp-image-92979\" srcset=\"https:\/\/www.hoymercedes.com.ar\/principal\/wp-content\/uploads\/2019\/05\/flandria-1024x503.jpg 1024w, https:\/\/www.hoymercedes.com.ar\/principal\/wp-content\/uploads\/2019\/05\/flandria-150x74.jpg 150w, https:\/\/www.hoymercedes.com.ar\/principal\/wp-content\/uploads\/2019\/05\/flandria-630x309.jpg 630w, https:\/\/www.hoymercedes.com.ar\/principal\/wp-content\/uploads\/2019\/05\/flandria.jpg 1256w\" sizes=\"auto, (max-width: 1024px) 100vw, 1024px\" \/><\/figure>\n\n\n\n<p>La campa\u00f1a de Andr\u00e9s Montenegro fue de mayor a menor. A fuerza de triunfos se meti\u00f3 dentro del cuadrangular&nbsp; e ilusion\u00f3 a todos. Pero en las \u00faltimas fechas cay\u00f3 en un pozo: siete partidos sin ganar y tres empates seguidos en los \u00faltimos cinco. Demasiados pocos puntos para so\u00f1ar con pelear uno de los ascensos al Nacional.<\/p>\n\n\n\n<p>Ahora duelen en demas\u00eda aquellas derrotas con el colista Deportivo Espa\u00f1ol o la acaecida en el Carlos V ante UAI Urquiza cuando se impon\u00eda por 2 a 1 y termin\u00f3 cayendo 3 a 2 en la \u00faltima bola de la tarde. Misma historia se repiti\u00f3 ante Colegiales, con un penal en el ep\u00edlogo.&nbsp;<\/p>\n","protected":false},"excerpt":{"rendered":"<p>Luego de caer el domingo ante Almirante Brown en condici\u00f3n de visitante Flandria qued\u00f3 a la espera de resultados para &#8230; <a title=\"Las victorias de All Boys y Colegiales dejaron a Flandria sin chances de Reducido\" class=\"read-more\" href=\"https:\/\/www.hoymercedes.com.ar\/principal\/2019\/05\/15\/las-victorias-de-all-boys-y-colegiales-dejaron-a-flandria-sin-chances-de-reducido\/\" aria-label=\"Leer m\u00e1s sobre Las victorias de All Boys y Colegiales dejaron a Flandria sin chances de Reducido\">Leer m\u00e1s<\/a><\/p>\n","protected":false},"author":1,"featured_media":92979,"comment_status":"closed","ping_status":"open","sticky":false,"template":"","format":"standard","meta":{"_monsterinsights_skip_tracking":false,"_monsterinsights_sitenote_active":false,"_monsterinsights_sitenote_note":"","_monsterinsights_sitenote_category":0,"jetpack_post_was_ever_published":false,"_jetpack_newsletter_access":"","_jetpack_dont_email_post_to_subs":false,"_jetpack_newsletter_tier_id":0,"_jetpack_memberships_contains_paywalled_content":false,"_jetpack_memberships_contains_paid_content":false,"footnotes":"","jetpack_publicize_message":"","jetpack_publicize_feature_enabled":true,"jetpack_social_post_already_shared":true,"jetpack_social_options":{"image_generator_settings":{"template":"highway","default_image_id":0,"font":"","enabled":false},"version":2},"_wpas_customize_per_network":false},"categories":[21],"tags":[14519],"class_list":["post-92978","post","type-post","status-publish","format-standard","has-post-thumbnail","hentry","category-deportes","tag-b-metropolitana","generate-columns","tablet-grid-50","mobile-grid-100","grid-parent","grid-50"],"jetpack_publicize_connections":[],"jetpack_featured_media_url":"https:\/\/www.hoymercedes.com.ar\/principal\/wp-content\/uploads\/2019\/05\/flandria.jpg","wps_subtitle":"B Metropolitana","jetpack_sharing_enabled":true,"_links":{"self":[{"href":"https:\/\/www.hoymercedes.com.ar\/principal\/wp-json\/wp\/v2\/posts\/92978","targetHints":{"allow":["GET"]}}],"collection":[{"href":"https:\/\/www.hoymercedes.com.ar\/principal\/wp-json\/wp\/v2\/posts"}],"about":[{"href":"https:\/\/www.hoymercedes.com.ar\/principal\/wp-json\/wp\/v2\/types\/post"}],"author":[{"embeddable":true,"href":"https:\/\/www.hoymercedes.com.ar\/principal\/wp-json\/wp\/v2\/users\/1"}],"replies":[{"embeddable":true,"href":"https:\/\/www.hoymercedes.com.ar\/principal\/wp-json\/wp\/v2\/comments?post=92978"}],"version-history":[{"count":0,"href":"https:\/\/www.hoymercedes.com.ar\/principal\/wp-json\/wp\/v2\/posts\/92978\/revisions"}],"wp:featuredmedia":[{"embeddable":true,"href":"https:\/\/www.hoymercedes.com.ar\/principal\/wp-json\/wp\/v2\/media\/92979"}],"wp:attachment":[{"href":"https:\/\/www.hoymercedes.com.ar\/principal\/wp-json\/wp\/v2\/media?parent=92978"}],"wp:term":[{"taxonomy":"category","embeddable":true,"href":"https:\/\/www.hoymercedes.com.ar\/principal\/wp-json\/wp\/v2\/categories?post=92978"},{"taxonomy":"post_tag","embeddable":true,"href":"https:\/\/www.hoymercedes.com.ar\/principal\/wp-json\/wp\/v2\/tags?post=92978"}],"curies":[{"name":"wp","href":"https:\/\/api.w.org\/{rel}","templated":true}]}}