{"id":92986,"date":"2019-05-16T11:31:11","date_gmt":"2019-05-16T14:31:11","guid":{"rendered":"http:\/\/www.hoymercedes.com.ar\/principal\/?p=92986"},"modified":"2019-05-15T22:40:41","modified_gmt":"2019-05-16T01:40:41","slug":"mercedes-rugby-club-vencio-a-argentino-y-sube-en-la-segunda-de-la-urba","status":"publish","type":"post","link":"https:\/\/www.hoymercedes.com.ar\/principal\/2019\/05\/16\/mercedes-rugby-club-vencio-a-argentino-y-sube-en-la-segunda-de-la-urba\/","title":{"rendered":"Mercedes Rugby Club venci\u00f3 a Argentino y sube en la Segunda de la URBA"},"content":{"rendered":"\n<p>El Mercedes Rugby Club sigue escalando posiciones en la tabla de la Segunda Divisi\u00f3n de la URBA tras vencer por 29 a 12 a Argentino, siendo el tercer partido al hilo que consigue sumar, lo que lo hizo llegar a la sexta posici\u00f3n.<\/p>\n\n\n\n<p>El encuentro se disput\u00f3 en el Parque Independencia. MRC ven\u00eda de triunfar ante Virreyes y Varela y en un encuentro parejo, consigui\u00f3 sumar de nuevo ante Argentino gracias a su poder\u00edo defensivo. Con cuatro tries producto de un buen contraataque se termin\u00f3 quedando con la victoria.<\/p>\n\n\n\n<p>Por su parte, la Intermedia perdi\u00f3 por 24 a 19 en un encuentro tambi\u00e9n muy parejo que se defini\u00f3 en la \u00faltima jugada. <\/p>\n\n\n\n<p><strong>Resultados  <\/strong><\/p>\n\n\n\n<p>G.E. de Ituzaingo 33 \u2013 23 Varela Junior<\/p>\n\n\n\n<p>Mercedes Rugby 29 \u2013 12 C. Arg. de Rugby<\/p>\n\n\n\n<p>El Retiro 33 \u2013 21 La Salle<\/p>\n\n\n\n<p>Las Ca\u00f1as 59 \u2013 13 San Miguel RHC<\/p>\n\n\n\n<p>Del Sur Rugby 29 \u2013 33 T. Fed. San Pedro<\/p>\n\n\n\n<p>Ciud. de Campana 27 \u2013 13 Los Cedros<\/p>\n\n\n\n<p>Chascomus 23 \u2013 27 Virreyes<\/p>\n\n\n\n<p><strong>Pr\u00f3xima Fecha<\/strong><\/p>\n\n\n\n<p>Los Cedros vs. Del Sur Rugby<\/p>\n\n\n\n<p>T. Fed. San Pedro vs. Las Ca\u00f1as<\/p>\n\n\n\n<p>San Miguel RHC vs. El Retiro<\/p>\n\n\n\n<p>La Salle vs. Mercedes Rugby<\/p>\n\n\n\n<p>C. Arg. de Rugby vs. G.E. de Ituzaingo<\/p>\n\n\n\n<p>Varela Junior&nbsp; vs. Virreyes<\/p>\n\n\n\n<p>Ciud. de Campana vs. Chascomus<\/p>\n\n\n\n<div class=\"wp-block-image\"><figure class=\"aligncenter\"><img loading=\"lazy\" decoding=\"async\" width=\"489\" height=\"463\" data-attachment-id=\"92987\" data-permalink=\"https:\/\/www.hoymercedes.com.ar\/principal\/2019\/05\/16\/mercedes-rugby-club-vencio-a-argentino-y-sube-en-la-segunda-de-la-urba\/captura-de-pantalla-2019-05-14-20-51-06\/#main\" data-orig-file=\"https:\/\/www.hoymercedes.com.ar\/principal\/wp-content\/uploads\/2019\/05\/Captura-de-pantalla-2019-05-14-20.51.06.png\" data-orig-size=\"489,463\" data-comments-opened=\"0\" data-image-meta=\"{&quot;aperture&quot;:&quot;0&quot;,&quot;credit&quot;:&quot;&quot;,&quot;camera&quot;:&quot;&quot;,&quot;caption&quot;:&quot;&quot;,&quot;created_timestamp&quot;:&quot;0&quot;,&quot;copyright&quot;:&quot;&quot;,&quot;focal_length&quot;:&quot;0&quot;,&quot;iso&quot;:&quot;0&quot;,&quot;shutter_speed&quot;:&quot;0&quot;,&quot;title&quot;:&quot;&quot;,&quot;orientation&quot;:&quot;0&quot;}\" data-image-title=\"Captura-de-pantalla-2019-05-14-20.51.06\" data-image-description=\"\" data-image-caption=\"\" data-large-file=\"https:\/\/www.hoymercedes.com.ar\/principal\/wp-content\/uploads\/2019\/05\/Captura-de-pantalla-2019-05-14-20.51.06.png\" src=\"https:\/\/www.hoymercedes.com.ar\/principal\/wp-content\/uploads\/2019\/05\/Captura-de-pantalla-2019-05-14-20.51.06.png\" alt=\"\" class=\"wp-image-92987\" srcset=\"https:\/\/www.hoymercedes.com.ar\/principal\/wp-content\/uploads\/2019\/05\/Captura-de-pantalla-2019-05-14-20.51.06.png 489w, https:\/\/www.hoymercedes.com.ar\/principal\/wp-content\/uploads\/2019\/05\/Captura-de-pantalla-2019-05-14-20.51.06-150x142.png 150w\" sizes=\"auto, (max-width: 489px) 100vw, 489px\" \/><\/figure><\/div>\n","protected":false},"excerpt":{"rendered":"<p>El Mercedes Rugby Club sigue escalando posiciones en la tabla de la Segunda Divisi\u00f3n de la URBA tras vencer por &#8230; <a title=\"Mercedes Rugby Club venci\u00f3 a Argentino y sube en la Segunda de la URBA\" class=\"read-more\" href=\"https:\/\/www.hoymercedes.com.ar\/principal\/2019\/05\/16\/mercedes-rugby-club-vencio-a-argentino-y-sube-en-la-segunda-de-la-urba\/\" aria-label=\"Leer m\u00e1s sobre Mercedes Rugby Club venci\u00f3 a Argentino y sube en la Segunda de la URBA\">Leer m\u00e1s<\/a><\/p>\n","protected":false},"author":1,"featured_media":92987,"comment_status":"closed","ping_status":"open","sticky":false,"template":"","format":"standard","meta":{"_monsterinsights_skip_tracking":false,"_monsterinsights_sitenote_active":false,"_monsterinsights_sitenote_note":"","_monsterinsights_sitenote_category":0,"jetpack_post_was_ever_published":false,"_jetpack_newsletter_access":"","_jetpack_dont_email_post_to_subs":false,"_jetpack_newsletter_tier_id":0,"_jetpack_memberships_contains_paywalled_content":false,"_jetpack_memberships_contains_paid_content":false,"footnotes":"","jetpack_publicize_message":"","jetpack_publicize_feature_enabled":true,"jetpack_social_post_already_shared":true,"jetpack_social_options":{"image_generator_settings":{"template":"highway","default_image_id":0,"font":"","enabled":false},"version":2},"_wpas_customize_per_network":false},"categories":[21],"tags":[15080,15079,7169,9600],"class_list":["post-92986","post","type-post","status-publish","format-standard","has-post-thumbnail","hentry","category-deportes","tag-mercedes-rugby-cluv","tag-reportes","tag-rugby","tag-urba","generate-columns","tablet-grid-50","mobile-grid-100","grid-parent","grid-50"],"jetpack_publicize_connections":[],"jetpack_featured_media_url":"https:\/\/www.hoymercedes.com.ar\/principal\/wp-content\/uploads\/2019\/05\/Captura-de-pantalla-2019-05-14-20.51.06.png","wps_subtitle":"Rugby","jetpack_sharing_enabled":true,"_links":{"self":[{"href":"https:\/\/www.hoymercedes.com.ar\/principal\/wp-json\/wp\/v2\/posts\/92986","targetHints":{"allow":["GET"]}}],"collection":[{"href":"https:\/\/www.hoymercedes.com.ar\/principal\/wp-json\/wp\/v2\/posts"}],"about":[{"href":"https:\/\/www.hoymercedes.com.ar\/principal\/wp-json\/wp\/v2\/types\/post"}],"author":[{"embeddable":true,"href":"https:\/\/www.hoymercedes.com.ar\/principal\/wp-json\/wp\/v2\/users\/1"}],"replies":[{"embeddable":true,"href":"https:\/\/www.hoymercedes.com.ar\/principal\/wp-json\/wp\/v2\/comments?post=92986"}],"version-history":[{"count":0,"href":"https:\/\/www.hoymercedes.com.ar\/principal\/wp-json\/wp\/v2\/posts\/92986\/revisions"}],"wp:featuredmedia":[{"embeddable":true,"href":"https:\/\/www.hoymercedes.com.ar\/principal\/wp-json\/wp\/v2\/media\/92987"}],"wp:attachment":[{"href":"https:\/\/www.hoymercedes.com.ar\/principal\/wp-json\/wp\/v2\/media?parent=92986"}],"wp:term":[{"taxonomy":"category","embeddable":true,"href":"https:\/\/www.hoymercedes.com.ar\/principal\/wp-json\/wp\/v2\/categories?post=92986"},{"taxonomy":"post_tag","embeddable":true,"href":"https:\/\/www.hoymercedes.com.ar\/principal\/wp-json\/wp\/v2\/tags?post=92986"}],"curies":[{"name":"wp","href":"https:\/\/api.w.org\/{rel}","templated":true}]}}