{"id":9301,"date":"2011-11-23T13:12:13","date_gmt":"2011-11-23T13:12:13","guid":{"rendered":"http:\/\/www.hoymercedes.com.ar\/principal\/?p=9301"},"modified":"2011-11-23T13:12:13","modified_gmt":"2011-11-23T13:12:13","slug":"inminente-cambio-de-denominacion-en-la-sucursal-local-de-supermercados-disco","status":"publish","type":"post","link":"https:\/\/www.hoymercedes.com.ar\/principal\/2011\/11\/23\/inminente-cambio-de-denominacion-en-la-sucursal-local-de-supermercados-disco\/","title":{"rendered":"Inminente cambio de denominaci\u00f3n en la sucursal local de Supermercados Disco"},"content":{"rendered":"<p>Voceros de la direcci\u00f3n de Planeamiento y Producci\u00f3n de la Municipalidad confirmaron ayer que los responsables de la empresa propietaria en nuestra ciudad de la sucursal de Supermercados Disco comenzaron a presentar los comprobantes necesarios para poder hacer efectivo en cambio de nombre en el local de la avenida 29 y 18 tal como sede hace algunos meses se ven\u00eda diciendo, aunque sin confirmaci\u00f3n plena, a trav\u00e9s de representantes de sectores relacionados con la actividad mercantil en nuestro medio.<\/p>\n<p>Seg\u00fan se nos inform\u00f3, el Grupo de Accionistas que en Mercedes tiene Disco, cuenta con otros locales de ventas en diferentes puntos del pa\u00eds con otros nombres, tales como Jumbo y Vea, nombre este con el cual disponen de varias sucursales en la Ciudad Aut\u00f3noma de Buenos Aires, localidades pertenecientes al Gran Buenos Aires y en La Plata por citar las m\u00e1s cerca de nuestra localidad, donde son habituales las ofertas denominadas \u201cBarata de Carnes\u201d en las que a lo largo de un fin de semana suelen vender cortes populares como ser asado, falda, paleta, carnaza com\u00fan y milanesas a precios muy beneficiosos.<\/p>\n<p>L decisi\u00f3n del cambio de denominaci\u00f3n en la sucursal de nuestra ciudad se debe, siempre de acuerdo a lo informado en el organismo comunal, a una nueva estrategia comercial que los responsables de la empresa propietaria pretende dar en la comercializaci\u00f3n de los productos que expende en nuestro medio muy posiblemente debido a que ya para el primer trimestre del 2012 este funcionando en la Avenida 40 la sucursal de Supermercados La An\u00f3nima que se instalar\u00eda con una forma de comercializar que competir\u00eda de manera directa con lo que es la actual manera que se utiliza en Disco.<\/p>\n<p>Por otra parte tambi\u00e9n se pudo establecer que representantes de la empresa ya han dialogado con el responsable de fabricar hace ya bastante tiempo los recipientes contenedores de residuos instalados a lo largo de la avenida 29 con la idea de reemplazar los existentes por nuevos con la nueva denominaci\u00f3n y los colores que tendr\u00e1 el supermercado de 29 y 18 desde ahora en adelante.<\/p>\n<p>Por ultimo Fernando Zapata, integrante de la Direcci\u00f3n de Planeamiento y Producci\u00f3n sostuvo \u201cquiz\u00e1s la semana venidera cuando ya se encuentre de regreso en nuestra ciudad el Agrimensor Oscar L\u00f3pez (Director de Planeamiento) podr\u00e1 dar m\u00e1s detalles relacionados con los tr\u00e1mites que han comenzado a efectivizarse en nuestra direcci\u00f3n\u201d<\/p>\n","protected":false},"excerpt":{"rendered":"<p>Voceros de la direcci\u00f3n de Planeamiento y Producci\u00f3n de la Municipalidad confirmaron ayer que los responsables de la empresa propietaria &#8230; <a title=\"Inminente cambio de denominaci\u00f3n en la sucursal local de Supermercados Disco\" class=\"read-more\" href=\"https:\/\/www.hoymercedes.com.ar\/principal\/2011\/11\/23\/inminente-cambio-de-denominacion-en-la-sucursal-local-de-supermercados-disco\/\" aria-label=\"Leer m\u00e1s sobre Inminente cambio de denominaci\u00f3n en la sucursal local de Supermercados Disco\">Leer m\u00e1s<\/a><\/p>\n","protected":false},"author":1,"featured_media":0,"comment_status":"open","ping_status":"open","sticky":false,"template":"","format":"standard","meta":{"_monsterinsights_skip_tracking":false,"_monsterinsights_sitenote_active":false,"_monsterinsights_sitenote_note":"","_monsterinsights_sitenote_category":0,"jetpack_post_was_ever_published":false,"_jetpack_newsletter_access":"","_jetpack_dont_email_post_to_subs":false,"_jetpack_newsletter_tier_id":0,"_jetpack_memberships_contains_paywalled_content":false,"_jetpack_memberships_contains_paid_content":false,"footnotes":"","jetpack_publicize_message":"","jetpack_publicize_feature_enabled":true,"jetpack_social_post_already_shared":false,"jetpack_social_options":{"image_generator_settings":{"template":"highway","default_image_id":0,"font":"","enabled":false},"version":2},"_wpas_customize_per_network":false},"categories":[8],"tags":[1614],"class_list":["post-9301","post","type-post","status-publish","format-standard","hentry","category-sociedad","tag-supermercado-disco","generate-columns","tablet-grid-50","mobile-grid-100","grid-parent","grid-50"],"jetpack_publicize_connections":[],"jetpack_featured_media_url":"","wps_subtitle":"","jetpack_sharing_enabled":true,"_links":{"self":[{"href":"https:\/\/www.hoymercedes.com.ar\/principal\/wp-json\/wp\/v2\/posts\/9301","targetHints":{"allow":["GET"]}}],"collection":[{"href":"https:\/\/www.hoymercedes.com.ar\/principal\/wp-json\/wp\/v2\/posts"}],"about":[{"href":"https:\/\/www.hoymercedes.com.ar\/principal\/wp-json\/wp\/v2\/types\/post"}],"author":[{"embeddable":true,"href":"https:\/\/www.hoymercedes.com.ar\/principal\/wp-json\/wp\/v2\/users\/1"}],"replies":[{"embeddable":true,"href":"https:\/\/www.hoymercedes.com.ar\/principal\/wp-json\/wp\/v2\/comments?post=9301"}],"version-history":[{"count":0,"href":"https:\/\/www.hoymercedes.com.ar\/principal\/wp-json\/wp\/v2\/posts\/9301\/revisions"}],"wp:attachment":[{"href":"https:\/\/www.hoymercedes.com.ar\/principal\/wp-json\/wp\/v2\/media?parent=9301"}],"wp:term":[{"taxonomy":"category","embeddable":true,"href":"https:\/\/www.hoymercedes.com.ar\/principal\/wp-json\/wp\/v2\/categories?post=9301"},{"taxonomy":"post_tag","embeddable":true,"href":"https:\/\/www.hoymercedes.com.ar\/principal\/wp-json\/wp\/v2\/tags?post=9301"}],"curies":[{"name":"wp","href":"https:\/\/api.w.org\/{rel}","templated":true}]}}