{"id":93015,"date":"2019-05-15T20:42:30","date_gmt":"2019-05-15T23:42:30","guid":{"rendered":"http:\/\/www.hoymercedes.com.ar\/principal\/?p=93015"},"modified":"2019-05-15T18:25:36","modified_gmt":"2019-05-15T21:25:36","slug":"sabado-de-arte-concurso-de-manchas-en-la-trocha","status":"publish","type":"post","link":"https:\/\/www.hoymercedes.com.ar\/principal\/2019\/05\/15\/sabado-de-arte-concurso-de-manchas-en-la-trocha\/","title":{"rendered":"S\u00e1bado de arte: Concurso de manchas en La Trocha"},"content":{"rendered":"\n<p>Organizado por la Asociaci\u00f3n Amigos del Museo de Arte, el MAMM  y el \u00e1rea de Cultura de la Municipalidad de Mercedes, este s\u00e1bado 18 de mayo, a la ma\u00f1ana, se realizar\u00e1 el 1\u00ba Concurso de Manchas. Desde las 10 de la ma\u00f1ana y hasta las dos de la tarde, los mayores de 18 a\u00f1os podr\u00e1n participar en el certamen que propone producir una obra pict\u00f3rica en el marco de la jornada a realizarse en el Centro Cultural La Trocha. <\/p>\n\n\n\n<p>La propuesta cultural es abierta a la comunidad, mayores de 18 a\u00f1os, ya sean profesionales, amateurs o estudiantes. Deber\u00e1n llevar sus materiales, que sean de secado r\u00e1pido, y un soporte r\u00edgido de 50&#215;40, 50&#215;60 o 50&#215;70 que se sellar\u00e1 y firmar\u00e1 en el momento de la inscripci\u00f3n, al completar sus datos personales en una planilla que se entregar\u00e1 junto con el trabajo realizado.<\/p>\n\n\n\n<p>De acuerdo a las bases del certamen, se admitir\u00e1 una obra original por autor, producida en la jornada prevista para el s\u00e1bado 18 de mayo de 2019 en el entorno del Centro Cultural La Trocha, con t\u00e9cnica libre. Las obras estar\u00e1n identificadas al dorso con los siguientes datos: T\u00edtulo de la obra, t\u00e9cnica, dimensiones, domicilio, nacionalidad, nombre y apellido del autor, DNI, tel\u00e9fono, correo electr\u00f3nico.<\/p>\n\n\n\n<p>Los participantes tendr\u00e1n 4 horas para realizar su trabajo con t\u00e9cnica libre, y una t\u00e9matica que refiera al paisaje circundante.<\/p>\n\n\n\n<p>El jurado estar\u00e1 compuesto por los artistas Natalia Ochoa y Pablo Russo. Ser\u00e1n ellos los responsables de elegir los ganadores de la jornada que tendr\u00e1n la posibilidad de ganar un primer premio de una orden de compra por $2000 y un segundo premio que consiste en una beca por 1 mes en el  Taller de Arte de Marcela Cueto.<\/p>\n\n\n\n<p>Las obras seleccionadas formar\u00e1n parte de una muestra a desarrollarse en el MAMM con fecha a confirmar.<\/p>\n\n\n\n<p><\/p>\n","protected":false},"excerpt":{"rendered":"<p>Organizado por la Asociaci\u00f3n Amigos del Museo de Arte, el MAMM y el \u00e1rea de Cultura de la Municipalidad de &#8230; <a title=\"S\u00e1bado de arte: Concurso de manchas en La Trocha\" class=\"read-more\" href=\"https:\/\/www.hoymercedes.com.ar\/principal\/2019\/05\/15\/sabado-de-arte-concurso-de-manchas-en-la-trocha\/\" aria-label=\"Leer m\u00e1s sobre S\u00e1bado de arte: Concurso de manchas en La Trocha\">Leer m\u00e1s<\/a><\/p>\n","protected":false},"author":1,"featured_media":93016,"comment_status":"closed","ping_status":"open","sticky":false,"template":"","format":"standard","meta":{"_monsterinsights_skip_tracking":false,"_monsterinsights_sitenote_active":false,"_monsterinsights_sitenote_note":"","_monsterinsights_sitenote_category":0,"jetpack_post_was_ever_published":false,"_jetpack_newsletter_access":"","_jetpack_dont_email_post_to_subs":false,"_jetpack_newsletter_tier_id":0,"_jetpack_memberships_contains_paywalled_content":false,"_jetpack_memberships_contains_paid_content":false,"footnotes":"","jetpack_publicize_message":"","jetpack_publicize_feature_enabled":true,"jetpack_social_post_already_shared":true,"jetpack_social_options":{"image_generator_settings":{"template":"highway","default_image_id":0,"font":"","enabled":false},"version":2},"_wpas_customize_per_network":false},"categories":[104],"tags":[10681,13737,7805,3959,8674],"class_list":["post-93015","post","type-post","status-publish","format-standard","has-post-thumbnail","hentry","category-cultura","tag-asociacion-de-amigos-del-museo-de-arte","tag-concurso-de-manchas","tag-cultura","tag-la-trocha","tag-mamm","generate-columns","tablet-grid-50","mobile-grid-100","grid-parent","grid-50"],"jetpack_publicize_connections":[],"jetpack_featured_media_url":"https:\/\/www.hoymercedes.com.ar\/principal\/wp-content\/uploads\/2019\/05\/15-concurso-manchas.jpg","wps_subtitle":"","jetpack_sharing_enabled":true,"_links":{"self":[{"href":"https:\/\/www.hoymercedes.com.ar\/principal\/wp-json\/wp\/v2\/posts\/93015","targetHints":{"allow":["GET"]}}],"collection":[{"href":"https:\/\/www.hoymercedes.com.ar\/principal\/wp-json\/wp\/v2\/posts"}],"about":[{"href":"https:\/\/www.hoymercedes.com.ar\/principal\/wp-json\/wp\/v2\/types\/post"}],"author":[{"embeddable":true,"href":"https:\/\/www.hoymercedes.com.ar\/principal\/wp-json\/wp\/v2\/users\/1"}],"replies":[{"embeddable":true,"href":"https:\/\/www.hoymercedes.com.ar\/principal\/wp-json\/wp\/v2\/comments?post=93015"}],"version-history":[{"count":0,"href":"https:\/\/www.hoymercedes.com.ar\/principal\/wp-json\/wp\/v2\/posts\/93015\/revisions"}],"wp:featuredmedia":[{"embeddable":true,"href":"https:\/\/www.hoymercedes.com.ar\/principal\/wp-json\/wp\/v2\/media\/93016"}],"wp:attachment":[{"href":"https:\/\/www.hoymercedes.com.ar\/principal\/wp-json\/wp\/v2\/media?parent=93015"}],"wp:term":[{"taxonomy":"category","embeddable":true,"href":"https:\/\/www.hoymercedes.com.ar\/principal\/wp-json\/wp\/v2\/categories?post=93015"},{"taxonomy":"post_tag","embeddable":true,"href":"https:\/\/www.hoymercedes.com.ar\/principal\/wp-json\/wp\/v2\/tags?post=93015"}],"curies":[{"name":"wp","href":"https:\/\/api.w.org\/{rel}","templated":true}]}}