{"id":93080,"date":"2019-05-16T06:47:48","date_gmt":"2019-05-16T09:47:48","guid":{"rendered":"http:\/\/www.hoymercedes.com.ar\/principal\/?p=93080"},"modified":"2019-05-15T23:55:07","modified_gmt":"2019-05-16T02:55:07","slug":"municipio-ratifico-el-convenio-con-el-ceamse","status":"publish","type":"post","link":"https:\/\/www.hoymercedes.com.ar\/principal\/2019\/05\/16\/municipio-ratifico-el-convenio-con-el-ceamse\/","title":{"rendered":"Municipio ratific\u00f3 el convenio con el CEAMSE"},"content":{"rendered":"\n<p>Se llev\u00f3 a cabo una reuni\u00f3n con el CEAMSE donde el intendente Juan Ignacio Ustarroz firm\u00f3 la continuidad del trabajo que con la entidad se viene efectuando. Se busca seguir trabajando por una ciudad ambientalmente sustentable.<\/p>\n\n\n\n<figure class=\"wp-block-image\"><img loading=\"lazy\" decoding=\"async\" width=\"750\" height=\"403\" data-attachment-id=\"93082\" data-permalink=\"https:\/\/www.hoymercedes.com.ar\/principal\/2019\/05\/16\/municipio-ratifico-el-convenio-con-el-ceamse\/16-ceamse_ustarroz\/#main\" data-orig-file=\"https:\/\/www.hoymercedes.com.ar\/principal\/wp-content\/uploads\/2019\/05\/16-CEAMSE_Ustarroz.jpg\" data-orig-size=\"750,403\" data-comments-opened=\"0\" data-image-meta=\"{&quot;aperture&quot;:&quot;0&quot;,&quot;credit&quot;:&quot;&quot;,&quot;camera&quot;:&quot;&quot;,&quot;caption&quot;:&quot;&quot;,&quot;created_timestamp&quot;:&quot;0&quot;,&quot;copyright&quot;:&quot;&quot;,&quot;focal_length&quot;:&quot;0&quot;,&quot;iso&quot;:&quot;0&quot;,&quot;shutter_speed&quot;:&quot;0&quot;,&quot;title&quot;:&quot;&quot;,&quot;orientation&quot;:&quot;0&quot;}\" data-image-title=\"16 CEAMSE_Ustarroz\" data-image-description=\"\" data-image-caption=\"\" data-large-file=\"https:\/\/www.hoymercedes.com.ar\/principal\/wp-content\/uploads\/2019\/05\/16-CEAMSE_Ustarroz.jpg\" src=\"https:\/\/www.hoymercedes.com.ar\/principal\/wp-content\/uploads\/2019\/05\/16-CEAMSE_Ustarroz.jpg\" alt=\"\" class=\"wp-image-93082\" srcset=\"https:\/\/www.hoymercedes.com.ar\/principal\/wp-content\/uploads\/2019\/05\/16-CEAMSE_Ustarroz.jpg 750w, https:\/\/www.hoymercedes.com.ar\/principal\/wp-content\/uploads\/2019\/05\/16-CEAMSE_Ustarroz-150x81.jpg 150w, https:\/\/www.hoymercedes.com.ar\/principal\/wp-content\/uploads\/2019\/05\/16-CEAMSE_Ustarroz-630x339.jpg 630w\" sizes=\"auto, (max-width: 750px) 100vw, 750px\" \/><\/figure>\n\n\n\n<p>\u201cFirmamos y ratificamos un convenio donde trabajamos articuladamente con la gente del CEAMSE en el saneamiento del basural de La Florida y la idea es continuar y profundizar el trabajo respecto a una ciudad sustentable desde el punto de vista ambiental as\u00ed que es siempre es un muy buen acompa\u00f1amiento del CEAMSE porque tienen un saber hacer muy importante\u201d dijo el jefe comunal.<\/p>\n\n\n\n<p>M\u00e1s adelante coment\u00f3 que \u201creafirmamos el compromiso de seguir trabajando y adem\u00e1s trabajamos entorno al potencial que tiene el vivero biotecnol\u00f3gico con el desarrollo de la planta vetiver, adem\u00e1s de estar muy entusiasmados con las propuestas del municipio para poder seguir gestionando en pos un ambiente sustentable\u201d afirm\u00f3.<\/p>\n\n\n\n<p><strong>Jornada<\/strong><\/p>\n\n\n\n<p>\u201cEl s\u00e1bado por la ma\u00f1ana se llevar\u00e1 a cabo una jornada muy importante en el Parque Municipal Independencia donde se plantar\u00e1n estas producciones del vivero, en su sector laboratorio, con la veviter, que es una planta que ayuda y aporta al saneamiento del agua y la tierra y tambi\u00e9n pronto estaremos colocando en el ex basural de La Florida, donde se sigue trabajando cuidando y recuperando ese espacio\u201d cont\u00f3 el jefe comunal y destac\u00f3 que \u201cser\u00e1 una jornada vinculada al medio ambiente\u201d<\/p>\n\n\n\n<p>\u201cEstamos muy entusiasmado por la recepci\u00f3n de las propuestas municipales\u201d reiter\u00f3 y dijo que \u201cla basura, su tratamiento, tambi\u00e9n tiene su impacto en lo econ\u00f3mico, cuando iniciamos el convenio con el CEAMSE pag\u00e1bamos $200 la tonelada, ahora estamos en $700\u201d y coment\u00f3 que \u201cen barrio San Jorge iniciamos un proyecto piloto de separaci\u00f3n en origen que est\u00e1 dando muy buen resultado y veremos de extenderlo sabiendo que tiene un potencial enorme, porque no es sustentable llevar todos los residuos al CEAMSE\u201d cont\u00f3 y destac\u00f3 que \u201chemos firmado convenios con escuelas e instituciones, buscando justamente educarnos en una ciudad sustentable, en c\u00f3mo cuidar m\u00e1s y mejor<\/p>\n\n\n\n<p><strong>CEAMSE<\/strong><\/p>\n\n\n\n<p>Adem\u00e1s, en el encuentro, estuvo presente el Presidente de CEAMSE, Arq. Eduardo Ricciuti e intendentes del \u00e1rea metropolitana donde se \u201creafirm\u00f3 el compromiso de seguir trabando en forma conjunta con todos los sectores para brindar a los habitantes del \u00c1rea Metropolitana una soluci\u00f3n socioambiental sustentable a los residuos s\u00f3lidos urbanos\u201d expresaron desde el CEAMSE.<\/p>\n\n\n\n<p>Fuente: Prensa Municipal<\/p>\n","protected":false},"excerpt":{"rendered":"<p>Se llev\u00f3 a cabo una reuni\u00f3n con el CEAMSE donde el intendente Juan Ignacio Ustarroz firm\u00f3 la continuidad del trabajo &#8230; <a title=\"Municipio ratific\u00f3 el convenio con el CEAMSE\" class=\"read-more\" href=\"https:\/\/www.hoymercedes.com.ar\/principal\/2019\/05\/16\/municipio-ratifico-el-convenio-con-el-ceamse\/\" aria-label=\"Leer m\u00e1s sobre Municipio ratific\u00f3 el convenio con el CEAMSE\">Leer m\u00e1s<\/a><\/p>\n","protected":false},"author":1,"featured_media":93082,"comment_status":"closed","ping_status":"open","sticky":false,"template":"","format":"standard","meta":{"_monsterinsights_skip_tracking":false,"_monsterinsights_sitenote_active":false,"_monsterinsights_sitenote_note":"","_monsterinsights_sitenote_category":0,"jetpack_post_was_ever_published":false,"_jetpack_newsletter_access":"","_jetpack_dont_email_post_to_subs":false,"_jetpack_newsletter_tier_id":0,"_jetpack_memberships_contains_paywalled_content":false,"_jetpack_memberships_contains_paid_content":false,"footnotes":"","jetpack_publicize_message":"","jetpack_publicize_feature_enabled":true,"jetpack_social_post_already_shared":true,"jetpack_social_options":{"image_generator_settings":{"template":"highway","default_image_id":0,"font":"","enabled":false},"version":2},"_wpas_customize_per_network":false},"categories":[30],"tags":[1055,9504,244,15086],"class_list":["post-93080","post","type-post","status-publish","format-standard","has-post-thumbnail","hentry","category-municipio","tag-ceamse","tag-convenio","tag-municipio-2","tag-reunion-de-intendentes","generate-columns","tablet-grid-50","mobile-grid-100","grid-parent","grid-50"],"jetpack_publicize_connections":[],"jetpack_featured_media_url":"https:\/\/www.hoymercedes.com.ar\/principal\/wp-content\/uploads\/2019\/05\/16-CEAMSE_Ustarroz.jpg","wps_subtitle":"Reuni\u00f3n junto a intendentes de la regi\u00f3n","jetpack_sharing_enabled":true,"_links":{"self":[{"href":"https:\/\/www.hoymercedes.com.ar\/principal\/wp-json\/wp\/v2\/posts\/93080","targetHints":{"allow":["GET"]}}],"collection":[{"href":"https:\/\/www.hoymercedes.com.ar\/principal\/wp-json\/wp\/v2\/posts"}],"about":[{"href":"https:\/\/www.hoymercedes.com.ar\/principal\/wp-json\/wp\/v2\/types\/post"}],"author":[{"embeddable":true,"href":"https:\/\/www.hoymercedes.com.ar\/principal\/wp-json\/wp\/v2\/users\/1"}],"replies":[{"embeddable":true,"href":"https:\/\/www.hoymercedes.com.ar\/principal\/wp-json\/wp\/v2\/comments?post=93080"}],"version-history":[{"count":0,"href":"https:\/\/www.hoymercedes.com.ar\/principal\/wp-json\/wp\/v2\/posts\/93080\/revisions"}],"wp:featuredmedia":[{"embeddable":true,"href":"https:\/\/www.hoymercedes.com.ar\/principal\/wp-json\/wp\/v2\/media\/93082"}],"wp:attachment":[{"href":"https:\/\/www.hoymercedes.com.ar\/principal\/wp-json\/wp\/v2\/media?parent=93080"}],"wp:term":[{"taxonomy":"category","embeddable":true,"href":"https:\/\/www.hoymercedes.com.ar\/principal\/wp-json\/wp\/v2\/categories?post=93080"},{"taxonomy":"post_tag","embeddable":true,"href":"https:\/\/www.hoymercedes.com.ar\/principal\/wp-json\/wp\/v2\/tags?post=93080"}],"curies":[{"name":"wp","href":"https:\/\/api.w.org\/{rel}","templated":true}]}}