{"id":93085,"date":"2019-05-16T13:00:42","date_gmt":"2019-05-16T16:00:42","guid":{"rendered":"http:\/\/www.hoymercedes.com.ar\/principal\/?p=93085"},"modified":"2019-05-15T23:33:52","modified_gmt":"2019-05-16T02:33:52","slug":"taller-de-escarapelas-para-regalar-el-25-de-mayo","status":"publish","type":"post","link":"https:\/\/www.hoymercedes.com.ar\/principal\/2019\/05\/16\/taller-de-escarapelas-para-regalar-el-25-de-mayo\/","title":{"rendered":"Taller de escarapelas para regalar el 25 de mayo"},"content":{"rendered":"\n<p>Desde la direcci\u00f3n de Adultos Mayores avanzan en el taller que confecciona escarapelas para repartir entre el pr\u00f3ximo 25 de Mayo en el marco del desfile que se llevar\u00e1 a cabo sobre la avenida 29 e inmediaciones a la plaza San Mart\u00edn.<\/p>\n\n\n\n<figure class=\"wp-block-image\"><img loading=\"lazy\" decoding=\"async\" width=\"750\" height=\"500\" data-attachment-id=\"93086\" data-permalink=\"https:\/\/www.hoymercedes.com.ar\/principal\/2019\/05\/16\/taller-de-escarapelas-para-regalar-el-25-de-mayo\/16-taller-escarapelas\/#main\" data-orig-file=\"https:\/\/www.hoymercedes.com.ar\/principal\/wp-content\/uploads\/2019\/05\/16-taller.escarapelas.jpeg\" data-orig-size=\"750,500\" data-comments-opened=\"0\" data-image-meta=\"{&quot;aperture&quot;:&quot;0&quot;,&quot;credit&quot;:&quot;&quot;,&quot;camera&quot;:&quot;&quot;,&quot;caption&quot;:&quot;&quot;,&quot;created_timestamp&quot;:&quot;0&quot;,&quot;copyright&quot;:&quot;&quot;,&quot;focal_length&quot;:&quot;0&quot;,&quot;iso&quot;:&quot;0&quot;,&quot;shutter_speed&quot;:&quot;0&quot;,&quot;title&quot;:&quot;&quot;,&quot;orientation&quot;:&quot;0&quot;}\" data-image-title=\"16 taller.escarapelas\" data-image-description=\"\" data-image-caption=\"\" data-large-file=\"https:\/\/www.hoymercedes.com.ar\/principal\/wp-content\/uploads\/2019\/05\/16-taller.escarapelas.jpeg\" src=\"https:\/\/www.hoymercedes.com.ar\/principal\/wp-content\/uploads\/2019\/05\/16-taller.escarapelas.jpeg\" alt=\"\" class=\"wp-image-93086\" srcset=\"https:\/\/www.hoymercedes.com.ar\/principal\/wp-content\/uploads\/2019\/05\/16-taller.escarapelas.jpeg 750w, https:\/\/www.hoymercedes.com.ar\/principal\/wp-content\/uploads\/2019\/05\/16-taller.escarapelas-150x100.jpeg 150w, https:\/\/www.hoymercedes.com.ar\/principal\/wp-content\/uploads\/2019\/05\/16-taller.escarapelas-630x420.jpeg 630w, https:\/\/www.hoymercedes.com.ar\/principal\/wp-content\/uploads\/2019\/05\/16-taller.escarapelas-720x480.jpeg 720w, https:\/\/www.hoymercedes.com.ar\/principal\/wp-content\/uploads\/2019\/05\/16-taller.escarapelas-360x240.jpeg 360w\" sizes=\"auto, (max-width: 750px) 100vw, 750px\" \/><\/figure>\n\n\n\n<p>Los Adultos Mayores vienen reuni\u00e9ndose los d\u00edas mi\u00e9rcoles de mayo para llegar a tiempo al s\u00e1bado 25 donde entregar\u00e1n las escarapelas a los mercedinos que se den cita en los acto conmemorativos por un nuevo aniversario de la Revoluci\u00f3n de Mayo. <\/p>\n\n\n\n<p>\u201cDurante los encuentros se fueron realizando diversas escarapelas intercambiando materiales y texturas, cada integrante aporta sus ideas y comparte sus saberes\u201d cont\u00f3 Victoria Odell.<\/p>\n\n\n\n<p>\u00ab\u00c9stas ser\u00e1n entregadas por los adultos mayores el pr\u00f3ximo 25 en el marco de las fiestas patrias en la plaza San Mart\u00edn, junto al riqu\u00edsimo chocolate a partir de la hora 14 entregaremos en la esquina de calle 29 y 24\u201d adelant\u00f3 la responsable del \u00e1rea de Adultos Mayores. <\/p>\n\n\n\n<p>El pr\u00f3ximo mi\u00e9rcoles 22 ser\u00e1 el \u00faltimo d\u00eda que se junten a trabajar con las escarapelas. Es as\u00ed que extienden la invitaci\u00f3n a quienes est\u00e9n intersados en participar y colabora. Se reunir\u00e1n desde las 10 de la ma\u00f1ana en las oficinas de la Direcci\u00f3n de Adultos Mayores en el Hogar Villa Abrille. <\/p>\n","protected":false},"excerpt":{"rendered":"<p>Desde la direcci\u00f3n de Adultos Mayores avanzan en el taller que confecciona escarapelas para repartir entre el pr\u00f3ximo 25 de &#8230; <a title=\"Taller de escarapelas para regalar el 25 de mayo\" class=\"read-more\" href=\"https:\/\/www.hoymercedes.com.ar\/principal\/2019\/05\/16\/taller-de-escarapelas-para-regalar-el-25-de-mayo\/\" aria-label=\"Leer m\u00e1s sobre Taller de escarapelas para regalar el 25 de mayo\">Leer m\u00e1s<\/a><\/p>\n","protected":false},"author":1,"featured_media":93086,"comment_status":"closed","ping_status":"open","sticky":false,"template":"","format":"standard","meta":{"_monsterinsights_skip_tracking":false,"_monsterinsights_sitenote_active":false,"_monsterinsights_sitenote_note":"","_monsterinsights_sitenote_category":0,"jetpack_post_was_ever_published":false,"_jetpack_newsletter_access":"","_jetpack_dont_email_post_to_subs":false,"_jetpack_newsletter_tier_id":0,"_jetpack_memberships_contains_paywalled_content":false,"_jetpack_memberships_contains_paid_content":false,"footnotes":"","jetpack_publicize_message":"","jetpack_publicize_feature_enabled":true,"jetpack_social_post_already_shared":true,"jetpack_social_options":{"image_generator_settings":{"template":"highway","default_image_id":0,"font":"","enabled":false},"version":2},"_wpas_customize_per_network":false},"categories":[30],"tags":[8752,15085,15084,244],"class_list":["post-93085","post","type-post","status-publish","format-standard","has-post-thumbnail","hentry","category-municipio","tag-adultos-mayores","tag-desfile-de-25-de-mayo","tag-escarapelas","tag-municipio-2","generate-columns","tablet-grid-50","mobile-grid-100","grid-parent","grid-50"],"jetpack_publicize_connections":[],"jetpack_featured_media_url":"https:\/\/www.hoymercedes.com.ar\/principal\/wp-content\/uploads\/2019\/05\/16-taller.escarapelas.jpeg","wps_subtitle":"Los mi\u00e9rcoles se reunen","jetpack_sharing_enabled":true,"_links":{"self":[{"href":"https:\/\/www.hoymercedes.com.ar\/principal\/wp-json\/wp\/v2\/posts\/93085","targetHints":{"allow":["GET"]}}],"collection":[{"href":"https:\/\/www.hoymercedes.com.ar\/principal\/wp-json\/wp\/v2\/posts"}],"about":[{"href":"https:\/\/www.hoymercedes.com.ar\/principal\/wp-json\/wp\/v2\/types\/post"}],"author":[{"embeddable":true,"href":"https:\/\/www.hoymercedes.com.ar\/principal\/wp-json\/wp\/v2\/users\/1"}],"replies":[{"embeddable":true,"href":"https:\/\/www.hoymercedes.com.ar\/principal\/wp-json\/wp\/v2\/comments?post=93085"}],"version-history":[{"count":0,"href":"https:\/\/www.hoymercedes.com.ar\/principal\/wp-json\/wp\/v2\/posts\/93085\/revisions"}],"wp:featuredmedia":[{"embeddable":true,"href":"https:\/\/www.hoymercedes.com.ar\/principal\/wp-json\/wp\/v2\/media\/93086"}],"wp:attachment":[{"href":"https:\/\/www.hoymercedes.com.ar\/principal\/wp-json\/wp\/v2\/media?parent=93085"}],"wp:term":[{"taxonomy":"category","embeddable":true,"href":"https:\/\/www.hoymercedes.com.ar\/principal\/wp-json\/wp\/v2\/categories?post=93085"},{"taxonomy":"post_tag","embeddable":true,"href":"https:\/\/www.hoymercedes.com.ar\/principal\/wp-json\/wp\/v2\/tags?post=93085"}],"curies":[{"name":"wp","href":"https:\/\/api.w.org\/{rel}","templated":true}]}}