{"id":93089,"date":"2019-05-16T17:34:22","date_gmt":"2019-05-16T20:34:22","guid":{"rendered":"http:\/\/www.hoymercedes.com.ar\/principal\/?p=93089"},"modified":"2019-05-15T23:34:13","modified_gmt":"2019-05-16T02:34:13","slug":"avanzan-trabajos-en-nuevas-plazas-inclusivas","status":"publish","type":"post","link":"https:\/\/www.hoymercedes.com.ar\/principal\/2019\/05\/16\/avanzan-trabajos-en-nuevas-plazas-inclusivas\/","title":{"rendered":"Avanzan trabajos en nuevas plazas inclusivas"},"content":{"rendered":"\n<p>La Municipalidad de Mercedes avanza con trabajos en distintos sectores de la ciudad y en este caso mejorando el espacio p\u00fablico. En estos momentos se est\u00e1 avanzando en barrio Calvillo y barrio Almafuerte. Ser\u00e1n dos nuevas plazas inclusivas que se suman a las otras ocho inauguradas en menos de tres a\u00f1os.<\/p>\n\n\n\n<figure class=\"wp-block-image\"><img loading=\"lazy\" decoding=\"async\" width=\"750\" height=\"501\" data-attachment-id=\"93091\" data-permalink=\"https:\/\/www.hoymercedes.com.ar\/principal\/2019\/05\/16\/avanzan-trabajos-en-nuevas-plazas-inclusivas\/16-plazas-muni1\/#main\" data-orig-file=\"https:\/\/www.hoymercedes.com.ar\/principal\/wp-content\/uploads\/2019\/05\/16-plazas-muni1.jpeg\" data-orig-size=\"750,501\" data-comments-opened=\"0\" data-image-meta=\"{&quot;aperture&quot;:&quot;0&quot;,&quot;credit&quot;:&quot;&quot;,&quot;camera&quot;:&quot;&quot;,&quot;caption&quot;:&quot;&quot;,&quot;created_timestamp&quot;:&quot;0&quot;,&quot;copyright&quot;:&quot;&quot;,&quot;focal_length&quot;:&quot;0&quot;,&quot;iso&quot;:&quot;0&quot;,&quot;shutter_speed&quot;:&quot;0&quot;,&quot;title&quot;:&quot;&quot;,&quot;orientation&quot;:&quot;0&quot;}\" data-image-title=\"16 plazas muni1\" data-image-description=\"\" data-image-caption=\"\" data-large-file=\"https:\/\/www.hoymercedes.com.ar\/principal\/wp-content\/uploads\/2019\/05\/16-plazas-muni1.jpeg\" src=\"https:\/\/www.hoymercedes.com.ar\/principal\/wp-content\/uploads\/2019\/05\/16-plazas-muni1.jpeg\" alt=\"\" class=\"wp-image-93091\" srcset=\"https:\/\/www.hoymercedes.com.ar\/principal\/wp-content\/uploads\/2019\/05\/16-plazas-muni1.jpeg 750w, https:\/\/www.hoymercedes.com.ar\/principal\/wp-content\/uploads\/2019\/05\/16-plazas-muni1-150x100.jpeg 150w, https:\/\/www.hoymercedes.com.ar\/principal\/wp-content\/uploads\/2019\/05\/16-plazas-muni1-630x421.jpeg 630w, https:\/\/www.hoymercedes.com.ar\/principal\/wp-content\/uploads\/2019\/05\/16-plazas-muni1-720x480.jpeg 720w, https:\/\/www.hoymercedes.com.ar\/principal\/wp-content\/uploads\/2019\/05\/16-plazas-muni1-360x240.jpeg 360w\" sizes=\"auto, (max-width: 750px) 100vw, 750px\" \/><\/figure>\n\n\n\n<p>\u201cEl trabajo que realizamos en conjunto distintas \u00e1reas de la municipalidad es muy importante\u201d cont\u00f3 Jorgelina Silva, secretaria de desarrollo social, quien se encuentra desde su cartera vinculada a los proyectos porque \u201cestamos muy orgullosos de que trabajadores afines a nuestra \u00e1rea, junto a Servicios P\u00fablicos y Obras trabajen en conjunto pensando en el beneficio de sus vecinos\u201d, cont\u00f3 la funcionaria.<\/p>\n\n\n\n<p>Las plazas que ya fueron inauguradas son Santa Teresita, G\u00fcemes, Gowland, Altamira, Av.30 y 9, Austral, San Justo y Parque Municipal siendo estas dos en obras las que permitir\u00e1n llegar a diez, sin olvidar, como hace unos d\u00edas coment\u00f3 el jefe de gabinete Mat\u00edas Dematei, las que est\u00e1n pronto a finalizarse tambi\u00e9n en San Lu\u00eds y Belgrano.<\/p>\n\n\n\n<p>El \u00e1rea de discapacidad tambi\u00e9n se encuentra conectada a estos proyectos, comprendiendo, desde la gesti\u00f3n del intendente Ustarroz, que \u201cuna ciudad que se construye entre todos, donde se trabaja siempre, genera estas acciones en conjunto, beneficiando a cientos de vecinos\u201d, afirmaron desde la Comuna recordando que adem\u00e1s, buena cantidad de las plazas, son parte de las actividades del \u201cPresupuesto Participativo\u201d que se lleva adelante con la coordinadora Marianela Arenillas.<\/p>\n\n\n\n<p>Fuente: Prensa Municipal<\/p>\n\n\n\n<figure class=\"wp-block-image\"><img loading=\"lazy\" decoding=\"async\" width=\"750\" height=\"500\" data-attachment-id=\"93090\" data-permalink=\"https:\/\/www.hoymercedes.com.ar\/principal\/2019\/05\/16\/avanzan-trabajos-en-nuevas-plazas-inclusivas\/16-plazas-muni\/#main\" data-orig-file=\"https:\/\/www.hoymercedes.com.ar\/principal\/wp-content\/uploads\/2019\/05\/16-plazas-muni.jpeg\" data-orig-size=\"750,500\" data-comments-opened=\"0\" data-image-meta=\"{&quot;aperture&quot;:&quot;0&quot;,&quot;credit&quot;:&quot;&quot;,&quot;camera&quot;:&quot;&quot;,&quot;caption&quot;:&quot;&quot;,&quot;created_timestamp&quot;:&quot;0&quot;,&quot;copyright&quot;:&quot;&quot;,&quot;focal_length&quot;:&quot;0&quot;,&quot;iso&quot;:&quot;0&quot;,&quot;shutter_speed&quot;:&quot;0&quot;,&quot;title&quot;:&quot;&quot;,&quot;orientation&quot;:&quot;0&quot;}\" data-image-title=\"16 plazas muni\" data-image-description=\"\" data-image-caption=\"\" data-large-file=\"https:\/\/www.hoymercedes.com.ar\/principal\/wp-content\/uploads\/2019\/05\/16-plazas-muni.jpeg\" src=\"https:\/\/www.hoymercedes.com.ar\/principal\/wp-content\/uploads\/2019\/05\/16-plazas-muni.jpeg\" alt=\"\" class=\"wp-image-93090\" srcset=\"https:\/\/www.hoymercedes.com.ar\/principal\/wp-content\/uploads\/2019\/05\/16-plazas-muni.jpeg 750w, https:\/\/www.hoymercedes.com.ar\/principal\/wp-content\/uploads\/2019\/05\/16-plazas-muni-150x100.jpeg 150w, https:\/\/www.hoymercedes.com.ar\/principal\/wp-content\/uploads\/2019\/05\/16-plazas-muni-630x420.jpeg 630w, https:\/\/www.hoymercedes.com.ar\/principal\/wp-content\/uploads\/2019\/05\/16-plazas-muni-720x480.jpeg 720w, https:\/\/www.hoymercedes.com.ar\/principal\/wp-content\/uploads\/2019\/05\/16-plazas-muni-360x240.jpeg 360w\" sizes=\"auto, (max-width: 750px) 100vw, 750px\" \/><\/figure>\n","protected":false},"excerpt":{"rendered":"<p>La Municipalidad de Mercedes avanza con trabajos en distintos sectores de la ciudad y en este caso mejorando el espacio &#8230; <a title=\"Avanzan trabajos en nuevas plazas inclusivas\" class=\"read-more\" href=\"https:\/\/www.hoymercedes.com.ar\/principal\/2019\/05\/16\/avanzan-trabajos-en-nuevas-plazas-inclusivas\/\" aria-label=\"Leer m\u00e1s sobre Avanzan trabajos en nuevas plazas inclusivas\">Leer m\u00e1s<\/a><\/p>\n","protected":false},"author":1,"featured_media":93090,"comment_status":"closed","ping_status":"open","sticky":false,"template":"","format":"standard","meta":{"_monsterinsights_skip_tracking":false,"_monsterinsights_sitenote_active":false,"_monsterinsights_sitenote_note":"","_monsterinsights_sitenote_category":0,"jetpack_post_was_ever_published":false,"_jetpack_newsletter_access":"","_jetpack_dont_email_post_to_subs":false,"_jetpack_newsletter_tier_id":0,"_jetpack_memberships_contains_paywalled_content":false,"_jetpack_memberships_contains_paid_content":false,"footnotes":"","jetpack_publicize_message":"","jetpack_publicize_feature_enabled":true,"jetpack_social_post_already_shared":true,"jetpack_social_options":{"image_generator_settings":{"template":"highway","default_image_id":0,"font":"","enabled":false},"version":2},"_wpas_customize_per_network":false},"categories":[30],"tags":[600,244,1014,15083],"class_list":["post-93089","post","type-post","status-publish","format-standard","has-post-thumbnail","hentry","category-municipio","tag-barrios","tag-municipio-2","tag-obras","tag-plazas-inclusivas","generate-columns","tablet-grid-50","mobile-grid-100","grid-parent","grid-50"],"jetpack_publicize_connections":[],"jetpack_featured_media_url":"https:\/\/www.hoymercedes.com.ar\/principal\/wp-content\/uploads\/2019\/05\/16-plazas-muni.jpeg","wps_subtitle":"","jetpack_sharing_enabled":true,"_links":{"self":[{"href":"https:\/\/www.hoymercedes.com.ar\/principal\/wp-json\/wp\/v2\/posts\/93089","targetHints":{"allow":["GET"]}}],"collection":[{"href":"https:\/\/www.hoymercedes.com.ar\/principal\/wp-json\/wp\/v2\/posts"}],"about":[{"href":"https:\/\/www.hoymercedes.com.ar\/principal\/wp-json\/wp\/v2\/types\/post"}],"author":[{"embeddable":true,"href":"https:\/\/www.hoymercedes.com.ar\/principal\/wp-json\/wp\/v2\/users\/1"}],"replies":[{"embeddable":true,"href":"https:\/\/www.hoymercedes.com.ar\/principal\/wp-json\/wp\/v2\/comments?post=93089"}],"version-history":[{"count":0,"href":"https:\/\/www.hoymercedes.com.ar\/principal\/wp-json\/wp\/v2\/posts\/93089\/revisions"}],"wp:featuredmedia":[{"embeddable":true,"href":"https:\/\/www.hoymercedes.com.ar\/principal\/wp-json\/wp\/v2\/media\/93090"}],"wp:attachment":[{"href":"https:\/\/www.hoymercedes.com.ar\/principal\/wp-json\/wp\/v2\/media?parent=93089"}],"wp:term":[{"taxonomy":"category","embeddable":true,"href":"https:\/\/www.hoymercedes.com.ar\/principal\/wp-json\/wp\/v2\/categories?post=93089"},{"taxonomy":"post_tag","embeddable":true,"href":"https:\/\/www.hoymercedes.com.ar\/principal\/wp-json\/wp\/v2\/tags?post=93089"}],"curies":[{"name":"wp","href":"https:\/\/api.w.org\/{rel}","templated":true}]}}