{"id":9309,"date":"2011-11-23T21:09:25","date_gmt":"2011-11-23T21:09:25","guid":{"rendered":"http:\/\/www.hoymercedes.com.ar\/principal\/?p=9309"},"modified":"2011-11-23T21:09:25","modified_gmt":"2011-11-23T21:09:25","slug":"control-urbano-profundiza-las-medidas-de-fiscalizacion-y-control","status":"publish","type":"post","link":"https:\/\/www.hoymercedes.com.ar\/principal\/2011\/11\/23\/control-urbano-profundiza-las-medidas-de-fiscalizacion-y-control\/","title":{"rendered":"Control Urbano profundiza las medidas de fiscalizaci\u00f3n y control"},"content":{"rendered":"<p>La Secretaria de Control Urbano de la Municipalidad de Mercedes anuncio, en conferencia de prensa, que a partir de la semana pr\u00f3xima se realizara un relevamiento en todos los negocios de la ciudad, para constatar que estos tengan todos los papeles en regla, de lo contrario se les otorgar\u00e1 un plazo considerable para que los due\u00f1os de los comercios pongan toda la documentaci\u00f3n al d\u00eda.<\/p>\n<p>El Secretario de Control Urbano Jos\u00e9 Bernardez, acompa\u00f1ado de Daniel Loch, Subsecretario del \u00e1rea dialog\u00f3 con los diferentes medios de la ciudad, en la sede ubicada en el ex Mart\u00edn Rodr\u00edguez, de Av. 2 y 7, para dar a conocer adem\u00e1s que desde este fin de semana se estar\u00e1n realizando controles en la v\u00eda publica y en el Parque Municipal Independencia de las motos que circulan por Mercedes.<\/p>\n<p>Todos aquellos veh\u00edculos que no cumplan con la documentaci\u00f3n requerida para la circulaci\u00f3n, ser\u00e1n secuestrados hasta que los propietarios de los mismos cumplan con todos requisitos, ya sea casco, licencia de conducir, seguro, etc.<\/p>\n<p>Todas las motos que tengan alg\u00fan tipo de reforma hecha, por ejemplo en el ca\u00f1o de escape, y ocasione ruidos molestos tambi\u00e9n ser\u00e1n retenidas.<\/p>\n<p>El operativo no se realizara en forma sorpresiva para que los conductores tengan conocimiento de lo que se va a estar haciendo en Mercedes.<\/p>\n<p>Bernandez pidi\u00f3 a la comunidad que cualquier irregularidad que la gente vea, ya sea en los negocios, o con las motos que circulan por la ciudad, que realicen las denuncias correspondientes al Tel. 147 o en la Secretaria de Control Urbano. Sin la colaboraci\u00f3n de la gente es muy dif\u00edcil poder controlarlos, teniendo en cuenta que hay aproximadamente 16.000 motos en Mercedes.<\/p>\n<p><span style=\"color: #888888;\">Fuente: MM<\/span><\/p>\n","protected":false},"excerpt":{"rendered":"<p>La Secretaria de Control Urbano de la Municipalidad de Mercedes anuncio, en conferencia de prensa, que a partir de la &#8230; <a title=\"Control Urbano profundiza las medidas de fiscalizaci\u00f3n y control\" class=\"read-more\" href=\"https:\/\/www.hoymercedes.com.ar\/principal\/2011\/11\/23\/control-urbano-profundiza-las-medidas-de-fiscalizacion-y-control\/\" aria-label=\"Leer m\u00e1s sobre Control Urbano profundiza las medidas de fiscalizaci\u00f3n y control\">Leer m\u00e1s<\/a><\/p>\n","protected":false},"author":1,"featured_media":0,"comment_status":"open","ping_status":"open","sticky":false,"template":"","format":"standard","meta":{"_monsterinsights_skip_tracking":false,"_monsterinsights_sitenote_active":false,"_monsterinsights_sitenote_note":"","_monsterinsights_sitenote_category":0,"jetpack_post_was_ever_published":false,"_jetpack_newsletter_access":"","_jetpack_dont_email_post_to_subs":false,"_jetpack_newsletter_tier_id":0,"_jetpack_memberships_contains_paywalled_content":false,"_jetpack_memberships_contains_paid_content":false,"footnotes":"","jetpack_publicize_message":"","jetpack_publicize_feature_enabled":true,"jetpack_social_post_already_shared":false,"jetpack_social_options":{"image_generator_settings":{"template":"highway","default_image_id":0,"font":"","enabled":false},"version":2},"_wpas_customize_per_network":false},"categories":[30],"tags":[1616],"class_list":["post-9309","post","type-post","status-publish","format-standard","hentry","category-municipio","tag-control-urbano","generate-columns","tablet-grid-50","mobile-grid-100","grid-parent","grid-50"],"jetpack_publicize_connections":[],"jetpack_featured_media_url":"","wps_subtitle":"","jetpack_sharing_enabled":true,"_links":{"self":[{"href":"https:\/\/www.hoymercedes.com.ar\/principal\/wp-json\/wp\/v2\/posts\/9309","targetHints":{"allow":["GET"]}}],"collection":[{"href":"https:\/\/www.hoymercedes.com.ar\/principal\/wp-json\/wp\/v2\/posts"}],"about":[{"href":"https:\/\/www.hoymercedes.com.ar\/principal\/wp-json\/wp\/v2\/types\/post"}],"author":[{"embeddable":true,"href":"https:\/\/www.hoymercedes.com.ar\/principal\/wp-json\/wp\/v2\/users\/1"}],"replies":[{"embeddable":true,"href":"https:\/\/www.hoymercedes.com.ar\/principal\/wp-json\/wp\/v2\/comments?post=9309"}],"version-history":[{"count":0,"href":"https:\/\/www.hoymercedes.com.ar\/principal\/wp-json\/wp\/v2\/posts\/9309\/revisions"}],"wp:attachment":[{"href":"https:\/\/www.hoymercedes.com.ar\/principal\/wp-json\/wp\/v2\/media?parent=9309"}],"wp:term":[{"taxonomy":"category","embeddable":true,"href":"https:\/\/www.hoymercedes.com.ar\/principal\/wp-json\/wp\/v2\/categories?post=9309"},{"taxonomy":"post_tag","embeddable":true,"href":"https:\/\/www.hoymercedes.com.ar\/principal\/wp-json\/wp\/v2\/tags?post=9309"}],"curies":[{"name":"wp","href":"https:\/\/api.w.org\/{rel}","templated":true}]}}