{"id":93108,"date":"2019-05-16T19:59:58","date_gmt":"2019-05-16T22:59:58","guid":{"rendered":"http:\/\/www.hoymercedes.com.ar\/principal\/?p=93108"},"modified":"2019-05-16T20:00:04","modified_gmt":"2019-05-16T23:00:04","slug":"trocha-gano-y-es-lider-y-quilmes-cayo-ante-el-fronton","status":"publish","type":"post","link":"https:\/\/www.hoymercedes.com.ar\/principal\/2019\/05\/16\/trocha-gano-y-es-lider-y-quilmes-cayo-ante-el-fronton\/","title":{"rendered":"Trocha gan\u00f3 y es l\u00edder y Quilmes cay\u00f3 ante El Front\u00f3n"},"content":{"rendered":"\n<p>Dos asteriscos menos para el torneo de Primera Divisi\u00f3n de la Liga Mercedina de F\u00fatbol, que este mi\u00e9rcoles por la noche tuvo el encuentro de la fecha 2 entre Trocha y Holanda, y el de la 10 entre Quilmes y El Front\u00f3n.<\/p>\n\n\n\n<p>En el primero de los encuentros gan\u00f3 la Carbonilla por 2 a 0 y se subi\u00f3 a la punta de la Zona B, siendo el \u00fanico invicto del torneo, mientras que los de San Andr\u00e9s de Giles, que todav\u00eda adeudan tres encuentros, ganaron 3 a 0 a Quilmes y permanecen en la tercera colocaci\u00f3n. <\/p>\n\n\n\n<p>En la noche de este jueves, Juventud jugar\u00e1 el adeudado de la fecha 7 ante El Tim\u00f3n de J\u00e1uregui, en un choque de rivales directos de la Zona D. Los de Suipacha vienen de vencer a Palometas 3 a 0 y volver a ser los \u00fanicos l\u00edderes, mientras que El Tim\u00f3n el \u00faltimo fin de semana derrot\u00f3 por ese marcador a Costa Brava.<\/p>\n\n\n\n<p><strong>Holanda 0:\u00a0<\/strong>Angel Moretti, Lucas Ortubia, Nicol\u00e1s D\u00edaz, Horacio Sotelo, Santiago Vaca, Jos\u00e9 Contreras, Rodrigo Colicigno, Braian Climi\u00f1o, Juli\u00e1n Vita, Lucas Ch\u00e1vez y Gast\u00f3n Lucero.\u00a0<strong>DT:<\/strong>\u00a0Jos\u00e9 Medina.\u00a0<strong>Suplentes:<\/strong>\u00a0Pablo Villaroel, Pablo Monz\u00f3n y Nicol\u00e1s Mansilla.<br><strong>Trocha 2:<\/strong>\u00a0Agust\u00edn Rodr\u00edguez, Iv\u00e1n Portillo, N\u00e9stor Curima, Ricardo Ojeda, Maximiliano Becerra, Emanuel Vel\u00e1zquez, Sebasti\u00e1n Biaggini, Lucas Gallo, Gonzalo Jaime y Jonathan Niz.\u00a0<strong>DT:<\/strong>\u00a0Juan Ignacio Men\u00e9ndez.\u00a0<strong>Suplentes:<\/strong>\u00a0Joaqu\u00edn Colicigno y Joaqu\u00edn Schenone.<br><strong>Goles:<\/strong> Emanuel Vel\u00e1zquez y Jonathan Niz para Trocha.<br><strong>Cambios:<\/strong>\u00a0Diego Duberti por Horacio Sotelo, Agust\u00edn Uboldi por Lucas Ortubia y Gustavo Morales por Rodrigo Colicigno en Holanda. Santiago Yasky por Emanuel Vel\u00e1zquez, Maximiliano Castro Ballesteros por Jonathan Niz y Juli\u00e1n Padula por Lucas Gallo en Trocha.<br><strong>Arbitro:<\/strong>\u00a0Mariano Marcelo.<\/p>\n\n\n\n<p><\/p>\n\n\n\n<p><strong>Quilmes 0:<\/strong>\u00a0Pablo Fontana, Nicol\u00e1s Mansilla, Oscar Morales, Nicol\u00e1s Gollo, Mariano Villone, Mariano Carretero, Lucas Nocetti, Nicol\u00e1s Loza, Jonathan L\u00f3pez, Nicol\u00e1s Paniagua y Mat\u00edas Uviz.\u00a0<strong>DT:<\/strong>\u00a0Cristian Coccaro.\u00a0<strong>Suplentes:<\/strong>\u00a0Mateo Miranda, Francisco Dabove y Joaqu\u00edn Dabove.<br><strong>El Front\u00f3n 3:<\/strong>\u00a0Mat\u00edas Roncoroni, Nicol\u00e1s Randazzo, Joaqu\u00edn Prizzi, Juan Ocampo, Aldo Pissinis, Pablo D\u00edaz, Sergio G\u00f3mez, Francisco Tallarico, Joaqu\u00edn Casado, Agust\u00edn De La Cuesta y Santiago Crosetti.\u00a0<strong>DT:<\/strong>\u00a0Germ\u00e1n Stopiello.\u00a0<strong>Suplentes:<\/strong>\u00a0Mateo Valli, Santiago Geynor, Joaqu\u00edn Botana e Ignacio Leiva.<br><strong>Goles: <\/strong>Santiago Crosetti (2) y Joaqu\u00edn Casado para El Front\u00f3n.<br><strong>Cambios:<\/strong>\u00a0Agust\u00edn Ghessi por Aldo Pissinis, Jos\u00e9 Mansilla por Sergio G\u00f3mez y Jonathan Ferretty por Agust\u00edn De La Cuesta en El Front\u00f3n. Agust\u00edn Cobello por Lucas Nocetti,\u00a0 El\u00edas Mu\u00f1oz por Oscar Morales y Juan Cruz por Nicol\u00e1s Mansilla en Quilmes.<br><strong>Arbitro:<\/strong>\u00a0Luis L\u00f3pez <\/p>\n\n\n\n<figure class=\"wp-block-image\"><img loading=\"lazy\" decoding=\"async\" width=\"646\" height=\"772\" data-attachment-id=\"93109\" data-permalink=\"https:\/\/www.hoymercedes.com.ar\/principal\/2019\/05\/16\/trocha-gano-y-es-lider-y-quilmes-cayo-ante-el-fronton\/primera-liga-pos-6-2\/#main\" data-orig-file=\"https:\/\/www.hoymercedes.com.ar\/principal\/wp-content\/uploads\/2019\/05\/PRIMERA-LIGA-POS-6.png\" data-orig-size=\"646,772\" data-comments-opened=\"0\" data-image-meta=\"{&quot;aperture&quot;:&quot;0&quot;,&quot;credit&quot;:&quot;&quot;,&quot;camera&quot;:&quot;&quot;,&quot;caption&quot;:&quot;&quot;,&quot;created_timestamp&quot;:&quot;0&quot;,&quot;copyright&quot;:&quot;&quot;,&quot;focal_length&quot;:&quot;0&quot;,&quot;iso&quot;:&quot;0&quot;,&quot;shutter_speed&quot;:&quot;0&quot;,&quot;title&quot;:&quot;&quot;,&quot;orientation&quot;:&quot;0&quot;}\" data-image-title=\"PRIMERA-LIGA-POS-6\" data-image-description=\"\" data-image-caption=\"\" data-large-file=\"https:\/\/www.hoymercedes.com.ar\/principal\/wp-content\/uploads\/2019\/05\/PRIMERA-LIGA-POS-6.png\" src=\"https:\/\/www.hoymercedes.com.ar\/principal\/wp-content\/uploads\/2019\/05\/PRIMERA-LIGA-POS-6.png\" alt=\"\" class=\"wp-image-93109\" srcset=\"https:\/\/www.hoymercedes.com.ar\/principal\/wp-content\/uploads\/2019\/05\/PRIMERA-LIGA-POS-6.png 646w, https:\/\/www.hoymercedes.com.ar\/principal\/wp-content\/uploads\/2019\/05\/PRIMERA-LIGA-POS-6-126x150.png 126w, https:\/\/www.hoymercedes.com.ar\/principal\/wp-content\/uploads\/2019\/05\/PRIMERA-LIGA-POS-6-519x620.png 519w\" sizes=\"auto, (max-width: 646px) 100vw, 646px\" \/><\/figure>\n\n\n\n<p> <\/p>\n","protected":false},"excerpt":{"rendered":"<p>Dos asteriscos menos para el torneo de Primera Divisi\u00f3n de la Liga Mercedina de F\u00fatbol, que este mi\u00e9rcoles por la &#8230; <a title=\"Trocha gan\u00f3 y es l\u00edder y Quilmes cay\u00f3 ante El Front\u00f3n\" class=\"read-more\" href=\"https:\/\/www.hoymercedes.com.ar\/principal\/2019\/05\/16\/trocha-gano-y-es-lider-y-quilmes-cayo-ante-el-fronton\/\" aria-label=\"Leer m\u00e1s sobre Trocha gan\u00f3 y es l\u00edder y Quilmes cay\u00f3 ante El Front\u00f3n\">Leer m\u00e1s<\/a><\/p>\n","protected":false},"author":1,"featured_media":93109,"comment_status":"closed","ping_status":"open","sticky":false,"template":"","format":"standard","meta":{"_monsterinsights_skip_tracking":false,"_monsterinsights_sitenote_active":false,"_monsterinsights_sitenote_note":"","_monsterinsights_sitenote_category":0,"jetpack_post_was_ever_published":false,"_jetpack_newsletter_access":"","_jetpack_dont_email_post_to_subs":false,"_jetpack_newsletter_tier_id":0,"_jetpack_memberships_contains_paywalled_content":false,"_jetpack_memberships_contains_paid_content":false,"footnotes":"","jetpack_publicize_message":"","jetpack_publicize_feature_enabled":true,"jetpack_social_post_already_shared":true,"jetpack_social_options":{"image_generator_settings":{"template":"highway","default_image_id":0,"font":"","enabled":false},"version":2},"_wpas_customize_per_network":false},"categories":[21],"tags":[],"class_list":["post-93108","post","type-post","status-publish","format-standard","has-post-thumbnail","hentry","category-deportes","generate-columns","tablet-grid-50","mobile-grid-100","grid-parent","grid-50"],"jetpack_publicize_connections":[],"jetpack_featured_media_url":"https:\/\/www.hoymercedes.com.ar\/principal\/wp-content\/uploads\/2019\/05\/PRIMERA-LIGA-POS-6.png","wps_subtitle":"Liga Mercedina","jetpack_sharing_enabled":true,"_links":{"self":[{"href":"https:\/\/www.hoymercedes.com.ar\/principal\/wp-json\/wp\/v2\/posts\/93108","targetHints":{"allow":["GET"]}}],"collection":[{"href":"https:\/\/www.hoymercedes.com.ar\/principal\/wp-json\/wp\/v2\/posts"}],"about":[{"href":"https:\/\/www.hoymercedes.com.ar\/principal\/wp-json\/wp\/v2\/types\/post"}],"author":[{"embeddable":true,"href":"https:\/\/www.hoymercedes.com.ar\/principal\/wp-json\/wp\/v2\/users\/1"}],"replies":[{"embeddable":true,"href":"https:\/\/www.hoymercedes.com.ar\/principal\/wp-json\/wp\/v2\/comments?post=93108"}],"version-history":[{"count":0,"href":"https:\/\/www.hoymercedes.com.ar\/principal\/wp-json\/wp\/v2\/posts\/93108\/revisions"}],"wp:featuredmedia":[{"embeddable":true,"href":"https:\/\/www.hoymercedes.com.ar\/principal\/wp-json\/wp\/v2\/media\/93109"}],"wp:attachment":[{"href":"https:\/\/www.hoymercedes.com.ar\/principal\/wp-json\/wp\/v2\/media?parent=93108"}],"wp:term":[{"taxonomy":"category","embeddable":true,"href":"https:\/\/www.hoymercedes.com.ar\/principal\/wp-json\/wp\/v2\/categories?post=93108"},{"taxonomy":"post_tag","embeddable":true,"href":"https:\/\/www.hoymercedes.com.ar\/principal\/wp-json\/wp\/v2\/tags?post=93108"}],"curies":[{"name":"wp","href":"https:\/\/api.w.org\/{rel}","templated":true}]}}