{"id":9312,"date":"2011-11-24T11:27:56","date_gmt":"2011-11-24T11:27:56","guid":{"rendered":"http:\/\/www.hoymercedes.com.ar\/principal\/?p=9312"},"modified":"2011-11-24T11:27:56","modified_gmt":"2011-11-24T11:27:56","slug":"violencia-lo-que-todos-deben-conocer","status":"publish","type":"post","link":"https:\/\/www.hoymercedes.com.ar\/principal\/2011\/11\/24\/violencia-lo-que-todos-deben-conocer\/","title":{"rendered":"Violencia, lo que todos deben conocer"},"content":{"rendered":"<p>Desde el \u00e1rea municipal que atiende las cuestiones referidas a violencia, especialmente de g\u00e9nero, distribuyen el siguiente esquema de datos b\u00e1sicos que debemos tener presente en caso de padecer alguna situaci\u00f3n en relaci\u00f3n al d\u00eda internacional de la Lucha Contra la Violencia de G\u00e9nero que ser\u00e1 el pr\u00f3ximo viernes 25 de noviembre.<\/p>\n<p><strong>Info:\u00a0<\/strong><\/p>\n<p>SABIAS QUE\u2026\u2026\u2026\u2026..<\/p>\n<p>Ning\u00fan ser humano merece ser maltratado ni golpeado,<\/p>\n<p>que la violencia es incompatible con la estructura familiar,<\/p>\n<p>que nadie debe vivir con miedo, lastimado, insultado o amenazado dentro de su propia familia.<\/p>\n<p>Que entre las herramientas con que contamos para afrontar<\/p>\n<p>LA VIOLENCIA se encuentra la ley.<\/p>\n<p>En nuestro pa\u00eds, contamos con la ley 12.569 que define a la violencia familiar, como toda acci\u00f3n, omisi\u00f3n, abuso que afecte tanto la integridad f\u00edsica, ps\u00edquica, moral o sexual de una persona dentro del \u00e1mbito familiar aunque no configure un delito.<\/p>\n<p>Que todos los que sufren violencia en el \u00e1mbito de sus familias pueden denunciarla.<\/p>\n<p>Para ello:<\/p>\n<p>Dirigirse a la Comisar\u00eda o a la Fiscal\u00eda de turno, en cualquier horario, en la Comisar\u00eda funciona el Gabinete del Menor y la Familia, a cargo de oficiales mujeres qui\u00e9nes se encuentran destinadas para la atenci\u00f3n espec\u00edfica de estos casos.<\/p>\n<p>Tambi\u00e9n puede realizar la denuncia toda persona que haya tomado conocimiento de los hechos de violencia.<\/p>\n<p>Cuando la v\u00edctima es un menor de edad, anciano, discapacitado:<\/p>\n<p>Tienen obligaci\u00f3n de hacer la denuncia qui\u00e9nes est\u00e9n al cuidado de los mismos, sus familiares o los organismos p\u00fablicos o privados que tomen conocimiento de la situaci\u00f3n de violencia familiar.<\/p>\n<p>La denuncia debe ser recibida siempre, aunque no existan lesiones<\/p>\n<p>la ley reconoce tambi\u00e9n como actos de violencia familiar los insultos, el maltrato, la violencia ps\u00edquica, el sometimiento, el abuso, etc.<\/p>\n<p>Departamento de Asistencia a la Victima de la Violencia, Direcci\u00f3n de Salud, de la Municipalidad de Mercedes, T.E. 420864-434999-<\/p>\n<p>Cristina Solana &#8211; Abogada<\/p>\n","protected":false},"excerpt":{"rendered":"<p>Desde el \u00e1rea municipal que atiende las cuestiones referidas a violencia, especialmente de g\u00e9nero, distribuyen el siguiente esquema de datos &#8230; <a title=\"Violencia, lo que todos deben conocer\" class=\"read-more\" href=\"https:\/\/www.hoymercedes.com.ar\/principal\/2011\/11\/24\/violencia-lo-que-todos-deben-conocer\/\" aria-label=\"Leer m\u00e1s sobre Violencia, lo que todos deben conocer\">Leer m\u00e1s<\/a><\/p>\n","protected":false},"author":1,"featured_media":0,"comment_status":"open","ping_status":"open","sticky":false,"template":"","format":"standard","meta":{"_monsterinsights_skip_tracking":false,"_monsterinsights_sitenote_active":false,"_monsterinsights_sitenote_note":"","_monsterinsights_sitenote_category":0,"jetpack_post_was_ever_published":false,"_jetpack_newsletter_access":"","_jetpack_dont_email_post_to_subs":false,"_jetpack_newsletter_tier_id":0,"_jetpack_memberships_contains_paywalled_content":false,"_jetpack_memberships_contains_paid_content":false,"footnotes":"","jetpack_publicize_message":"","jetpack_publicize_feature_enabled":true,"jetpack_social_post_already_shared":false,"jetpack_social_options":{"image_generator_settings":{"template":"highway","default_image_id":0,"font":"","enabled":false},"version":2},"_wpas_customize_per_network":false},"categories":[8],"tags":[1475],"class_list":["post-9312","post","type-post","status-publish","format-standard","hentry","category-sociedad","tag-violencia-de-genero","generate-columns","tablet-grid-50","mobile-grid-100","grid-parent","grid-50"],"jetpack_publicize_connections":[],"jetpack_featured_media_url":"","wps_subtitle":"","jetpack_sharing_enabled":true,"_links":{"self":[{"href":"https:\/\/www.hoymercedes.com.ar\/principal\/wp-json\/wp\/v2\/posts\/9312","targetHints":{"allow":["GET"]}}],"collection":[{"href":"https:\/\/www.hoymercedes.com.ar\/principal\/wp-json\/wp\/v2\/posts"}],"about":[{"href":"https:\/\/www.hoymercedes.com.ar\/principal\/wp-json\/wp\/v2\/types\/post"}],"author":[{"embeddable":true,"href":"https:\/\/www.hoymercedes.com.ar\/principal\/wp-json\/wp\/v2\/users\/1"}],"replies":[{"embeddable":true,"href":"https:\/\/www.hoymercedes.com.ar\/principal\/wp-json\/wp\/v2\/comments?post=9312"}],"version-history":[{"count":0,"href":"https:\/\/www.hoymercedes.com.ar\/principal\/wp-json\/wp\/v2\/posts\/9312\/revisions"}],"wp:attachment":[{"href":"https:\/\/www.hoymercedes.com.ar\/principal\/wp-json\/wp\/v2\/media?parent=9312"}],"wp:term":[{"taxonomy":"category","embeddable":true,"href":"https:\/\/www.hoymercedes.com.ar\/principal\/wp-json\/wp\/v2\/categories?post=9312"},{"taxonomy":"post_tag","embeddable":true,"href":"https:\/\/www.hoymercedes.com.ar\/principal\/wp-json\/wp\/v2\/tags?post=9312"}],"curies":[{"name":"wp","href":"https:\/\/api.w.org\/{rel}","templated":true}]}}