{"id":93123,"date":"2019-05-17T09:53:03","date_gmt":"2019-05-17T12:53:03","guid":{"rendered":"http:\/\/www.hoymercedes.com.ar\/principal\/?p=93123"},"modified":"2019-05-17T15:13:07","modified_gmt":"2019-05-17T18:13:07","slug":"investigan-estafa-piramidal-en-25-de-mayo","status":"publish","type":"post","link":"https:\/\/www.hoymercedes.com.ar\/principal\/2019\/05\/17\/investigan-estafa-piramidal-en-25-de-mayo\/","title":{"rendered":"Investigan estafa piramidal en 25 de Mayo"},"content":{"rendered":"\n<p>Esta semana sali\u00f3 a la luz un hecho delictivo que afect\u00f3 a un importante n\u00famero de vecinos de la localidad de 25 de Mayo. Una mujer mayor de edad\u2013 que est\u00e1 siendo investigada como autora de los m\u00faltiples hechos \u2013 habr\u00eda estafado a un importante n\u00famero de vecinos y dado a la fuga.<\/p>\n\n\n\n<p>Por la causa, que fue caratulada como \u201cEstafas Reiteradas\u201d, con intervenci\u00f3n de la UFIJ N.\u00ba 2 a cargo del doctor Sebasti\u00e1n Villalba se est\u00e1 realizando un trabajo coordinado con la polic\u00eda de la localidad, la Ayudant\u00eda Fiscal y la Fiscal\u00eda del Departamento Judicial Mercedes. <\/p>\n\n\n\n<figure class=\"wp-block-image\"><img loading=\"lazy\" decoding=\"async\" width=\"750\" height=\"500\" data-attachment-id=\"93125\" data-permalink=\"https:\/\/www.hoymercedes.com.ar\/principal\/2019\/05\/17\/investigan-estafa-piramidal-en-25-de-mayo\/17-comisaria-25-de-mayo\/#main\" data-orig-file=\"https:\/\/www.hoymercedes.com.ar\/principal\/wp-content\/uploads\/2019\/05\/17-Comisaria-25-de-Mayo.jpg\" data-orig-size=\"750,500\" data-comments-opened=\"0\" data-image-meta=\"{&quot;aperture&quot;:&quot;0&quot;,&quot;credit&quot;:&quot;&quot;,&quot;camera&quot;:&quot;&quot;,&quot;caption&quot;:&quot;&quot;,&quot;created_timestamp&quot;:&quot;0&quot;,&quot;copyright&quot;:&quot;&quot;,&quot;focal_length&quot;:&quot;0&quot;,&quot;iso&quot;:&quot;0&quot;,&quot;shutter_speed&quot;:&quot;0&quot;,&quot;title&quot;:&quot;&quot;,&quot;orientation&quot;:&quot;0&quot;}\" data-image-title=\"17 Comisaria-25-de-Mayo\" data-image-description=\"\" data-image-caption=\"\" data-large-file=\"https:\/\/www.hoymercedes.com.ar\/principal\/wp-content\/uploads\/2019\/05\/17-Comisaria-25-de-Mayo.jpg\" src=\"https:\/\/www.hoymercedes.com.ar\/principal\/wp-content\/uploads\/2019\/05\/17-Comisaria-25-de-Mayo.jpg\" alt=\"\" class=\"wp-image-93125\" srcset=\"https:\/\/www.hoymercedes.com.ar\/principal\/wp-content\/uploads\/2019\/05\/17-Comisaria-25-de-Mayo.jpg 750w, https:\/\/www.hoymercedes.com.ar\/principal\/wp-content\/uploads\/2019\/05\/17-Comisaria-25-de-Mayo-150x100.jpg 150w, https:\/\/www.hoymercedes.com.ar\/principal\/wp-content\/uploads\/2019\/05\/17-Comisaria-25-de-Mayo-630x420.jpg 630w, https:\/\/www.hoymercedes.com.ar\/principal\/wp-content\/uploads\/2019\/05\/17-Comisaria-25-de-Mayo-720x480.jpg 720w, https:\/\/www.hoymercedes.com.ar\/principal\/wp-content\/uploads\/2019\/05\/17-Comisaria-25-de-Mayo-360x240.jpg 360w\" sizes=\"auto, (max-width: 750px) 100vw, 750px\" \/><\/figure>\n\n\n\n<p>En ese sentido se est\u00e1n analizando los cuantiosos testimonios aportados por las v\u00edctimas, y se han solicitado pedidos de informes y dem\u00e1s elementos de inter\u00e9s para la investigaci\u00f3n, a fin de poder instar la intervenci\u00f3n judicial sobre el caso. <\/p>\n\n\n\n<p>De acuerdo a lo que los investigadores han podido determinar, desde el mes de abril del corriente, la imputada comenz\u00f3 a llevar a cabo una maniobra de estafas que redund\u00f3 en un cuantioso prejuicio econ\u00f3mico para un importante n\u00famero de vecinos de la localidad de 25 de Mayo.<\/p>\n\n\n\n<p>El modus operandi utilizado, era el de recibir dinero de parte de las v\u00edctimas por un plazo preestablecido, y una vez finalizado el mismo presuntamente devolv\u00edan la suma \u201cdepositada\u201d m\u00e1s un inter\u00e9s que oscilaba entre un 20% y un 40% por sobre el monto \u201cinvertido\u201d. Vale destacar que se trata de la promesa de m\u00e1rgenes de ganancia muy superiores a los ofrecidos en operaciones bancarizadas de esta misma naturaleza. <\/p>\n\n\n\n<p>Vali\u00e9ndose de diferentes estrategias, mostraban solvencia en las operaciones por lo que comerciantes y vecinos de la zona, a los que les cumplieron inicialmente de forma satisfactoria con lo acordado brindaron seguridades de respaldo \u2013 no solo continuaban las operaciones sino que oficiaban de captadores de m\u00e1s depositantes.<\/p>\n\n\n\n<p>Al poco tiempo de comenzar con el despliegue del mecanismo, y tras haber logrado un importante caudal de personas que les entregaron sumas de dinero, esta mujer no s\u00f3lo no devolvi\u00f3 las sumas de dinero recibidas ni los intereses que hab\u00edan prometido sino que, adem\u00e1s, se habr\u00eda fugado de 25 de Mayo.<\/p>\n\n\n\n<figure class=\"wp-block-image\"><img loading=\"lazy\" decoding=\"async\" width=\"740\" height=\"494\" data-attachment-id=\"93124\" data-permalink=\"https:\/\/www.hoymercedes.com.ar\/principal\/2019\/05\/17\/investigan-estafa-piramidal-en-25-de-mayo\/17-25-de-mayo\/#main\" data-orig-file=\"https:\/\/www.hoymercedes.com.ar\/principal\/wp-content\/uploads\/2019\/05\/17-25-de-Mayo.jpg\" data-orig-size=\"740,494\" data-comments-opened=\"0\" data-image-meta=\"{&quot;aperture&quot;:&quot;0&quot;,&quot;credit&quot;:&quot;&quot;,&quot;camera&quot;:&quot;&quot;,&quot;caption&quot;:&quot;&quot;,&quot;created_timestamp&quot;:&quot;0&quot;,&quot;copyright&quot;:&quot;&quot;,&quot;focal_length&quot;:&quot;0&quot;,&quot;iso&quot;:&quot;0&quot;,&quot;shutter_speed&quot;:&quot;0&quot;,&quot;title&quot;:&quot;&quot;,&quot;orientation&quot;:&quot;0&quot;}\" data-image-title=\"17 25-de-Mayo\" data-image-description=\"\" data-image-caption=\"\" data-large-file=\"https:\/\/www.hoymercedes.com.ar\/principal\/wp-content\/uploads\/2019\/05\/17-25-de-Mayo.jpg\" src=\"https:\/\/www.hoymercedes.com.ar\/principal\/wp-content\/uploads\/2019\/05\/17-25-de-Mayo.jpg\" alt=\"\" class=\"wp-image-93124\" srcset=\"https:\/\/www.hoymercedes.com.ar\/principal\/wp-content\/uploads\/2019\/05\/17-25-de-Mayo.jpg 740w, https:\/\/www.hoymercedes.com.ar\/principal\/wp-content\/uploads\/2019\/05\/17-25-de-Mayo-150x100.jpg 150w, https:\/\/www.hoymercedes.com.ar\/principal\/wp-content\/uploads\/2019\/05\/17-25-de-Mayo-630x421.jpg 630w, https:\/\/www.hoymercedes.com.ar\/principal\/wp-content\/uploads\/2019\/05\/17-25-de-Mayo-720x480.jpg 720w, https:\/\/www.hoymercedes.com.ar\/principal\/wp-content\/uploads\/2019\/05\/17-25-de-Mayo-360x240.jpg 360w\" sizes=\"auto, (max-width: 740px) 100vw, 740px\" \/><\/figure>\n\n\n\n<p>Desde la Fiscal\u00eda se est\u00e1n adoptando diversas medidas y se solicit\u00f3 la intervenci\u00f3n del Juzgado de Garant\u00edas N.\u00ba 3 de Mercedes.<\/p>\n\n\n\n<p>Por su parte, los vecinos de la localidad de 25 de Mayo que radicaron la denuncia protestaron en la plaza principal de la ciudad para reclamar pronta resoluci\u00f3n de la investigaci\u00f3n. <\/p>\n\n\n\n<p>Fotograf\u00edas: 25Digitla.com.ar<\/p>\n\n\n\n<p>Colaboraci\u00f3n: Fiscal\u00eda General Departamento Judicial Mercedes<\/p>\n\n\n\n<p><\/p>\n","protected":false},"excerpt":{"rendered":"<p>Esta semana sali\u00f3 a la luz un hecho delictivo que afect\u00f3 a un importante n\u00famero de vecinos de la localidad &#8230; <a title=\"Investigan estafa piramidal en 25 de Mayo\" class=\"read-more\" href=\"https:\/\/www.hoymercedes.com.ar\/principal\/2019\/05\/17\/investigan-estafa-piramidal-en-25-de-mayo\/\" aria-label=\"Leer m\u00e1s sobre Investigan estafa piramidal en 25 de Mayo\">Leer m\u00e1s<\/a><\/p>\n","protected":false},"author":1,"featured_media":93125,"comment_status":"closed","ping_status":"open","sticky":false,"template":"","format":"standard","meta":{"_monsterinsights_skip_tracking":false,"_monsterinsights_sitenote_active":false,"_monsterinsights_sitenote_note":"","_monsterinsights_sitenote_category":0,"jetpack_post_was_ever_published":false,"_jetpack_newsletter_access":"","_jetpack_dont_email_post_to_subs":false,"_jetpack_newsletter_tier_id":0,"_jetpack_memberships_contains_paywalled_content":false,"_jetpack_memberships_contains_paid_content":false,"footnotes":"","jetpack_publicize_message":"","jetpack_publicize_feature_enabled":true,"jetpack_social_post_already_shared":true,"jetpack_social_options":{"image_generator_settings":{"template":"highway","default_image_id":0,"font":"","enabled":false},"version":2},"_wpas_customize_per_network":false},"categories":[85],"tags":[799,15089,15088,96,1057],"class_list":["post-93123","post","type-post","status-publish","format-standard","has-post-thumbnail","hentry","category-policial","tag-25-de-mayo","tag-estafa-piramidal","tag-infestigacion","tag-policial-2","tag-regional","generate-columns","tablet-grid-50","mobile-grid-100","grid-parent","grid-50"],"jetpack_publicize_connections":[],"jetpack_featured_media_url":"https:\/\/www.hoymercedes.com.ar\/principal\/wp-content\/uploads\/2019\/05\/17-Comisaria-25-de-Mayo.jpg","wps_subtitle":"","jetpack_sharing_enabled":true,"_links":{"self":[{"href":"https:\/\/www.hoymercedes.com.ar\/principal\/wp-json\/wp\/v2\/posts\/93123","targetHints":{"allow":["GET"]}}],"collection":[{"href":"https:\/\/www.hoymercedes.com.ar\/principal\/wp-json\/wp\/v2\/posts"}],"about":[{"href":"https:\/\/www.hoymercedes.com.ar\/principal\/wp-json\/wp\/v2\/types\/post"}],"author":[{"embeddable":true,"href":"https:\/\/www.hoymercedes.com.ar\/principal\/wp-json\/wp\/v2\/users\/1"}],"replies":[{"embeddable":true,"href":"https:\/\/www.hoymercedes.com.ar\/principal\/wp-json\/wp\/v2\/comments?post=93123"}],"version-history":[{"count":0,"href":"https:\/\/www.hoymercedes.com.ar\/principal\/wp-json\/wp\/v2\/posts\/93123\/revisions"}],"wp:featuredmedia":[{"embeddable":true,"href":"https:\/\/www.hoymercedes.com.ar\/principal\/wp-json\/wp\/v2\/media\/93125"}],"wp:attachment":[{"href":"https:\/\/www.hoymercedes.com.ar\/principal\/wp-json\/wp\/v2\/media?parent=93123"}],"wp:term":[{"taxonomy":"category","embeddable":true,"href":"https:\/\/www.hoymercedes.com.ar\/principal\/wp-json\/wp\/v2\/categories?post=93123"},{"taxonomy":"post_tag","embeddable":true,"href":"https:\/\/www.hoymercedes.com.ar\/principal\/wp-json\/wp\/v2\/tags?post=93123"}],"curies":[{"name":"wp","href":"https:\/\/api.w.org\/{rel}","templated":true}]}}