{"id":93127,"date":"2019-05-17T13:13:11","date_gmt":"2019-05-17T16:13:11","guid":{"rendered":"http:\/\/www.hoymercedes.com.ar\/principal\/?p=93127"},"modified":"2019-05-17T15:30:42","modified_gmt":"2019-05-17T18:30:42","slug":"mil-encuentros-en-la-manana-de-universo","status":"publish","type":"post","link":"https:\/\/www.hoymercedes.com.ar\/principal\/2019\/05\/17\/mil-encuentros-en-la-manana-de-universo\/","title":{"rendered":"Mil Encuentros en la ma\u00f1ana de Universo"},"content":{"rendered":"\n<p>La radio mercedina est\u00e1 de festejo. El programa Encuentro que todas las ma\u00f1anas conduce Oscar Pozzi por FM Universo celebr\u00f3 las primeras Mil Emisiones. Mil ma\u00f1anas compartiendo con los oyentes por la radio 93,1 de la frecuencia modulada de Mercedes. <\/p>\n\n\n\n<figure class=\"wp-block-image\"><img loading=\"lazy\" decoding=\"async\" width=\"750\" height=\"422\" data-attachment-id=\"93128\" data-permalink=\"https:\/\/www.hoymercedes.com.ar\/principal\/2019\/05\/17\/mil-encuentros-en-la-manana-de-universo\/17-encuentro-universo\/#main\" data-orig-file=\"https:\/\/www.hoymercedes.com.ar\/principal\/wp-content\/uploads\/2019\/05\/17-Encuentro-universo.jpg\" data-orig-size=\"750,422\" data-comments-opened=\"0\" data-image-meta=\"{&quot;aperture&quot;:&quot;0&quot;,&quot;credit&quot;:&quot;&quot;,&quot;camera&quot;:&quot;&quot;,&quot;caption&quot;:&quot;&quot;,&quot;created_timestamp&quot;:&quot;0&quot;,&quot;copyright&quot;:&quot;&quot;,&quot;focal_length&quot;:&quot;0&quot;,&quot;iso&quot;:&quot;0&quot;,&quot;shutter_speed&quot;:&quot;0&quot;,&quot;title&quot;:&quot;&quot;,&quot;orientation&quot;:&quot;0&quot;}\" data-image-title=\"17 Encuentro universo\" data-image-description=\"\" data-image-caption=\"\" data-large-file=\"https:\/\/www.hoymercedes.com.ar\/principal\/wp-content\/uploads\/2019\/05\/17-Encuentro-universo.jpg\" src=\"https:\/\/www.hoymercedes.com.ar\/principal\/wp-content\/uploads\/2019\/05\/17-Encuentro-universo.jpg\" alt=\"\" class=\"wp-image-93128\" srcset=\"https:\/\/www.hoymercedes.com.ar\/principal\/wp-content\/uploads\/2019\/05\/17-Encuentro-universo.jpg 750w, https:\/\/www.hoymercedes.com.ar\/principal\/wp-content\/uploads\/2019\/05\/17-Encuentro-universo-150x84.jpg 150w, https:\/\/www.hoymercedes.com.ar\/principal\/wp-content\/uploads\/2019\/05\/17-Encuentro-universo-630x354.jpg 630w\" sizes=\"auto, (max-width: 750px) 100vw, 750px\" \/><\/figure>\n\n\n\n<p>La producci\u00f3n general y locuci\u00f3n de Oscar Pozzi,  con Ursula Ayala, Fernando Ense\u00f1at,Pablo Pauli, Gabriel Saborido y la participacion en los micros de salud de los d\u00edas martes del Dr. N\u00e9stor Pisapia, festej\u00f3 en la ma\u00f1ana de este viernes con muchos invitados que pasaron por el estudio radial de FM Universo o a trav\u00e9s del m\u00f3vil saludando y felicitando al equipo de periodistas que transmite de 8 a 12 horas de lunes a viernes por FM 93,1. <\/p>\n\n\n\n<p>Desde Hoy Mercedes, felicitamos a todo el equipo y les deseamos un mill\u00f3n m\u00e1s de emisiones radiales compartiendo noticias, informaciones, celebraciones de cumplea\u00f1os de los oyentes, entrevistas, m\u00fasica, opiniones y comentarios de los periodistas del equipo y del p\u00fablico que todas las ma\u00f1anas se engancha al Encuentro. <\/p>\n\n\n\n<p><\/p>\n","protected":false},"excerpt":{"rendered":"<p>La radio mercedina est\u00e1 de festejo. El programa Encuentro que todas las ma\u00f1anas conduce Oscar Pozzi por FM Universo celebr\u00f3 &#8230; <a title=\"Mil Encuentros en la ma\u00f1ana de Universo\" class=\"read-more\" href=\"https:\/\/www.hoymercedes.com.ar\/principal\/2019\/05\/17\/mil-encuentros-en-la-manana-de-universo\/\" aria-label=\"Leer m\u00e1s sobre Mil Encuentros en la ma\u00f1ana de Universo\">Leer m\u00e1s<\/a><\/p>\n","protected":false},"author":1,"featured_media":93128,"comment_status":"closed","ping_status":"open","sticky":false,"template":"","format":"standard","meta":{"_monsterinsights_skip_tracking":false,"_monsterinsights_sitenote_active":false,"_monsterinsights_sitenote_note":"","_monsterinsights_sitenote_category":0,"jetpack_post_was_ever_published":false,"_jetpack_newsletter_access":"","_jetpack_dont_email_post_to_subs":false,"_jetpack_newsletter_tier_id":0,"_jetpack_memberships_contains_paywalled_content":false,"_jetpack_memberships_contains_paid_content":false,"footnotes":"","jetpack_publicize_message":"","jetpack_publicize_feature_enabled":true,"jetpack_social_post_already_shared":true,"jetpack_social_options":{"image_generator_settings":{"template":"highway","default_image_id":0,"font":"","enabled":false},"version":2},"_wpas_customize_per_network":false},"categories":[104],"tags":[8829,2538,15090,9219],"class_list":["post-93127","post","type-post","status-publish","format-standard","has-post-thumbnail","hentry","category-cultura","tag-aniversario","tag-encuentro","tag-fm-universo","tag-radio","generate-columns","tablet-grid-50","mobile-grid-100","grid-parent","grid-50"],"jetpack_publicize_connections":[],"jetpack_featured_media_url":"https:\/\/www.hoymercedes.com.ar\/principal\/wp-content\/uploads\/2019\/05\/17-Encuentro-universo.jpg","wps_subtitle":"Festejo en los medios locales","jetpack_sharing_enabled":true,"_links":{"self":[{"href":"https:\/\/www.hoymercedes.com.ar\/principal\/wp-json\/wp\/v2\/posts\/93127","targetHints":{"allow":["GET"]}}],"collection":[{"href":"https:\/\/www.hoymercedes.com.ar\/principal\/wp-json\/wp\/v2\/posts"}],"about":[{"href":"https:\/\/www.hoymercedes.com.ar\/principal\/wp-json\/wp\/v2\/types\/post"}],"author":[{"embeddable":true,"href":"https:\/\/www.hoymercedes.com.ar\/principal\/wp-json\/wp\/v2\/users\/1"}],"replies":[{"embeddable":true,"href":"https:\/\/www.hoymercedes.com.ar\/principal\/wp-json\/wp\/v2\/comments?post=93127"}],"version-history":[{"count":0,"href":"https:\/\/www.hoymercedes.com.ar\/principal\/wp-json\/wp\/v2\/posts\/93127\/revisions"}],"wp:featuredmedia":[{"embeddable":true,"href":"https:\/\/www.hoymercedes.com.ar\/principal\/wp-json\/wp\/v2\/media\/93128"}],"wp:attachment":[{"href":"https:\/\/www.hoymercedes.com.ar\/principal\/wp-json\/wp\/v2\/media?parent=93127"}],"wp:term":[{"taxonomy":"category","embeddable":true,"href":"https:\/\/www.hoymercedes.com.ar\/principal\/wp-json\/wp\/v2\/categories?post=93127"},{"taxonomy":"post_tag","embeddable":true,"href":"https:\/\/www.hoymercedes.com.ar\/principal\/wp-json\/wp\/v2\/tags?post=93127"}],"curies":[{"name":"wp","href":"https:\/\/api.w.org\/{rel}","templated":true}]}}